{"id":36644,"date":"2025-01-21T01:46:27","date_gmt":"2025-01-21T00:46:27","guid":{"rendered":"https:\/\/www.lintelligentdabidjan.info\/news\/?p=36644"},"modified":"2025-01-21T06:34:10","modified_gmt":"2025-01-21T05:34:10","slug":"jean-gervais-tcheide-sg-ppa-ci-aux-populations-du-grand-morie-le-nom-de-gbagbo-laurent-sera-inscrit-sur-la-liste-electorale","status":"publish","type":"post","link":"https:\/\/www.lintelligentdabidjan.info\/news\/jean-gervais-tcheide-sg-ppa-ci-aux-populations-du-grand-morie-le-nom-de-gbagbo-laurent-sera-inscrit-sur-la-liste-electorale\/","title":{"rendered":"Jean Gervais Tch\u00e9id\u00e9 , SG PPA-CI aux populations du Grand-Mori\u00e9:  \u00ab Le nom de Gbagbo Laurent sera inscrit sur la liste \u00e9lectorale \u00bb"},"content":{"rendered":"<p><em><strong>\u00ab Le nom de Gbagbo Laurent sera inscrit sur la liste \u00e9lectorale \u00bb, a dit Jean Gervais Tch\u00e9id\u00e9 , SG PPA-CI aux populations du Grand-Mori\u00e9:<\/strong><\/em><\/p>\n<p>Le Parti  des peuples africains-C\u00f4te d\u2019Ivoire (PPA-CI )   a organis\u00e9 un meeting \u00e0 Grand-Mori\u00e9 dans la sous-pr\u00e9fecture d\u2019Agboville , le samedi 18 janvier 2025, en vue de l\u2019\u00e9lection pr\u00e9vue pour octobre de la m\u00eame ann\u00e9e. L&#8217;\u00e9v\u00e9nement, marqu\u00e9 par la pr\u00e9sence de   Jean Gervais Tch\u00e9id\u00e9 , Secr\u00e9taire g\u00e9n\u00e9ral  du parti de l&#8217;ex-pr\u00e9sident Laurent Gbagbo, a rassembl\u00e9 de nombreux militants.<\/p>\n<p>Apr\u00e8s plusieurs interventions, le Secr\u00e9taire g\u00e9n\u00e9ral  Jean Gervais Tch\u00e9id\u00e9 a cl\u00f4tur\u00e9 les prises de parole  en ces termes  :<\/p>\n<p> \u00ab Gbagbo Laurent est le candidat du PPA-CI \u00e0 la pr\u00e9sidentielle prochaine de cette ann\u00e9e 2025. Tenez-vous tranquille, le nom de Gbagbo Laurent sera inscrit sur la liste \u00e9lectorale, pas d\u2019exclusion des candidats, nous gagnerons cette \u00e9lection de fa\u00e7on transparente. Il vous revient de mobiliser les bases, aller dans les quartiers, aux confins des villages pour annoncer la bonne nouvelle qui est la candidature du Pr\u00e9sident Gbagbo Laurent. Le PPA-CI remportera la pr\u00e9sidentielle du mois d\u2019octobre 2025 haut les mains \u00bb <\/p>\n<p>Avant de quitter Grand-Mori\u00e9, le Secr\u00e9taire g\u00e9n\u00e9ral  s\u2019est recueilli sur la tombe de feu Ernest Boka, premier pr\u00e9sident de la Cour supr\u00eame de C\u00f4te d\u2019Ivoire.<\/p>\n<p><strong>Consty \u00e0 Agboville<\/strong>.<\/p>\n","protected":false},"excerpt":{"rendered":"<p>\u00ab Le nom de Gbagbo Laurent sera inscrit sur la liste \u00e9lectorale \u00bb, a dit Jean Gervais Tch\u00e9id\u00e9 , SG PPA-CI aux populations du Grand-Mori\u00e9: Le Parti des peuples africains-C\u00f4te d\u2019Ivoire (PPA-CI ) a organis\u00e9 un meeting \u00e0 Grand-Mori\u00e9 dans la sous-pr\u00e9fecture d\u2019Agboville , le samedi 18 janvier 2025, en vue de l\u2019\u00e9lection pr\u00e9vue pour [&hellip;]<\/p>\n","protected":false},"author":4,"featured_media":0,"comment_status":"closed","ping_status":"closed","sticky":false,"template":"","format":"standard","meta":{"_monsterinsights_skip_tracking":false,"_monsterinsights_sitenote_active":false,"_monsterinsights_sitenote_note":"","_monsterinsights_sitenote_category":0,"footnotes":""},"categories":[2,17],"tags":[4016,4544,4542,1560,1512,4543],"class_list":["post-36644","post","type-post","status-publish","format-standard","hentry","category-featured","category-politique","tag-gbagbo-laurent","tag-grand-morie","tag-jean-gervais-tcheide","tag-liste-electorale","tag-populations","tag-sg-ppa-ci"],"_links":{"self":[{"href":"https:\/\/www.lintelligentdabidjan.info\/news\/wp-json\/wp\/v2\/posts\/36644","targetHints":{"allow":["GET"]}}],"collection":[{"href":"https:\/\/www.lintelligentdabidjan.info\/news\/wp-json\/wp\/v2\/posts"}],"about":[{"href":"https:\/\/www.lintelligentdabidjan.info\/news\/wp-json\/wp\/v2\/types\/post"}],"author":[{"embeddable":true,"href":"https:\/\/www.lintelligentdabidjan.info\/news\/wp-json\/wp\/v2\/users\/4"}],"replies":[{"embeddable":true,"href":"https:\/\/www.lintelligentdabidjan.info\/news\/wp-json\/wp\/v2\/comments?post=36644"}],"version-history":[{"count":3,"href":"https:\/\/www.lintelligentdabidjan.info\/news\/wp-json\/wp\/v2\/posts\/36644\/revisions"}],"predecessor-version":[{"id":36676,"href":"https:\/\/www.lintelligentdabidjan.info\/news\/wp-json\/wp\/v2\/posts\/36644\/revisions\/36676"}],"wp:attachment":[{"href":"https:\/\/www.lintelligentdabidjan.info\/news\/wp-json\/wp\/v2\/media?parent=36644"}],"wp:term":[{"taxonomy":"category","embeddable":true,"href":"https:\/\/www.lintelligentdabidjan.info\/news\/wp-json\/wp\/v2\/categories?post=36644"},{"taxonomy":"post_tag","embeddable":true,"href":"https:\/\/www.lintelligentdabidjan.info\/news\/wp-json\/wp\/v2\/tags?post=36644"}],"curies":[{"name":"wp","href":"https:\/\/api.w.org\/{rel}","templated":true}]}}