{"id":36646,"date":"2025-01-21T01:50:17","date_gmt":"2025-01-21T00:50:17","guid":{"rendered":"https:\/\/www.lintelligentdabidjan.info\/news\/?p=36646"},"modified":"2025-01-21T06:31:24","modified_gmt":"2025-01-21T05:31:24","slug":"vie-sociale-la-fondation-humble-cote-divoire-veut-soulager-les-souffrances","status":"publish","type":"post","link":"https:\/\/www.lintelligentdabidjan.info\/news\/vie-sociale-la-fondation-humble-cote-divoire-veut-soulager-les-souffrances\/","title":{"rendered":"Vie sociale-    La Fondation \u00ab Humble C\u00f4te d\u2019Ivoire \u00bb  veut soulager les souffrances"},"content":{"rendered":"<p><em><strong>La Fondation Humble C\u00f4te d\u2019Ivoire a \u00e9t\u00e9 officiellement lanc\u00e9e le samedi 18 janvier 2025, au Centre culturel de Daloa, par Gbeuly St\u00e9phane, maire de la commune de Daloa et pr\u00e9sident de son conseil d\u2019administration<\/strong><\/em><\/p>\n<p>Cette initiative, fruit d\u2019une vision ambitieuse et solidaire, vise \u00e0 relever les d\u00e9fis sociaux majeurs auxquels sont confront\u00e9es les populations vuln\u00e9rables \u00e0 travers le pays. La fondation a pour mission principale d\u2019apporter un soutien concret aux foyers en situation de pr\u00e9carit\u00e9<\/p>\n<p>Selon Gbeuly St\u00e9phane, la Fondation Humble C\u00f4te d\u2019Ivoire a \u00e9t\u00e9 cr\u00e9\u00e9e pour offrir un espoir \u00e0 ceux qui en ont le plus besoin, quelle que soit la nature ou l\u2019ampleur de leur d\u00e9tresse. \u00ab Ce moment marque le d\u00e9but d\u2019une aventure collective d\u00e9di\u00e9e \u00e0 l\u2019am\u00e9lioration des conditions de vie de nos concitoyens les plus vuln\u00e9rables. La Fondation Humble C\u00f4te d\u2019Ivoire poursuit un objectif noble : venir en aide aux familles en situation de pr\u00e9carit\u00e9, quelle qu\u2019en soit la nature \u00bb, a-t-il d\u00e9clar\u00e9. <\/p>\n<p>Il a ajout\u00e9 que cette structure entend s\u2019aligner sur les efforts du gouvernement ivoirien en contribuant \u00e0 l\u2019\u00e9laboration et \u00e0 la mise en \u0153uvre de politiques sociales efficaces.<\/p>\n<p>Avec un budget pr\u00e9visionnel de 20 milliards de francs CFA, la fondation s\u2019est fix\u00e9e des objectifs ambitieux et clairs. <\/p>\n<p>Elle pr\u00e9voit de permettre la scolarisation de milliers d\u2019enfants d\u00e9favoris\u00e9s, r\u00e9habiliter enti\u00e8rement les orphelinats du pays, distribuer des kits scolaires aux \u00e9coliers, assurer la prise en charge m\u00e9dicale des plus d\u00e9munis et soutenir financi\u00e8rement les initiatives \u00e9conomiques des femmes<\/p>\n<p>Ces projets, qui couvriront plusieurs r\u00e9gions et districts de C\u00f4te d\u2019Ivoire, t\u00e9moignent de l\u2019engagement profond de la fondation envers le d\u00e9veloppement humain et l\u2019am\u00e9lioration des conditions de vie des populations<\/p>\n<p>En collaborant avec des partenaires venus de Chine et d\u2019Arabie saoudite, la Fondation Humble C\u00f4te d\u2019Ivoire adopte une approche inclusive et internationale. Ce r\u00e9seau de coop\u00e9ration vise \u00e0 mobiliser des ressources et des expertises vari\u00e9es pour maximiser l\u2019impact des actions sur le terrain. <\/p>\n<p>Des aides financi\u00e8res et mat\u00e9rielles ont \u00e9t\u00e9 offertes aux gagnants de la tombola organis\u00e9e \u00e0 cette occasion, symbolisant les valeurs de partage et de solidarit\u00e9 qui animent la Fondation Humble C\u00f4te d\u2019Ivoire.<\/p>\n<p>Le lancement de la fondation a \u00e9t\u00e9 marqu\u00e9 par une forte mobilisation populaire. L\u2019\u00e9v\u00e9nement a rassembl\u00e9 des \u00e9lus, des cadres,  des partenaires et une foule venue t\u00e9moigner leur soutien. <\/p>\n<p> <strong>Beker Yao <\/strong><\/p>\n","protected":false},"excerpt":{"rendered":"<p>La Fondation Humble C\u00f4te d\u2019Ivoire a \u00e9t\u00e9 officiellement lanc\u00e9e le samedi 18 janvier 2025, au Centre culturel de Daloa, par Gbeuly St\u00e9phane, maire de la commune de Daloa et pr\u00e9sident de son conseil d\u2019administration Cette initiative, fruit d\u2019une vision ambitieuse et solidaire, vise \u00e0 relever les d\u00e9fis sociaux majeurs auxquels sont confront\u00e9es les populations vuln\u00e9rables [&hellip;]<\/p>\n","protected":false},"author":4,"featured_media":36674,"comment_status":"closed","ping_status":"closed","sticky":false,"template":"","format":"standard","meta":{"_monsterinsights_skip_tracking":false,"_monsterinsights_sitenote_active":false,"_monsterinsights_sitenote_note":"","_monsterinsights_sitenote_category":0,"footnotes":""},"categories":[2,3],"tags":[77,4546,4547,4545],"class_list":["post-36646","post","type-post","status-publish","format-standard","has-post-thumbnail","hentry","category-featured","category-societe","tag-cote-divoire","tag-humble","tag-souffrances","tag-vie-sociale"],"_links":{"self":[{"href":"https:\/\/www.lintelligentdabidjan.info\/news\/wp-json\/wp\/v2\/posts\/36646","targetHints":{"allow":["GET"]}}],"collection":[{"href":"https:\/\/www.lintelligentdabidjan.info\/news\/wp-json\/wp\/v2\/posts"}],"about":[{"href":"https:\/\/www.lintelligentdabidjan.info\/news\/wp-json\/wp\/v2\/types\/post"}],"author":[{"embeddable":true,"href":"https:\/\/www.lintelligentdabidjan.info\/news\/wp-json\/wp\/v2\/users\/4"}],"replies":[{"embeddable":true,"href":"https:\/\/www.lintelligentdabidjan.info\/news\/wp-json\/wp\/v2\/comments?post=36646"}],"version-history":[{"count":3,"href":"https:\/\/www.lintelligentdabidjan.info\/news\/wp-json\/wp\/v2\/posts\/36646\/revisions"}],"predecessor-version":[{"id":36669,"href":"https:\/\/www.lintelligentdabidjan.info\/news\/wp-json\/wp\/v2\/posts\/36646\/revisions\/36669"}],"wp:featuredmedia":[{"embeddable":true,"href":"https:\/\/www.lintelligentdabidjan.info\/news\/wp-json\/wp\/v2\/media\/36674"}],"wp:attachment":[{"href":"https:\/\/www.lintelligentdabidjan.info\/news\/wp-json\/wp\/v2\/media?parent=36646"}],"wp:term":[{"taxonomy":"category","embeddable":true,"href":"https:\/\/www.lintelligentdabidjan.info\/news\/wp-json\/wp\/v2\/categories?post=36646"},{"taxonomy":"post_tag","embeddable":true,"href":"https:\/\/www.lintelligentdabidjan.info\/news\/wp-json\/wp\/v2\/tags?post=36646"}],"curies":[{"name":"wp","href":"https:\/\/api.w.org\/{rel}","templated":true}]}}