{"id":36652,"date":"2025-01-21T02:10:56","date_gmt":"2025-01-21T01:10:56","guid":{"rendered":"https:\/\/www.lintelligentdabidjan.info\/news\/?p=36652"},"modified":"2025-01-21T02:12:05","modified_gmt":"2025-01-21T01:12:05","slug":"la-cote-divoire-2e-plus-grande-puissance-militaire-en-afrique-de-louest","status":"publish","type":"post","link":"https:\/\/www.lintelligentdabidjan.info\/news\/la-cote-divoire-2e-plus-grande-puissance-militaire-en-afrique-de-louest\/","title":{"rendered":"La C\u00f4te d\u2019Ivoire, 2e plus grande puissance militaire en Afrique de l\u2019Ouest"},"content":{"rendered":"<p><em><strong>Selon les derni\u00e8res donn\u00e9es de Global FirePower, publi\u00e9es il y a quelques jours, la C\u00f4te d\u2019Ivoire se hisse \u00e0 la 1re place dans l&#8217;espace UEMOA et en 2e position du classement des plus grandes puissances militaires de l\u2019Afrique de l\u2019Ouest.<\/strong><\/em><\/p>\n<p>La plateforme Global FirePower, qui recense les puissances militaires \u00e0 travers le monde, a r\u00e9cemment publi\u00e9 son classement. La C\u00f4te d\u2019Ivoire se situe \u00e0 la 102e place \u00e0 \u00e9chelle mondiale sur 145, et se hisse \u00e0 la 2e place en Afrique de l\u2019Ouest, c\u00e9dant la 1\u00e8re place au Nigeria. Selon le classement d\u2019African Military Strenght , de Global FirePower, elle se situe \u00e0 la 17e place sur 35 en Afrique. Ce classement des puissances arm\u00e9es mondiales se base sur plus de 60 crit\u00e8res, qui comprend les moyens humains, logistiques, financiers et mat\u00e9riels.<\/p>\n<p>Les Forces arm\u00e9es de C\u00f4te-d\u2019Ivoire (FACI) se sont distingu\u00e9es ces derni\u00e8res ann\u00e9es dans leur modernisation et leur \u00e9volution. L\u2019arm\u00e9e a notamment investit dans le renforcement du service de renseignement et dans l\u2019acquisition de plusieurs h\u00e9licopt\u00e8res de combats, de drones et de chars. Ces moyens mat\u00e9riels ont pu \u00eatre pr\u00e9sent\u00e9s le 7 ao\u00fbt, lors du d\u00e9fil\u00e9 pour la c\u00e9l\u00e9bration du 64e anniversaire de l\u2019Ind\u00e9pendance. L\u2019arm\u00e9e ivoirienne acquiert de plus en plus de professionnalisme et d\u2019efficacit\u00e9. Dans le cadre d\u2019un accord mutuel, elle r\u00e9cup\u00e8re la base du 43e Bataillon d\u2019Infanterie de marine de Port-Bou\u00ebt.<\/p>\n<p><strong>Une r\u00e9f\u00e9rence dans la lutte antiterroriste<\/strong><\/p>\n<p>De 2014 \u00e0 2021, le budget des FACI a doubl\u00e9. L\u2019arm\u00e9e ivoirienne s\u2019investit dans de nombreux partenariats internationaux, comme les \u00c9tats-Unis et la Chine, qui fournissent des aides logistiques et financi\u00e8res. R\u00e9cemment, le gouvernement des USA a offert 12 v\u00e9hicules blind\u00e9s au gouvernement ivoirien. L\u2019Union europ\u00e9enne a allou\u00e9 en 2024 une enveloppe de 15 millions d\u2019euros, afin d\u2019aider les FACI dans la lutte contre les groupes arm\u00e9s non \u00e9tatiques. La C\u00f4te d\u2019Ivoire se dote de partenariats qui lui permettent de renforcer sa d\u00e9fense et sa s\u00e9curit\u00e9 tout en gardant enti\u00e8rement la main sur sa souverainet\u00e9 nationale. Elle est consid\u00e9r\u00e9e comme une r\u00e9f\u00e9rence dans la lutte antiterroriste. Ce constat a pu \u00eatre \u00e9tabli au cours des op\u00e9rations Koudanlgou I, II, III (2018-2019) et IV (2021), men\u00e9e par l\u2019Initiative d\u2019Accra, cr\u00e9\u00e9e par le Ghana, le B\u00e9nin, le Togo, le Burkina Faso et la C\u00f4te d\u2019Ivoire pour combattre le terrorisme. \u00c0 l\u2019issue des trois premi\u00e8res op\u00e9rations, plus de 700 arrestations ont eu lieu, et plus de 50 armes saisies. La 4e op\u00e9ration en 2021 a permis l\u2019arrestation de 300 terroristes. La m\u00eame ann\u00e9e, la C\u00f4te d\u2019Ivoire inaugure l\u2019Acad\u00e9mie Internationale de Lutte contre le Terrorisme \u00e0 Jacqueville. Elle dispense des formations militaires pour combattre le terrorisme, et des formations journalistiques, dans le cadre des couvertures des attaques terroristes.<\/p>\n<p><strong>Le terrorisme est la cause de la baisse de la puissance militaire dans certains pays du Sahel<\/strong><\/p>\n<p>Si la C\u00f4te d\u2019Ivoire se hisse aux plus hautes places en mati\u00e8re de puissance arm\u00e9e d\u2019Afrique de l\u2019Ouest, d\u2019autres pays perdent en efficacit\u00e9, principalement \u00e0 cause de la hausse du terrorisme. Si le Mali suit de pr\u00e8s la C\u00f4te d\u2019Ivoire dans le classement de l\u2019Afrique de l\u2019Ouest (4e) de l\u2019Afrique (18e) et du monde (104e), ce n\u2019est pas le cas du Niger et du Burkina Faso, qui se situent plus pr\u00e8s du bas du classement. Malgr\u00e9 une volont\u00e9 de faire du combat antiterroriste leur fer de lance, et une collaboration tr\u00e8s \u00e9troite, les gouvernements de ces pays ont vu les attaques augmenter au fil des ann\u00e9es, et les situations humanitaire et s\u00e9curitaire empirer, for\u00e7ant des milliers de civils \u00e0 fuir de l\u2019autre c\u00f4t\u00e9 des fronti\u00e8res (trois millions de Burkinab\u00e9s sont d\u00e9plac\u00e9s cette ann\u00e9e). Un rapport de l\u2019Institut pour l\u2019\u00c9conomie de la paix classe le Burkina Faso comme le pays ayant le plus grand nombre de victimes li\u00e9es au terrorisme en 2023, suivi de peu par le Mali, en 3e position. Selon l\u2019ACLED, le nombre de personnes, civils et militaires, qui ont perdu la vie \u00e0 cause des terroristes s\u2019\u00e9l\u00e8ve \u00e0 3800 depuis le d\u00e9but de l\u2019ann\u00e9e 2024. \u00ab L\u2019absence de contr\u00f4le a\u00e9rien \u00bb et \u00ab le peu de contr\u00f4le territorial \u00bb sont point\u00e9s du doigt apr\u00e8s l\u2019attaque de Barsalogho, qui a caus\u00e9 la mort de plusieurs centaines de personnes. Selon l\u2019Africa Center for Strategic Studies, le nombre de morts li\u00e9 au terrorisme au Sahel a tripl\u00e9 de 2021 a 2024, et repr\u00e9sente plus de la moiti\u00e9 du nombre des d\u00e9c\u00e8s  li\u00e9s au terrorisme en Afrique. Le Burkina Faso a subi pr\u00e8s de la moiti\u00e9 des attaques violentes dans le Sahel.<\/p>\n<p><strong>Des partenariats meurtriers<\/strong><\/p>\n<p>Dans leur lutte pour la s\u00e9curit\u00e9 nationale, les gouvernements de certains pays du Sahel, notamment ceux de l\u2019AES, ont re\u00e7u le soutien des mercenaires russes, d\u2019abord de Wagner, puis de l\u2019Africa Corps \u00e0 la mort du chef de Wagner. Le nom a chang\u00e9 et la reconnaissance officielle du Kremlin a \u00e9t\u00e9 officialis\u00e9e, mais les actes sont rest\u00e9s les m\u00eames. Les \u00ab instructeurs \u00bb russes pillent les ressources de nombreux pays (mines d\u2019or et diamants, bois pr\u00e9cieux), torturent et assassinent les civils. En 2022, dans ce qui sera appel\u00e9 le massacre de Moura, au Mali, 500 civils ont \u00e9t\u00e9 assassin\u00e9s. Les mercenaires russes sont point\u00e9s du doigt.<br \/>\nLa pr\u00e9sence de ces partenaires est tr\u00e8s loin de faire reculer le terrorisme. Pire encore, en 2024, les mercenaires russes ont assassin\u00e9 plus de civils au Sahel que les groupes terroristes. Le nombre de civils tu\u00e9s par les \u00ab instructeurs \u00bb russes a augment\u00e9 de 76 % entre 2022 et 2024. Ces perp\u00e9tuelles violences contre les civils en poussent beaucoup \u00e0 rejoindre les groupes djihadistes. Parall\u00e8lement, le nombre d\u2019embuscades des groupes islamistes contre les arm\u00e9es des pays du Sahel ont quintupl\u00e9 entre 2021 et 2024. D\u2019apr\u00e8s l\u2019Africa Center for Strategic Studies, le gouvernement burkinab\u00e9 a perdu le contr\u00f4le de 60 % du pays, et le gouvernement malien 50 %.<\/p>\n<p><strong>Constantine<\/strong><\/p>\n","protected":false},"excerpt":{"rendered":"<p>Selon les derni\u00e8res donn\u00e9es de Global FirePower, publi\u00e9es il y a quelques jours, la C\u00f4te d\u2019Ivoire se hisse \u00e0 la 1re place dans l&#8217;espace UEMOA et en 2e position du classement des plus grandes puissances militaires de l\u2019Afrique de l\u2019Ouest. La plateforme Global FirePower, qui recense les puissances militaires \u00e0 travers le monde, a r\u00e9cemment [&hellip;]<\/p>\n","protected":false},"author":4,"featured_media":36653,"comment_status":"closed","ping_status":"closed","sticky":false,"template":"","format":"standard","meta":{"_monsterinsights_skip_tracking":false,"_monsterinsights_sitenote_active":false,"_monsterinsights_sitenote_note":"","_monsterinsights_sitenote_category":0,"footnotes":""},"categories":[2,17],"tags":[4554,77,838],"class_list":["post-36652","post","type-post","status-publish","format-standard","has-post-thumbnail","hentry","category-featured","category-politique","tag-afrique-de-louest","tag-cote-divoire","tag-militaire"],"_links":{"self":[{"href":"https:\/\/www.lintelligentdabidjan.info\/news\/wp-json\/wp\/v2\/posts\/36652","targetHints":{"allow":["GET"]}}],"collection":[{"href":"https:\/\/www.lintelligentdabidjan.info\/news\/wp-json\/wp\/v2\/posts"}],"about":[{"href":"https:\/\/www.lintelligentdabidjan.info\/news\/wp-json\/wp\/v2\/types\/post"}],"author":[{"embeddable":true,"href":"https:\/\/www.lintelligentdabidjan.info\/news\/wp-json\/wp\/v2\/users\/4"}],"replies":[{"embeddable":true,"href":"https:\/\/www.lintelligentdabidjan.info\/news\/wp-json\/wp\/v2\/comments?post=36652"}],"version-history":[{"count":1,"href":"https:\/\/www.lintelligentdabidjan.info\/news\/wp-json\/wp\/v2\/posts\/36652\/revisions"}],"predecessor-version":[{"id":36654,"href":"https:\/\/www.lintelligentdabidjan.info\/news\/wp-json\/wp\/v2\/posts\/36652\/revisions\/36654"}],"wp:featuredmedia":[{"embeddable":true,"href":"https:\/\/www.lintelligentdabidjan.info\/news\/wp-json\/wp\/v2\/media\/36653"}],"wp:attachment":[{"href":"https:\/\/www.lintelligentdabidjan.info\/news\/wp-json\/wp\/v2\/media?parent=36652"}],"wp:term":[{"taxonomy":"category","embeddable":true,"href":"https:\/\/www.lintelligentdabidjan.info\/news\/wp-json\/wp\/v2\/categories?post=36652"},{"taxonomy":"post_tag","embeddable":true,"href":"https:\/\/www.lintelligentdabidjan.info\/news\/wp-json\/wp\/v2\/tags?post=36652"}],"curies":[{"name":"wp","href":"https:\/\/api.w.org\/{rel}","templated":true}]}}