{"id":36683,"date":"2025-01-22T04:43:56","date_gmt":"2025-01-22T03:43:56","guid":{"rendered":"https:\/\/www.lintelligentdabidjan.info\/news\/?p=36683"},"modified":"2025-01-22T04:51:16","modified_gmt":"2025-01-22T03:51:16","slug":"municipalite-de-foumbolo-le-2eme-adjoint-ouattara-yeguegnan-dresse-le-bilan","status":"publish","type":"post","link":"https:\/\/www.lintelligentdabidjan.info\/news\/municipalite-de-foumbolo-le-2eme-adjoint-ouattara-yeguegnan-dresse-le-bilan\/","title":{"rendered":"Municipalit\u00e9 de Foumbolo : Le 2\u00e8me adjoint Ouattara Yeguegnan  dresse le bilan"},"content":{"rendered":"<p><em><strong>Le deuxi\u00e8me adjoint au maire de Foumbolo, dans le d\u00e9partement de Dabakala , Ouattara Yeguegnan, a mis en avant les efforts de la jeune \u00e9quipe municipale \u00e9lue en 2023. Au cours de cet entretien avec l\u2019IA , il a dress\u00e9 un bilan des actions d\u00e9j\u00e0 r\u00e9alis\u00e9es, \u00e9voqu\u00e9 les projets en cours, et pr\u00e9sent\u00e9 les activit\u00e9s pr\u00e9vues pour am\u00e9liorer la qualit\u00e9 de vie des habitants. Il a \u00e9galement soulign\u00e9 son ambition de d\u00e9velopper le secteur touristique afin de renforcer l\u2019attractivit\u00e9 de la ville, tant au niveau national qu\u2019international, tout en appelant les entreprises \u00e0 investir dans la r\u00e9gion.<\/strong><\/em><\/p>\n<p><strong>Quel est le bilan actuel du d\u00e9veloppement de Foumbolo ?<\/strong><\/p>\n<p>En toute modestie, nous sommes encore une jeune \u00e9quipe, nouvellement arriv\u00e9e \u00e0 la t\u00eate de la commune de Foumbolo \u00e0 la suite des \u00e9lections d\u2019octobre 2023. Il serait pr\u00e9matur\u00e9 de dresser un bilan complet \u00e0 ce stade. Cependant, nous avons d\u00e9j\u00e0 entrepris plusieurs actions significatives pour am\u00e9liorer les conditions de vie de la population.<\/p>\n<p>La ville pr\u00e9sentait des d\u00e9fis importants, notamment en termes de propret\u00e9 et d\u2019organisation. Gr\u00e2ce aux efforts du maire et de ses collaborateurs, des am\u00e9liorations notables ont \u00e9t\u00e9 apport\u00e9es, bien que beaucoup reste \u00e0 faire.<\/p>\n<p><strong>Quels projets concrets avez-vous r\u00e9alis\u00e9s en un an et demi de mandat ?<\/strong><\/p>\n<p>Le d\u00e9marrage effectif des projets a pris du temps, car nous avons d\u00fb faire valider notre programme et r\u00e9gler des probl\u00e8mes h\u00e9rit\u00e9s de la gestion pr\u00e9c\u00e9dente. Aujourd\u2019hui, notre budget est approuv\u00e9 et les premi\u00e8res r\u00e9alisations commencent \u00e0 voir le jour.<\/p>\n<p>Nous avons notamment r\u00e9habilit\u00e9 une \u00e9cole \u00e0 Karp\u00e9l\u00e9, o\u00f9 un nouveau b\u00e2timent de trois salles de classe est en construction. Un projet similaire est pr\u00e9vu \u00e0 Diolo. Nous avons aussi acquis 300 tables-bancs, dont 75 sont d\u00e9j\u00e0 livr\u00e9es.<\/p>\n<p>Dans le domaine de la sant\u00e9, des couveuses ont \u00e9t\u00e9 command\u00e9es pour le centre de sant\u00e9 urbain de Foumbolo et pour le dispensaire de Kanien\u00e9. Ces initiatives illustrent notre engagement envers l\u2019\u00e9ducation et la sant\u00e9.<\/p>\n<p><strong>Quels sont les projets actuellement en cours ?<\/strong><\/p>\n<p>Nos priorit\u00e9s se concentrent sur l\u2019\u00e9ducation, avec la construction de plusieurs salles de classe \u00e9quip\u00e9es de latrines, ainsi que la r\u00e9alisation de forages \u00e0 Lal\u00e9gu\u00e9ra et Bala. Nous r\u00e9novons \u00e9galement un h\u00f4tel-campement, qui pourra g\u00e9n\u00e9rer des revenus pour la commune.<\/p>\n<p>D\u2019autres projets incluent l\u2019acquisition d\u2019\u00e9quipements pour les services municipaux, la r\u00e9habilitation du foyer des jeunes, et l\u2019am\u00e9nagement d\u2019espaces verts et de jardins publics.<\/p>\n<p><strong>Comment moderniser les services publics ?<\/strong><\/p>\n<p>La modernisation des services publics passe par la num\u00e9risation. Bien que cela soit encore embryonnaire \u00e0 Foumbolo, nous avons int\u00e9gr\u00e9 des ordinateurs dans nos services administratifs. Nous ambitionnons d\u2019am\u00e9liorer l\u2019acc\u00e8s \u00e0 Internet et de fournir des infrastructures technologiques adapt\u00e9es aux besoins de la commune.<\/p>\n<p><strong>Quel bilan faites-vous des actions pour l\u2019environnement et l\u2019\u00e9cologie ?<\/strong><\/p>\n<p>Notre bilan environnemental est globalement positif, bien que nous soyons encore en phase d\u2019apprentissage et de mise en place. Nous avons collabor\u00e9 avec des organisations telles que Najet, qui nous ont f\u00e9licit\u00e9s pour notre gestion des d\u00e9chets. Nous pr\u00e9voyons d\u2019intensifier nos efforts en mati\u00e8re de sensibilisation \u00e9cologique, avec des campagnes de plantation d\u2019arbres et des programmes visant \u00e0 encourager des pratiques agricoles respectueuses de l\u2019environnement.<\/p>\n<p><strong>Des actions concr\u00e8tes ont-elles d\u00e9j\u00e0 \u00e9t\u00e9 entreprises ?<\/strong><\/p>\n<p>Effectivement, un jeune de la localit\u00e9 a r\u00e9cemment organis\u00e9 une s\u00e9ance de plantation d\u2019arbres avec le soutien de la mairie. Cette initiative t\u00e9moigne de notre volont\u00e9 d\u2019impliquer toutes les couches de la population dans la pr\u00e9servation de l\u2019environnement.<\/p>\n<p><strong>Quels sont vos projets pour le d\u00e9veloppement local et l\u2019emploi des jeunes ?<\/strong><\/p>\n<p>Nous avons conscience que le d\u00e9veloppement local passe par le soutien \u00e0 la jeunesse. \u00c0 cet effet, plusieurs initiatives sont en pr\u00e9paration, notamment la cr\u00e9ation d\u2019une unit\u00e9 de transformation de manioc pour les femmes et un programme permettant aux jeunes d\u2019obtenir des permis de conduire.<\/p>\n<p>En parall\u00e8le, des chantiers d\u2019infrastructures routi\u00e8res mobilisent \u00e9galement des jeunes, leur offrant des opportunit\u00e9s d\u2019emploi directes.<\/p>\n<p><strong>Quelles sont les am\u00e9liorations apport\u00e9es pour la qualit\u00e9 de vie des populations ?<\/strong><\/p>\n<p>Le maire a investi ses propres ressources pour am\u00e9liorer le quotidien des habitants. Parmi les initiatives notables, l\u2019extension du r\u00e9seau \u00e9lectrique et l\u2019ouverture de voies figurent en bonne place. Ces actions, bien qu\u2019\u00e9manant de fonds personnels, illustrent son profond engagement envers la communaut\u00e9.<\/p>\n<p><strong>Quelles sont vos priorit\u00e9s en mati\u00e8re de gestion financi\u00e8re et d\u2019optimisation des ressources ?<\/strong><\/p>\n<p>\u00c9tant une petite commune avec des ressources limit\u00e9es, notre principal d\u00e9fi est d\u2019augmenter nos revenus municipaux. \u00c0 cette fin, nous travaillons sur la mise en place de m\u00e9canismes innovants pour diversifier nos sources de financement.<\/p>\n<p><strong>Comment renforcer l\u2019attractivit\u00e9 de Foumbolo ?<\/strong><\/p>\n<p>Foumbolo regorge de sites touristiques tels qu\u2019une grotte \u00e0 Karp\u00e9l\u00e9 et une vaste colline. Nous avons l\u2019intention de valoriser ces lieux pour attirer des visiteurs nationaux et internationaux. Des espaces de loisirs, des terrains de sport et des jardins publics sont \u00e9galement pr\u00e9vus pour am\u00e9liorer la qualit\u00e9 de vie des habitants et renforcer l\u2019attractivit\u00e9 de la ville.<\/p>\n<p><strong>Quelles sont les potentialit\u00e9s \u00e9conomiques de Foumbolo ?<\/strong><\/p>\n<p>L\u2019\u00e9conomie de la r\u00e9gion repose principalement sur l\u2019agriculture, notamment la culture du manioc. Par ailleurs, les nombreux sites touristiques constituent un atout inexploit\u00e9 que nous souhaitons valoriser.<\/p>\n<p><strong>Quel appel avez-vous \u00e0 lancer aux entreprises ?<\/strong><\/p>\n<p>Nous invitons les entreprises \u00e0 investir \u00e0 Foumbolo. La commune, situ\u00e9e \u00e0 un carrefour strat\u00e9gique, b\u00e9n\u00e9ficie d\u2019une s\u00e9curit\u00e9 optimale et de toutes les commodit\u00e9s n\u00e9cessaires pour accueillir des investisseurs. Foumbolo est une localit\u00e9 paisible, propice au d\u00e9veloppement \u00e9conomique et social.<\/p>\n<p><strong>Nambac\u00e9r\u00e9 Jo\u00ebl<\/strong><\/p>\n<p>&nbsp;<\/p>\n","protected":false},"excerpt":{"rendered":"<p>Le deuxi\u00e8me adjoint au maire de Foumbolo, dans le d\u00e9partement de Dabakala , Ouattara Yeguegnan, a mis en avant les efforts de la jeune \u00e9quipe municipale \u00e9lue en 2023. Au cours de cet entretien avec l\u2019IA , il a dress\u00e9 un bilan des actions d\u00e9j\u00e0 r\u00e9alis\u00e9es, \u00e9voqu\u00e9 les projets en cours, et pr\u00e9sent\u00e9 les activit\u00e9s [&hellip;]<\/p>\n","protected":false},"author":4,"featured_media":36688,"comment_status":"closed","ping_status":"closed","sticky":false,"template":"","format":"standard","meta":{"_monsterinsights_skip_tracking":false,"_monsterinsights_sitenote_active":false,"_monsterinsights_sitenote_note":"","_monsterinsights_sitenote_category":0,"footnotes":""},"categories":[2,17,3],"tags":[],"class_list":["post-36683","post","type-post","status-publish","format-standard","has-post-thumbnail","hentry","category-featured","category-politique","category-societe"],"_links":{"self":[{"href":"https:\/\/www.lintelligentdabidjan.info\/news\/wp-json\/wp\/v2\/posts\/36683","targetHints":{"allow":["GET"]}}],"collection":[{"href":"https:\/\/www.lintelligentdabidjan.info\/news\/wp-json\/wp\/v2\/posts"}],"about":[{"href":"https:\/\/www.lintelligentdabidjan.info\/news\/wp-json\/wp\/v2\/types\/post"}],"author":[{"embeddable":true,"href":"https:\/\/www.lintelligentdabidjan.info\/news\/wp-json\/wp\/v2\/users\/4"}],"replies":[{"embeddable":true,"href":"https:\/\/www.lintelligentdabidjan.info\/news\/wp-json\/wp\/v2\/comments?post=36683"}],"version-history":[{"count":2,"href":"https:\/\/www.lintelligentdabidjan.info\/news\/wp-json\/wp\/v2\/posts\/36683\/revisions"}],"predecessor-version":[{"id":36689,"href":"https:\/\/www.lintelligentdabidjan.info\/news\/wp-json\/wp\/v2\/posts\/36683\/revisions\/36689"}],"wp:featuredmedia":[{"embeddable":true,"href":"https:\/\/www.lintelligentdabidjan.info\/news\/wp-json\/wp\/v2\/media\/36688"}],"wp:attachment":[{"href":"https:\/\/www.lintelligentdabidjan.info\/news\/wp-json\/wp\/v2\/media?parent=36683"}],"wp:term":[{"taxonomy":"category","embeddable":true,"href":"https:\/\/www.lintelligentdabidjan.info\/news\/wp-json\/wp\/v2\/categories?post=36683"},{"taxonomy":"post_tag","embeddable":true,"href":"https:\/\/www.lintelligentdabidjan.info\/news\/wp-json\/wp\/v2\/tags?post=36683"}],"curies":[{"name":"wp","href":"https:\/\/api.w.org\/{rel}","templated":true}]}}