{"id":36693,"date":"2025-01-23T05:31:41","date_gmt":"2025-01-23T04:31:41","guid":{"rendered":"https:\/\/www.lintelligentdabidjan.info\/news\/?p=36693"},"modified":"2025-01-23T05:31:47","modified_gmt":"2025-01-23T04:31:47","slug":"developpement-durable-en-afrique-abidjan-accueille-le-premier-marche-africain-des-solutions-spatiales","status":"publish","type":"post","link":"https:\/\/www.lintelligentdabidjan.info\/news\/developpement-durable-en-afrique-abidjan-accueille-le-premier-marche-africain-des-solutions-spatiales\/","title":{"rendered":"D\u00e9veloppement durable en Afrique : Abidjan accueille le premier March\u00e9 Africain des Solutions Spatiales"},"content":{"rendered":"<p><em><strong>La capitale \u00e9conomique ivoirienne se pr\u00e9pare \u00e0 abriter, du 6 au 8 mai 2025, la toute premi\u00e8re \u00e9dition du March\u00e9 Africain des Solutions Spatiales (MAAS). Cet \u00e9v\u00e9nement, plac\u00e9 sous le th\u00e8me : \u00ab Solutions spatiales pour le d\u00e9veloppement socio-\u00e9conomique de l\u2019Afrique \u00bb, ambitionne de promouvoir l\u2019utilisation des technologies spatiales pour relever les d\u00e9fis du d\u00e9veloppement durable sur le continent. L\u2019annonce a \u00e9t\u00e9 faite le jeudi 16 janvier 2025 par le directeur g\u00e9n\u00e9ral d\u2019Otif Africa Space, \u00e9galement commissaire g\u00e9n\u00e9ral dudit  march\u00e9, lors d\u2019une c\u00e9r\u00e9monie tenue \u00e0 Cocody.<\/strong><\/em><\/p>\n<p>\u00ab Le MAAS 2025 n\u2019est pas qu\u2019une simple vitrine technologique. C\u2019est une plateforme strat\u00e9gique visant \u00e0 r\u00e9unir les acteurs africains et internationaux autour de solutions spatiales concr\u00e8tes, \u00e0 sensibiliser et \u00e0 d\u00e9mocratiser l\u2019usage des technologies spatiales en les rendant accessibles aux \u00c9tats, aux entreprises et aux ONG. Ce march\u00e9 permettra  \u00e9galement de mettre  l\u2019accent sur la promotion des collaborations internationales, en s\u2019inspirant de l\u2019expertise des \u00c9mirats Arabes Unis et de l\u2019Afrique du Sud (pays invit\u00e9s d\u2019honneur) pour d\u00e9velopper des solutions adapt\u00e9es au contexte africain \u00bb, a d\u00e9clar\u00e9 Fabrice Iri\u00e9 Bi, directeur g\u00e9n\u00e9ral d\u2019Otif Africa Space et commissaire g\u00e9n\u00e9ral de l\u2019\u00e9v\u00e9nement. Selon lui , l\u2019objectif principal du March\u00e9 Africain des Solutions Spatiales (MAAS) est de mettre en lumi\u00e8re les avanc\u00e9es technologiques et de renforcer les collaborations entre les diff\u00e9rents acteurs du secteur spatial.  \u00ab Faciliter les partenariats strat\u00e9giques entre acteurs locaux et internationaux, sensibiliser les gouvernements aux enjeux et opportunit\u00e9s li\u00e9s \u00e0 l\u2019espace, encourager l\u2019utilisation des solutions spatiales comme levier de d\u00e9veloppement durable et cr\u00e9er des opportunit\u00e9s commerciales dans un secteur en pleine expansion \u00bb a-t-il laiss\u00e9 entendre.  Auparavant , le pr\u00e9sident de l\u2019Agence Spatiale Africaine (AfSA) , Tidiane Ouattara,  a pr\u00e9cis\u00e9 que l\u2019industrie spatiale comprend quatre segments principaux, \u00e0 savoir, l\u2019observation de la terre (collecte de donn\u00e9es pour une meilleure gestion des ressources naturelles et les crises climatiques, des catastrophes naturelles, d\u00e9forestation), la navigation et le positionnement (transport, s\u00e9curit\u00e9, mines et \u00e9nergie), la communication par satellite (sant\u00e9, t\u00e9l\u00e9consultations, t\u00e9l\u00e9communications), l\u2019astronomie et exp\u00e9riences scientifiques (recherches innovantes pour l\u2019humanit\u00e9, pr\u00e9visions climatiques, inspirer les sciences spatiales aupr\u00e8s des jeunes\u2026).  Faut-il noter que le Mass b\u00e9n\u00e9ficie de l\u2019appui des minist\u00e8res cl\u00e9s que sont le minist\u00e8re de la Transition num\u00e9rique et de la digitalisation, du minist\u00e8re de l\u2019Enseignement sup\u00e9rieur et de la recherche scientifique, et du minist\u00e8re de la D\u00e9fense.<\/p>\n<p><strong>Moustapha Ismaila<\/strong><\/p>\n","protected":false},"excerpt":{"rendered":"<p>La capitale \u00e9conomique ivoirienne se pr\u00e9pare \u00e0 abriter, du 6 au 8 mai 2025, la toute premi\u00e8re \u00e9dition du March\u00e9 Africain des Solutions Spatiales (MAAS). Cet \u00e9v\u00e9nement, plac\u00e9 sous le th\u00e8me : \u00ab Solutions spatiales pour le d\u00e9veloppement socio-\u00e9conomique de l\u2019Afrique \u00bb, ambitionne de promouvoir l\u2019utilisation des technologies spatiales pour relever les d\u00e9fis du d\u00e9veloppement [&hellip;]<\/p>\n","protected":false},"author":4,"featured_media":36694,"comment_status":"closed","ping_status":"closed","sticky":false,"template":"","format":"standard","meta":{"_monsterinsights_skip_tracking":false,"_monsterinsights_sitenote_active":false,"_monsterinsights_sitenote_note":"","_monsterinsights_sitenote_category":0,"footnotes":""},"categories":[2,18],"tags":[200,180,3809,4558,4559],"class_list":["post-36693","post","type-post","status-publish","format-standard","has-post-thumbnail","hentry","category-featured","category-economie","tag-abidjan","tag-afrique","tag-developpement-durable","tag-marche-africain","tag-solutions-spatiales"],"_links":{"self":[{"href":"https:\/\/www.lintelligentdabidjan.info\/news\/wp-json\/wp\/v2\/posts\/36693","targetHints":{"allow":["GET"]}}],"collection":[{"href":"https:\/\/www.lintelligentdabidjan.info\/news\/wp-json\/wp\/v2\/posts"}],"about":[{"href":"https:\/\/www.lintelligentdabidjan.info\/news\/wp-json\/wp\/v2\/types\/post"}],"author":[{"embeddable":true,"href":"https:\/\/www.lintelligentdabidjan.info\/news\/wp-json\/wp\/v2\/users\/4"}],"replies":[{"embeddable":true,"href":"https:\/\/www.lintelligentdabidjan.info\/news\/wp-json\/wp\/v2\/comments?post=36693"}],"version-history":[{"count":1,"href":"https:\/\/www.lintelligentdabidjan.info\/news\/wp-json\/wp\/v2\/posts\/36693\/revisions"}],"predecessor-version":[{"id":36695,"href":"https:\/\/www.lintelligentdabidjan.info\/news\/wp-json\/wp\/v2\/posts\/36693\/revisions\/36695"}],"wp:featuredmedia":[{"embeddable":true,"href":"https:\/\/www.lintelligentdabidjan.info\/news\/wp-json\/wp\/v2\/media\/36694"}],"wp:attachment":[{"href":"https:\/\/www.lintelligentdabidjan.info\/news\/wp-json\/wp\/v2\/media?parent=36693"}],"wp:term":[{"taxonomy":"category","embeddable":true,"href":"https:\/\/www.lintelligentdabidjan.info\/news\/wp-json\/wp\/v2\/categories?post=36693"},{"taxonomy":"post_tag","embeddable":true,"href":"https:\/\/www.lintelligentdabidjan.info\/news\/wp-json\/wp\/v2\/tags?post=36693"}],"curies":[{"name":"wp","href":"https:\/\/api.w.org\/{rel}","templated":true}]}}