{"id":36696,"date":"2025-01-23T05:35:53","date_gmt":"2025-01-23T04:35:53","guid":{"rendered":"https:\/\/www.lintelligentdabidjan.info\/news\/?p=36696"},"modified":"2025-01-23T05:35:58","modified_gmt":"2025-01-23T04:35:58","slug":"lintelligent-en-pdf-presse-cmu-me-adama-kamara-et-la-banque-mondiale-consolident-le-partenariat","status":"publish","type":"post","link":"https:\/\/www.lintelligentdabidjan.info\/news\/lintelligent-en-pdf-presse-cmu-me-adama-kamara-et-la-banque-mondiale-consolident-le-partenariat\/","title":{"rendered":"L&#8217;Intelligent en PDF:   Presse-CMU  Me Adama Kamara et la Banque mondiale consolident le partenariat"},"content":{"rendered":"<p><strong>Le minist\u00e8re de l&#8217;Emploi et de la Protection sociale a concr\u00e9tis\u00e9 son engagement, sept mois apr\u00e8s l&#8217;atelier d&#8217;Assinie, o\u00f9 le titre d&#8217;Ambassadeurs avait \u00e9t\u00e9 attribu\u00e9 aux journalistes et responsables des m\u00e9dias. En effet, le mercredi 22 janvier 2025, une convention de partenariat a \u00e9t\u00e9 sign\u00e9e entre les entreprises de presse et la Caisse nationale d&#8217;Assurance Maladie (CNAM), structure charg\u00e9e de la r\u00e9gulation et du pilotage de la Couverture Maladie Universelle (CMU) en C\u00f4te d\u2019Ivoire. La c\u00e9r\u00e9monie officielle s&#8217;est d\u00e9roul\u00e9e au cabinet du minist\u00e8re de l&#8217;Emploi et de la Protection sociale, \u00e0 Abidjan Plateau. Qu&#8217;est ce qui s&#8217;est pass\u00e9 au cours de cette c\u00e9r\u00e9monie? <\/strong><\/p>\n<p>Article \u00e0 d\u00e9couvrir dans vos kiosques et en ligne sur&#8230;<\/p>\n<p><a href=\"https:\/\/news.abidjan.net\/titrologie\/39-lintelligent-dabidjan\/articles\" target=\"_blank\">https:\/\/news.abidjan.net\/titrologie\/39-lintelligent-dabidjan\/articles<\/a><\/p>\n<p>\u00c0 lire aussi Zadi Dj\u00e9dj\u00e9 lance la DIR pour un partenariat avec le Rhdp en vue des \u00e9lections apais\u00e9es, Anne Ouloto exhorte les nouveaux \u00e0 l\u2019exemplarit\u00e9 fonctionnaires \u00e0 \u00eatre des exemples, Experts ivoiriens et am\u00e9ricains en r\u00e9flexion pour la protection des enfants, La disponibilit\u00e9 du gouvernement pour le dialogue public-priv\u00e9 r\u00e9it\u00e9r\u00e9e.<\/p>\n<p>Cliquez pour les d\u00e9tails<\/p>\n<p><a href=\"https:\/\/www.afrikipresse.fr\/abonnement\" target=\"_blank\">https:\/\/www.afrikipresse.fr\/abonnement<\/a><\/p>\n<p>\u00c0 voir \u00e9galement la poursuite de la solidarit\u00e9 sans fronti\u00e8res et non partisane suite au d\u00e9c\u00e8s de la m\u00e8re du ministre d&#8217;\u00c9tat Adjoumani et les r\u00e9v\u00e9lations de JACOB DRI BI sur le Guichet Fin Culture.<\/p>\n<p><a href=\"https:\/\/www.pressecotedivoire.ci\/titrologie\" target=\"_blank\">https:\/\/www.pressecotedivoire.ci\/titrologie<\/a><\/p>\n","protected":false},"excerpt":{"rendered":"<p>Le minist\u00e8re de l&#8217;Emploi et de la Protection sociale a concr\u00e9tis\u00e9 son engagement, sept mois apr\u00e8s l&#8217;atelier d&#8217;Assinie, o\u00f9 le titre d&#8217;Ambassadeurs avait \u00e9t\u00e9 attribu\u00e9 aux journalistes et responsables des m\u00e9dias. En effet, le mercredi 22 janvier 2025, une convention de partenariat a \u00e9t\u00e9 sign\u00e9e entre les entreprises de presse et la Caisse nationale d&#8217;Assurance [&hellip;]<\/p>\n","protected":false},"author":4,"featured_media":36697,"comment_status":"closed","ping_status":"closed","sticky":false,"template":"","format":"standard","meta":{"_monsterinsights_skip_tracking":false,"_monsterinsights_sitenote_active":false,"_monsterinsights_sitenote_note":"","_monsterinsights_sitenote_category":0,"footnotes":""},"categories":[2,3],"tags":[],"class_list":["post-36696","post","type-post","status-publish","format-standard","has-post-thumbnail","hentry","category-featured","category-societe"],"_links":{"self":[{"href":"https:\/\/www.lintelligentdabidjan.info\/news\/wp-json\/wp\/v2\/posts\/36696","targetHints":{"allow":["GET"]}}],"collection":[{"href":"https:\/\/www.lintelligentdabidjan.info\/news\/wp-json\/wp\/v2\/posts"}],"about":[{"href":"https:\/\/www.lintelligentdabidjan.info\/news\/wp-json\/wp\/v2\/types\/post"}],"author":[{"embeddable":true,"href":"https:\/\/www.lintelligentdabidjan.info\/news\/wp-json\/wp\/v2\/users\/4"}],"replies":[{"embeddable":true,"href":"https:\/\/www.lintelligentdabidjan.info\/news\/wp-json\/wp\/v2\/comments?post=36696"}],"version-history":[{"count":1,"href":"https:\/\/www.lintelligentdabidjan.info\/news\/wp-json\/wp\/v2\/posts\/36696\/revisions"}],"predecessor-version":[{"id":36698,"href":"https:\/\/www.lintelligentdabidjan.info\/news\/wp-json\/wp\/v2\/posts\/36696\/revisions\/36698"}],"wp:featuredmedia":[{"embeddable":true,"href":"https:\/\/www.lintelligentdabidjan.info\/news\/wp-json\/wp\/v2\/media\/36697"}],"wp:attachment":[{"href":"https:\/\/www.lintelligentdabidjan.info\/news\/wp-json\/wp\/v2\/media?parent=36696"}],"wp:term":[{"taxonomy":"category","embeddable":true,"href":"https:\/\/www.lintelligentdabidjan.info\/news\/wp-json\/wp\/v2\/categories?post=36696"},{"taxonomy":"post_tag","embeddable":true,"href":"https:\/\/www.lintelligentdabidjan.info\/news\/wp-json\/wp\/v2\/tags?post=36696"}],"curies":[{"name":"wp","href":"https:\/\/api.w.org\/{rel}","templated":true}]}}