{"id":36712,"date":"2025-01-23T23:13:41","date_gmt":"2025-01-23T22:13:41","guid":{"rendered":"https:\/\/www.lintelligentdabidjan.info\/news\/?p=36712"},"modified":"2025-01-23T23:13:53","modified_gmt":"2025-01-23T22:13:53","slug":"mobilisation-dans-le-v-baoule-pour-une-victoire-du-rhdp-en-2025-jeannot-ahoussou-appelle-laccd-et-2025-ewan-ado-a-unir-leurs-forces","status":"publish","type":"post","link":"https:\/\/www.lintelligentdabidjan.info\/news\/mobilisation-dans-le-v-baoule-pour-une-victoire-du-rhdp-en-2025-jeannot-ahoussou-appelle-laccd-et-2025-ewan-ado-a-unir-leurs-forces\/","title":{"rendered":"Mobilisation dans le V-Baoul\u00e9 pour une victoire du RHDP en 2025 : Jeannot Ahoussou appelle l&#8217;ACCD et \u201c2025-Ewan ADO\u201d \u00e0 unir leurs forces"},"content":{"rendered":"<p><em><strong>Jeannot Ahoussou Kouadio a appel\u00e9 les mouvements ACCD et \u201c2025-Ewan ADO\u201d \u00e0 unir leurs forces pour mobiliser le V-Baoul\u00e9 en vue d&#8217;une victoire du RHDP \u00e0 la pr\u00e9sidentielle de 2025.<\/strong><\/em><\/p>\n<p>Le ministre conseiller du pr\u00e9sident de la R\u00e9publique, Jeannot Ahoussou Kouadio, a re\u00e7u \u00e0 son domicile \u00e0 Abidjan, Cocody Riviera 4, le mercredi 22 janvier 2025, le mouvement \u201c2025-Ewan ADO\u201d, cr\u00e9\u00e9 le 7 d\u00e9cembre 2024 par Jean Kouassi Abonouan, PCA de l&#8217;Office national de l&#8217;eau potable (ONEP). Ce mouvement a pour objectif de convaincre les populations du Centre de la C\u00f4te d\u2019Ivoire (le V-Baoul\u00e9) de s\u2019unir autour du candidat du RHDP pour l&#8217;\u00e9lection pr\u00e9sidentielle pr\u00e9vue en octobre 2025. Lors de cette rencontre, Jeannot Ahoussou Kouadio a \u00e9t\u00e9 d\u00e9sign\u00e9 pr\u00e9sident d\u2019honneur du mouvement. Apr\u00e8s avoir accept\u00e9 ce poste, l&#8217;ex-pr\u00e9sident du Conseil r\u00e9gional du B\u00e9lier a soulign\u00e9 l&#8217;importance pour les fils et filles des r\u00e9gions du Centre de travailler en \u00e9quipe. Il a ainsi encourag\u00e9 les responsables de \u201c2025-Ewan ADO\u201d \u00e0 unir leurs efforts avec ceux de l\u2019Association des cadres du centre pour le d\u00e9veloppement (ACCD), dirig\u00e9e par le ministre Am\u00e9d\u00e9 Kouakou.<\/p>\n<p>\u00ab Mobilisez-vous, chers fr\u00e8res. Nous allons \u00e0 la chasse. Nous avons besoin de tous les chasseurs. On ne gagne pas une \u00e9lection pr\u00e9sidentielle uniquement avec les militants de son parti. Il faut ratisser large \u00bb, a-t-il d\u00e9clar\u00e9. Selon lui, la mobilisation pour 2025 s\u2019annonce ardue, et il souhaite que 80 % des voix du V-Baoul\u00e9  soit accord\u00e9es au RHDP. Il a promis d&#8217;initier une rencontre entre Jean-Louis Abonouan et le ministre Am\u00e9d\u00e9 Kouakou pour \u00e9tablir un point de collaboration. Jean-Louis Abonouan, pr\u00e9sident de \u201c2025-Ewan ADO\u201d, a confirm\u00e9 que son mouvement compl\u00e8te les initiatives existantes pour mobiliser davantage en faveur du pr\u00e9sident Alassane Ouattara.<\/p>\n<p>Plusieurs chefs coutumiers et ressortissants du V-Baoul\u00e9 \u00e9taient pr\u00e9sents \u00e0 cette activit\u00e9, qui visait \u00e9galement \u00e0 pr\u00e9senter les v\u0153ux de nouvel an 2025 \u00e0 l\u2019ex-pr\u00e9sident du S\u00e9nat. Nanan Bangui, chef de Canton Gban et membre du directoire de la Chambre des rois et chefs traditionnels, \u00e9tait \u00e9galement pr\u00e9sent. Jeannot Ahoussou Kouadio et Louis Abonouan ont profit\u00e9 de l&#8217;occasion pour d\u00e9plorer les violences survenues dans leurs r\u00e9gions pendant les \u00e9lections de 2020, \u00e0 la suite des appels \u00e0 la d\u00e9sob\u00e9issance civile par l&#8217;opposition, et se sont engag\u00e9s \u00e0 \u0153uvrer pour \u00e9viter que cela ne se reproduise en 2025.<\/p>\n<p><strong>Jean-Hubert Koffo<\/strong><\/p>\n","protected":false},"excerpt":{"rendered":"<p>Jeannot Ahoussou Kouadio a appel\u00e9 les mouvements ACCD et \u201c2025-Ewan ADO\u201d \u00e0 unir leurs forces pour mobiliser le V-Baoul\u00e9 en vue d&#8217;une victoire du RHDP \u00e0 la pr\u00e9sidentielle de 2025. Le ministre conseiller du pr\u00e9sident de la R\u00e9publique, Jeannot Ahoussou Kouadio, a re\u00e7u \u00e0 son domicile \u00e0 Abidjan, Cocody Riviera 4, le mercredi 22 janvier [&hellip;]<\/p>\n","protected":false},"author":4,"featured_media":36713,"comment_status":"closed","ping_status":"closed","sticky":false,"template":"","format":"standard","meta":{"_monsterinsights_skip_tracking":false,"_monsterinsights_sitenote_active":false,"_monsterinsights_sitenote_note":"","_monsterinsights_sitenote_category":0,"footnotes":""},"categories":[2,17],"tags":[4443,3137,4563,2425,144,4564],"class_list":["post-36712","post","type-post","status-publish","format-standard","has-post-thumbnail","hentry","category-featured","category-politique","tag-2025-ewan-ado","tag-forces","tag-laccd","tag-mobilisation","tag-rhdp","tag-v-baoule"],"_links":{"self":[{"href":"https:\/\/www.lintelligentdabidjan.info\/news\/wp-json\/wp\/v2\/posts\/36712","targetHints":{"allow":["GET"]}}],"collection":[{"href":"https:\/\/www.lintelligentdabidjan.info\/news\/wp-json\/wp\/v2\/posts"}],"about":[{"href":"https:\/\/www.lintelligentdabidjan.info\/news\/wp-json\/wp\/v2\/types\/post"}],"author":[{"embeddable":true,"href":"https:\/\/www.lintelligentdabidjan.info\/news\/wp-json\/wp\/v2\/users\/4"}],"replies":[{"embeddable":true,"href":"https:\/\/www.lintelligentdabidjan.info\/news\/wp-json\/wp\/v2\/comments?post=36712"}],"version-history":[{"count":1,"href":"https:\/\/www.lintelligentdabidjan.info\/news\/wp-json\/wp\/v2\/posts\/36712\/revisions"}],"predecessor-version":[{"id":36714,"href":"https:\/\/www.lintelligentdabidjan.info\/news\/wp-json\/wp\/v2\/posts\/36712\/revisions\/36714"}],"wp:featuredmedia":[{"embeddable":true,"href":"https:\/\/www.lintelligentdabidjan.info\/news\/wp-json\/wp\/v2\/media\/36713"}],"wp:attachment":[{"href":"https:\/\/www.lintelligentdabidjan.info\/news\/wp-json\/wp\/v2\/media?parent=36712"}],"wp:term":[{"taxonomy":"category","embeddable":true,"href":"https:\/\/www.lintelligentdabidjan.info\/news\/wp-json\/wp\/v2\/categories?post=36712"},{"taxonomy":"post_tag","embeddable":true,"href":"https:\/\/www.lintelligentdabidjan.info\/news\/wp-json\/wp\/v2\/tags?post=36712"}],"curies":[{"name":"wp","href":"https:\/\/api.w.org\/{rel}","templated":true}]}}