{"id":36715,"date":"2025-01-24T18:11:28","date_gmt":"2025-01-24T17:11:28","guid":{"rendered":"https:\/\/www.lintelligentdabidjan.info\/news\/?p=36715"},"modified":"2025-01-24T20:24:57","modified_gmt":"2025-01-24T19:24:57","slug":"daloa-les-etudiants-et-enseignants-invites-a-postuler-au-programme-erasmus","status":"publish","type":"post","link":"https:\/\/www.lintelligentdabidjan.info\/news\/daloa-les-etudiants-et-enseignants-invites-a-postuler-au-programme-erasmus\/","title":{"rendered":"Daloa : Les \u00e9tudiants et enseignants invit\u00e9s \u00e0 postuler au programme Erasmus+"},"content":{"rendered":"<p><em><strong>Les \u00e9tudiants et les enseignants de l\u2019Universit\u00e9 Jean Lorougnon Gu\u00e9d\u00e9 (UJLoG) de Daloa ont \u00e9t\u00e9 invit\u00e9s, le mercredi 22 janvier 2025, \u00e0 postuler au programme Erasmus+, lors d\u2019une journ\u00e9e portes ouvertes organis\u00e9e dans l\u2019amphith\u00e9\u00e2tre Tidou Abiba Sanogo. <\/strong><\/em><\/p>\n<p>Ce programme phare de l\u2019Union europ\u00e9enne, ax\u00e9 sur l\u2019\u00e9ducation, la formation, la jeunesse et le sport, vise \u00e0 offrir de nouvelles perspectives acad\u00e9miques et professionnelles \u00e0 ses b\u00e9n\u00e9ficiaires.<\/p>\n<p>L\u2019\u00e9v\u00e9nement a rassembl\u00e9 \u00e9tudiants, enseignants-chercheurs et personnel administratif autour des opportunit\u00e9s offertes par ce programme europ\u00e9en. <\/p>\n<p>Le point focal national du programme en C\u00f4te d\u2019Ivoire, Dr Tillous Kessein \u00c9ric, a expliqu\u00e9 les avantages de la mobilit\u00e9 universitaire et encourag\u00e9 tous les participants \u00e0 poser leur candidature.<\/p>\n<p>Erasmus+ permet aux \u00e9tudiants de licence, master et doctorat, ainsi qu\u2019aux enseignants-chercheurs et au personnel administratif, de b\u00e9n\u00e9ficier de bourses pour des \u00e9tudes, stages, recherches ou formations dans des institutions europ\u00e9ennes. <\/p>\n<p>Ces \u00e9changes offrent la possibilit\u00e9 d\u2019obtenir des dipl\u00f4mes internationaux, de renforcer les comp\u00e9tences professionnelles et d\u2019accro\u00eetre la visibilit\u00e9 acad\u00e9mique des b\u00e9n\u00e9ficiaires.<\/p>\n<p>Pour le professeur Kon\u00e9 Issiaka, vice-pr\u00e9sident charg\u00e9 des relations ext\u00e9rieures de l\u2019UJLoG, ce programme est un atout majeur : \u00ab Participer \u00e0 Erasmus+ renforce notre visibilit\u00e9 internationale, am\u00e9liore la formation de nos \u00e9tudiants et enseignants, et pr\u00e9pare notre universit\u00e9 \u00e0 relever les d\u00e9fis globaux. \u00bb <\/p>\n<p>Depuis 2010, l\u2019UJLoG a vu une cinquantaine d\u2019\u00e9tudiants et une quinzaine de membres de son personnel participer \u00e0 des \u00e9changes avec des universit\u00e9s europ\u00e9ennes partenaires, telles que l\u2019Universit\u00e9 de Palerme en Italie.<\/p>\n<p>Avec un budget de 26,6 milliards d\u2019euros pour la p\u00e9riode 2021-2027, Erasmus+ met un accent particulier sur l\u2019Afrique subsaharienne, dont le financement a \u00e9t\u00e9 tripl\u00e9 pour atteindre 570 millions d\u2019euros. Une strat\u00e9gie qui vise \u00e0 renforcer les capacit\u00e9s des universit\u00e9s africaines tout en promouvant des partenariats internationaux.<\/p>\n<p>La journ\u00e9e a \u00e9galement \u00e9t\u00e9 marqu\u00e9e par des t\u00e9moignages d\u2019anciens b\u00e9n\u00e9ficiaires, qui ont partag\u00e9 leurs exp\u00e9riences et mis en lumi\u00e8re les retomb\u00e9es positives de ces mobilit\u00e9s sur leurs parcours acad\u00e9miques et professionnels.<\/p>\n<p><strong>Beker Yao <\/strong><\/p>\n","protected":false},"excerpt":{"rendered":"<p>Les \u00e9tudiants et les enseignants de l\u2019Universit\u00e9 Jean Lorougnon Gu\u00e9d\u00e9 (UJLoG) de Daloa ont \u00e9t\u00e9 invit\u00e9s, le mercredi 22 janvier 2025, \u00e0 postuler au programme Erasmus+, lors d\u2019une journ\u00e9e portes ouvertes organis\u00e9e dans l\u2019amphith\u00e9\u00e2tre Tidou Abiba Sanogo. Ce programme phare de l\u2019Union europ\u00e9enne, ax\u00e9 sur l\u2019\u00e9ducation, la formation, la jeunesse et le sport, vise \u00e0 [&hellip;]<\/p>\n","protected":false},"author":4,"featured_media":36718,"comment_status":"closed","ping_status":"closed","sticky":false,"template":"","format":"standard","meta":{"_monsterinsights_skip_tracking":false,"_monsterinsights_sitenote_active":false,"_monsterinsights_sitenote_note":"","_monsterinsights_sitenote_category":0,"footnotes":""},"categories":[2,3],"tags":[105,2042,3176,598],"class_list":["post-36715","post","type-post","status-publish","format-standard","has-post-thumbnail","hentry","category-featured","category-societe","tag-daloa","tag-enseignants","tag-erasmus","tag-etudiants"],"_links":{"self":[{"href":"https:\/\/www.lintelligentdabidjan.info\/news\/wp-json\/wp\/v2\/posts\/36715","targetHints":{"allow":["GET"]}}],"collection":[{"href":"https:\/\/www.lintelligentdabidjan.info\/news\/wp-json\/wp\/v2\/posts"}],"about":[{"href":"https:\/\/www.lintelligentdabidjan.info\/news\/wp-json\/wp\/v2\/types\/post"}],"author":[{"embeddable":true,"href":"https:\/\/www.lintelligentdabidjan.info\/news\/wp-json\/wp\/v2\/users\/4"}],"replies":[{"embeddable":true,"href":"https:\/\/www.lintelligentdabidjan.info\/news\/wp-json\/wp\/v2\/comments?post=36715"}],"version-history":[{"count":1,"href":"https:\/\/www.lintelligentdabidjan.info\/news\/wp-json\/wp\/v2\/posts\/36715\/revisions"}],"predecessor-version":[{"id":36716,"href":"https:\/\/www.lintelligentdabidjan.info\/news\/wp-json\/wp\/v2\/posts\/36715\/revisions\/36716"}],"wp:featuredmedia":[{"embeddable":true,"href":"https:\/\/www.lintelligentdabidjan.info\/news\/wp-json\/wp\/v2\/media\/36718"}],"wp:attachment":[{"href":"https:\/\/www.lintelligentdabidjan.info\/news\/wp-json\/wp\/v2\/media?parent=36715"}],"wp:term":[{"taxonomy":"category","embeddable":true,"href":"https:\/\/www.lintelligentdabidjan.info\/news\/wp-json\/wp\/v2\/categories?post=36715"},{"taxonomy":"post_tag","embeddable":true,"href":"https:\/\/www.lintelligentdabidjan.info\/news\/wp-json\/wp\/v2\/tags?post=36715"}],"curies":[{"name":"wp","href":"https:\/\/api.w.org\/{rel}","templated":true}]}}