{"id":36719,"date":"2025-01-27T05:33:24","date_gmt":"2025-01-27T04:33:24","guid":{"rendered":"https:\/\/www.lintelligentdabidjan.info\/news\/?p=36719"},"modified":"2025-01-27T05:33:28","modified_gmt":"2025-01-27T04:33:28","slug":"dispositifs-daccompagnement-a-linsertion-professionnelle-des-jeunes-les-beneficiaires-de-dabakala-temoignent","status":"publish","type":"post","link":"https:\/\/www.lintelligentdabidjan.info\/news\/dispositifs-daccompagnement-a-linsertion-professionnelle-des-jeunes-les-beneficiaires-de-dabakala-temoignent\/","title":{"rendered":"Dispositifs d\u2019accompagnement \u00e0 l\u2019insertion professionnelle des jeunes-   Les b\u00e9n\u00e9ficiaires de Dabakala t\u00e9moignent"},"content":{"rendered":"<p><em><strong>Du 23 au 25 janvier 2025, le minist\u00e8re de la Promotion de la Jeunesse, de l\u2019Insertion professionnelle et du Service civique a men\u00e9 une mission de proximit\u00e9 dans la r\u00e9gion du Hambol pour promouvoir les diff\u00e9rents dispositifs d\u2019accompagnement \u00e0 l\u2019insertion professionnelle des jeunes. Le 24 janvier, des \u00e9changes ont eu lieu avec plusieurs b\u00e9n\u00e9ficiaires, t\u00e9moignant des bienfaits de cette politique gouvernementale.<\/strong><\/em><\/p>\n<p><strong>Fofana Madok\u00e9, assistante comptable : \u00ab La politique du chef de l\u2019\u00c9tat change de nombreuses vies \u00bb<\/strong><\/p>\n<p>Titulaire d&#8217;un BTS en finance comptabilit\u00e9, Fofana a b\u00e9n\u00e9fici\u00e9 d\u2019un stage de qualification de six mois gr\u00e2ce \u00e0 l&#8217;Agence emploi jeune. Depuis, elle est en poste dans une entreprise de transformation de noix de cajou. Elle t\u00e9moigne : \u00ab Je suis titulaire d&#8217;un BTS en finance comptabilit\u00e9. Gr\u00e2ce \u00e0 l\u2019Agence Emploi Jeune, j&#8217;ai b\u00e9n\u00e9fici\u00e9 d\u00e8s juillet d&#8217;un stage de qualification de six mois. Apr\u00e8s ce stage de qualification que j&#8217;ai commenc\u00e9 en juillet 2023, je suis dans ma deuxi\u00e8me ann\u00e9e d&#8217;embauche dans cette entreprise. Je n&#8217;ai jamais b\u00e9n\u00e9fici\u00e9 d&#8217;un parrainage pour \u00eatre retenue par l&#8217;Agence Emploi Jeune. Je ne suis pas militante d&#8217;un parti politique. Depuis que cette opportunit\u00e9 m&#8217;a \u00e9t\u00e9 offerte, ma vie a connu un grand changement. Je me suis perfectionn\u00e9e en comptabilit\u00e9. Sur le plan social, ma voix compte dans la famille. J&#8217;arrive \u00e0 faire face \u00e0 mes charges. Quant au chef de l&#8217;\u00c9tat, je ne sais quoi dire, tellement sa politique en faveur des jeunes sauve de nombreuses vies. Que les jeunes saisissent les opportunit\u00e9s cr\u00e9\u00e9es. \u00bb<\/p>\n<p><strong>Ouattara Ma\u00efmouna , stagiaire \u00e0 la mairie de Dabakala : \u00ab Ce stage m\u2019a permis d\u2019acqu\u00e9rir des comp\u00e9tences \u00bb<\/strong><\/p>\n<p>Dipl\u00f4m\u00e9e d\u2019un BTS en ressources humaines et communication, Ma\u00efmouna a effectu\u00e9 un stage \u00e0 la mairie de Dabakala dans le service administratif. Gr\u00e2ce \u00e0 cette exp\u00e9rience, elle a renforc\u00e9 ses comp\u00e9tences informatiques et esp\u00e8re d\u00e9crocher un poste permanent. \u00ab Je suis titulaire d&#8217;un BTS en ressources humaines et communication. J&#8217;ai postul\u00e9 sur le site de l\u2019Agence Emploi Jeune \u00e0 la pr\u00e9fecture de Dabakala. Je b\u00e9n\u00e9ficie d&#8217;un stage \u00e0 la mairie de Dabakala, plus pr\u00e9cis\u00e9ment au service administratif. Quand je postulais, je n&#8217;avais pas trop confiance au dispositif. Mais j&#8217;ai tent\u00e9 ma chance. Cela fait deux mois que je suis l\u00e0. Ce stage m&#8217;a permis d&#8217;acqu\u00e9rir des comp\u00e9tences. J&#8217;ai une meilleure ma\u00eetrise de l&#8217;informatique. J&#8217;esp\u00e8re \u00eatre retenue \u00e0 l&#8217;issue de ce stage. Je pr\u00e9conise \u00e0 la jeunesse de Dabakala de postuler pour les opportunit\u00e9s cr\u00e9\u00e9es par l&#8217;\u00c9tat. Au gouvernement, je dis merci beaucoup pour cette politique en faveur des jeunes. \u00bb<\/p>\n<p><strong>Ouattara Inza, stagiaire \u00e0 la mairie de Dabakala : \u00ab Nous sommes enti\u00e8rement reconnaissants \u00bb<\/strong><\/p>\n<p>Avec un BTS en ressources humaines et communication, Inza a obtenu un stage \u00e0 la mairie de Dabakala. Il souligne : \u00ab Je suis titulaire d&#8217;un BTS en ressources humaines et communication. J&#8217;ai obtenu mon stage gr\u00e2ce \u00e0 l&#8217;Agence Emploi Jeune o\u00f9 j&#8217;avais postul\u00e9 pour ce programme. Au sein de la mairie, je n&#8217;ai pas de poste fixe. J&#8217;interviens pratiquement dans diff\u00e9rents services. C&#8217;est un stage pratique qui nous apprend beaucoup plus. Que tous les jeunes de Dabakala pensent \u00e0 s&#8217;inscrire \u00e0 l&#8217;Agence Emploi Jeune. Il y a plusieurs opportunit\u00e9s, notamment des stages d&#8217;\u00e9cole et des stages de perfectionnement. Merci au pr\u00e9sident de la R\u00e9publique qui met sa jeunesse au c\u0153ur de ses priorit\u00e9s. Nous lui sommes enti\u00e8rement reconnaissants. \u00bb<\/p>\n<p><strong>Kouassi Kouakou Ferdinand, M\u00e9canicien : \u00ab J\u2019ai eu Dieu comme parrain pour \u00eatre retenu \u00bb<\/strong><\/p>\n<p>Kouassi, apr\u00e8s sa formation en m\u00e9canique, s\u2019est inscrit \u00e0 l\u2019Agence emploi jeune et a \u00e9t\u00e9 retenu pour un stage dans une usine de Dabakala : \u00ab \u00c0 la base, j&#8217;ai fait une formation en m\u00e9canique. Apr\u00e8s la formation, je me suis inscrit sur la plateforme de l\u2019Agence Emploi Jeune de Dabakala. On a vu les offres de stage, on a postul\u00e9 et on a \u00e9t\u00e9 retenu. J&#8217;ai eu Dieu comme parrain pour \u00eatre retenu. Je ne connaissais personne \u00e0 l&#8217;Agence Emploi Jeune. J&#8217;ai suivi ma formation en juillet 2023. La formation s&#8217;est termin\u00e9e en d\u00e9cembre. J&#8217;ai \u00e9t\u00e9 retenu par l&#8217;entreprise \u00e0 l&#8217;issue de mon stage. Je travaille dans de bonnes conditions. Aujourd&#8217;hui, j&#8217;arrive \u00e0 me prendre en charge. Avant, on n&#8217;arrivait m\u00eame pas \u00e0 faire un transfert d&#8217;unit\u00e9 de 500 F. Mais aujourd&#8217;hui, \u00e7a va nettement mieux. J&#8217;arrive \u00e0 faire face \u00e0 mes charges et \u00e0 soutenir mes g\u00e9niteurs. Que les jeunes aient confiance en l&#8217;\u00c9tat. Je remercie le gouvernement pour tout ce qui est entrepris pour la jeunesse. \u00bb<\/p>\n<p><strong>Serichon Ouattara, propri\u00e9taire de pressing : \u00ab Nous avons obtenu un financement de 2 millions FCFA \u00bb<\/strong><\/p>\n<p>Serichon a d\u00e9but\u00e9 dans la vente de chaussures avant de se lancer dans le pressing, une activit\u00e9 qui r\u00e9pondait aux besoins locaux. Gr\u00e2ce au programme \u00ab Agir \u00bb de l&#8217;Agence emploi jeune, il a obtenu un financement de 2 millions FCFA, permettant d\u2019acqu\u00e9rir des machines semi-industrielles et d&#8217;agrandir son entreprise. \u00ab \u00c0 l&#8217;origine, on avait commenc\u00e9 par la vente de chaussures. Apr\u00e8s, nous avons constat\u00e9 qu&#8217;il y avait un besoin en mati\u00e8re de pressing d\u00fb au boom \u00e9conomique que conna\u00eet le d\u00e9partement. On a commenc\u00e9 sur fonds propres. Mais on n&#8217;arrivait pas \u00e0 satisfaire les clients. J&#8217;ai entendu parler de l&#8217;Agence Emploi Jeune. J&#8217;ai postul\u00e9. On a \u00e9t\u00e9 mis sur le projet &#8220;Agir&#8221;. Dieu merci, on a \u00e9t\u00e9 retenu. On a eu un pr\u00eat de deux millions FCFA de l&#8217;Agence Emploi Jeune. On a pu acqu\u00e9rir des machines semi-industrielles qui peuvent travailler \u00e0 tout moment. Aujourd&#8217;hui, on est encore plus efficace. On a pour objectif d&#8217;ouvrir d&#8217;autres pressings dans les semaines \u00e0 venir. On \u00e9tait trois au d\u00e9part du projet. Aujourd&#8217;hui, on emploie deux personnes. Merci \u00e0 l&#8217;\u00c9tat et au gouvernement de nous avoir permis de r\u00e9aliser notre projet. Jeunes, approchez les agences Emploi Jeune pour \u00eatre autonomes.\u00bb<\/p>\n<p>Ces t\u00e9moignages illustrent l\u2019impact direct des dispositifs d\u2019accompagnement \u00e0 l\u2019insertion professionnelle des jeunes. Gr\u00e2ce \u00e0 ces initiatives, de nombreux jeunes de Dabakala connaissent un v\u00e9ritable tournant dans leur vie professionnelle et sociale.<\/p>\n<p><strong>Ly Abdul <\/strong><\/p>\n","protected":false},"excerpt":{"rendered":"<p>Du 23 au 25 janvier 2025, le minist\u00e8re de la Promotion de la Jeunesse, de l\u2019Insertion professionnelle et du Service civique a men\u00e9 une mission de proximit\u00e9 dans la r\u00e9gion du Hambol pour promouvoir les diff\u00e9rents dispositifs d\u2019accompagnement \u00e0 l\u2019insertion professionnelle des jeunes. Le 24 janvier, des \u00e9changes ont eu lieu avec plusieurs b\u00e9n\u00e9ficiaires, t\u00e9moignant [&hellip;]<\/p>\n","protected":false},"author":4,"featured_media":36721,"comment_status":"closed","ping_status":"closed","sticky":false,"template":"","format":"standard","meta":{"_monsterinsights_skip_tracking":false,"_monsterinsights_sitenote_active":false,"_monsterinsights_sitenote_note":"","_monsterinsights_sitenote_category":0,"footnotes":""},"categories":[2,3],"tags":[],"class_list":["post-36719","post","type-post","status-publish","format-standard","has-post-thumbnail","hentry","category-featured","category-societe"],"_links":{"self":[{"href":"https:\/\/www.lintelligentdabidjan.info\/news\/wp-json\/wp\/v2\/posts\/36719","targetHints":{"allow":["GET"]}}],"collection":[{"href":"https:\/\/www.lintelligentdabidjan.info\/news\/wp-json\/wp\/v2\/posts"}],"about":[{"href":"https:\/\/www.lintelligentdabidjan.info\/news\/wp-json\/wp\/v2\/types\/post"}],"author":[{"embeddable":true,"href":"https:\/\/www.lintelligentdabidjan.info\/news\/wp-json\/wp\/v2\/users\/4"}],"replies":[{"embeddable":true,"href":"https:\/\/www.lintelligentdabidjan.info\/news\/wp-json\/wp\/v2\/comments?post=36719"}],"version-history":[{"count":1,"href":"https:\/\/www.lintelligentdabidjan.info\/news\/wp-json\/wp\/v2\/posts\/36719\/revisions"}],"predecessor-version":[{"id":36722,"href":"https:\/\/www.lintelligentdabidjan.info\/news\/wp-json\/wp\/v2\/posts\/36719\/revisions\/36722"}],"wp:featuredmedia":[{"embeddable":true,"href":"https:\/\/www.lintelligentdabidjan.info\/news\/wp-json\/wp\/v2\/media\/36721"}],"wp:attachment":[{"href":"https:\/\/www.lintelligentdabidjan.info\/news\/wp-json\/wp\/v2\/media?parent=36719"}],"wp:term":[{"taxonomy":"category","embeddable":true,"href":"https:\/\/www.lintelligentdabidjan.info\/news\/wp-json\/wp\/v2\/categories?post=36719"},{"taxonomy":"post_tag","embeddable":true,"href":"https:\/\/www.lintelligentdabidjan.info\/news\/wp-json\/wp\/v2\/tags?post=36719"}],"curies":[{"name":"wp","href":"https:\/\/api.w.org\/{rel}","templated":true}]}}