{"id":36729,"date":"2025-01-27T05:43:49","date_gmt":"2025-01-27T04:43:49","guid":{"rendered":"https:\/\/www.lintelligentdabidjan.info\/news\/?p=36729"},"modified":"2025-01-27T05:43:53","modified_gmt":"2025-01-27T04:43:53","slug":"rentree-2024-2025-de-lim2s-un-avenir-face-aux-defis-de-la-securite-sociale","status":"publish","type":"post","link":"https:\/\/www.lintelligentdabidjan.info\/news\/rentree-2024-2025-de-lim2s-un-avenir-face-aux-defis-de-la-securite-sociale\/","title":{"rendered":"Rentr\u00e9e 2024-2025 de l&#8217;Im2s-   Un avenir face aux d\u00e9fis de la s\u00e9curit\u00e9 sociale"},"content":{"rendered":"<p><em><strong>L\u2019Institut de Formation aux M\u00e9tiers de la S\u00e9curit\u00e9 Sociale (Im2s) a organis\u00e9 la c\u00e9r\u00e9monie solennelle de rentr\u00e9e de la scolarit\u00e9 2024-2025 du Centre Ivoirien de Formation des Cadres de S\u00e9curit\u00e9 Sociale (Cifocss) \u00e0 l\u2019Auditorium de la pr\u00e9voyance de l\u2019immeuble Cnps \u00e0 Abidjan-Plateau.<\/strong><\/em><\/p>\n<p>Pour cette rentr\u00e9e, 137 \u00e9tudiants en provenance de 10 organismes de protection sociale de 6 diff\u00e9rents pays vont d\u00e9buter les cours dans 4 des 6 cycles de formation propos\u00e9s par le Cifocss. Le directeur g\u00e9n\u00e9ral adjoint de la Caisse nationale de la Pr\u00e9voyance Sociale (Cnps), Silu\u00e9 Jacques a exprim\u00e9 sa joie de voir ces \u00e9tudiants d\u00e9sireux de renforcer leurs connaissances afin d&#8217;\u00eatre plus op\u00e9rationnels et comp\u00e9titifs face aux nombreux d\u00e9fis auxquels l\u2019\u00e9cosyst\u00e8me de la s\u00e9curit\u00e9 sociale doit faire face. Il a \u00e9galement rassur\u00e9 les \u00e9tudiants que la direction g\u00e9n\u00e9rale de la Cnps mettra tout en \u0153uvre, comme \u00e0 son habitude, pour que cette scolarit\u00e9 2024-2025 se d\u00e9roule, \u00e0 l\u2019instar des pr\u00e9c\u00e9dentes, dans les meilleures conditions possibles. \u00ab Nos \u00e9quipes et l\u2019Im2s et l\u2019ensemble de nos collaborateurs se feront fort d\u2019accompagner chacun de vous durant ces 12 mois de formation pour faciliter et favoriser vos apprentissages et vous permettre surtout de tirer le meilleur profit de l\u2019opportunit\u00e9 que vous offre cette formation. Nous sommes engag\u00e9s pour am\u00e9liorer les conditions de vie de nos \u00e9tudiants. Chers \u00e9tudiants, je voudrais vous inviter \u00e0 vous impliquer, \u00e0 participer de fa\u00e7on active aux enseignements que vont vous dispenser les formateurs \u00bb, a-t-il d\u00e9clar\u00e9. Par ailleurs, il a soulign\u00e9 qu&#8217;il est essentiel d&#8217;anticiper les probl\u00e9matiques dans un monde en constante \u00e9volution, notamment avec l\u2019av\u00e8nement d\u2019Internet et de l\u2019Intelligence Artificielle (IA). \u00abIl faut que nous commencions \u00e0 nous poser des questions avec le ph\u00e9nom\u00e8ne de l\u2019Intelligence Artificielle parce que demain, nous aurons des salari\u00e9s qui vont continuer de cotiser. C\u2019est l\u2019une des probl\u00e9matiques que nous devons aborder. Il ne faut pas se laisser surprendre comme certains dans certains domaines qui ont vu des postes qui   ont connu beaucoup de difficult\u00e9s apr\u00e8s l\u2019av\u00e8nement de l\u2019Internet. Nous,  en tant que sp\u00e9cialistes, nous allons commencer \u00e0 r\u00e9fl\u00e9chir sur l\u2019avenir de la s\u00e9curit\u00e9 sociale dans notre pays\u00bb, a expliqu\u00e9 Silu\u00e9 Jacques. <\/p>\n<p>Le directeur de l\u2019Institut de Formation aux M\u00e9tiers de la S\u00e9curit\u00e9 Sociale (Im2s), Say\u00e9 Kedakan Judica\u00ebl, a \u00e9galement invit\u00e9 les \u00e9tudiants \u00e0 faire preuve de s\u00e9rieux et \u00e0 s&#8217;impliquer pleinement durant ces 12 mois de formation afin de pr\u00e9server le prestige et la renomm\u00e9e de l\u2019institut, tout en r\u00e9pondant aux attentes plac\u00e9es en eux par leurs diff\u00e9rents organismes. \u00c0 terme, pour cette scolarit\u00e9 2025, il a pr\u00e9cis\u00e9 que le Cifocss enregistrera 166 \u00e9tudiants, puisqu&#8217;une seconde promotion du cycle des 25 conseils d\u00e9butera sa scolarit\u00e9 en mai 2025.<\/p>\n<p><strong>Mamadou Ouattara avec A. Traor\u00e9<\/strong><\/p>\n","protected":false},"excerpt":{"rendered":"<p>L\u2019Institut de Formation aux M\u00e9tiers de la S\u00e9curit\u00e9 Sociale (Im2s) a organis\u00e9 la c\u00e9r\u00e9monie solennelle de rentr\u00e9e de la scolarit\u00e9 2024-2025 du Centre Ivoirien de Formation des Cadres de S\u00e9curit\u00e9 Sociale (Cifocss) \u00e0 l\u2019Auditorium de la pr\u00e9voyance de l\u2019immeuble Cnps \u00e0 Abidjan-Plateau. Pour cette rentr\u00e9e, 137 \u00e9tudiants en provenance de 10 organismes de protection sociale [&hellip;]<\/p>\n","protected":false},"author":4,"featured_media":36730,"comment_status":"closed","ping_status":"closed","sticky":false,"template":"","format":"standard","meta":{"_monsterinsights_skip_tracking":false,"_monsterinsights_sitenote_active":false,"_monsterinsights_sitenote_note":"","_monsterinsights_sitenote_category":0,"footnotes":""},"categories":[2,3],"tags":[1648,513,4574,4573,854],"class_list":["post-36729","post","type-post","status-publish","format-standard","has-post-thumbnail","hentry","category-featured","category-societe","tag-avenir","tag-defis","tag-im2s","tag-rentree-2024-2025","tag-securite-sociale"],"_links":{"self":[{"href":"https:\/\/www.lintelligentdabidjan.info\/news\/wp-json\/wp\/v2\/posts\/36729","targetHints":{"allow":["GET"]}}],"collection":[{"href":"https:\/\/www.lintelligentdabidjan.info\/news\/wp-json\/wp\/v2\/posts"}],"about":[{"href":"https:\/\/www.lintelligentdabidjan.info\/news\/wp-json\/wp\/v2\/types\/post"}],"author":[{"embeddable":true,"href":"https:\/\/www.lintelligentdabidjan.info\/news\/wp-json\/wp\/v2\/users\/4"}],"replies":[{"embeddable":true,"href":"https:\/\/www.lintelligentdabidjan.info\/news\/wp-json\/wp\/v2\/comments?post=36729"}],"version-history":[{"count":1,"href":"https:\/\/www.lintelligentdabidjan.info\/news\/wp-json\/wp\/v2\/posts\/36729\/revisions"}],"predecessor-version":[{"id":36731,"href":"https:\/\/www.lintelligentdabidjan.info\/news\/wp-json\/wp\/v2\/posts\/36729\/revisions\/36731"}],"wp:featuredmedia":[{"embeddable":true,"href":"https:\/\/www.lintelligentdabidjan.info\/news\/wp-json\/wp\/v2\/media\/36730"}],"wp:attachment":[{"href":"https:\/\/www.lintelligentdabidjan.info\/news\/wp-json\/wp\/v2\/media?parent=36729"}],"wp:term":[{"taxonomy":"category","embeddable":true,"href":"https:\/\/www.lintelligentdabidjan.info\/news\/wp-json\/wp\/v2\/categories?post=36729"},{"taxonomy":"post_tag","embeddable":true,"href":"https:\/\/www.lintelligentdabidjan.info\/news\/wp-json\/wp\/v2\/tags?post=36729"}],"curies":[{"name":"wp","href":"https:\/\/api.w.org\/{rel}","templated":true}]}}