{"id":3673,"date":"2017-04-15T15:05:23","date_gmt":"2017-04-15T13:05:23","guid":{"rendered":"http:\/\/www.lintelligentdabidjan.info\/news\/?p=3673"},"modified":"2017-04-19T20:54:27","modified_gmt":"2017-04-19T18:54:27","slug":"liberalisation-de-lespace-audiovisuel-la-rti-sort-ses-griffes-contre-la-concurrence","status":"publish","type":"post","link":"https:\/\/www.lintelligentdabidjan.info\/news\/liberalisation-de-lespace-audiovisuel-la-rti-sort-ses-griffes-contre-la-concurrence\/","title":{"rendered":"Lib\u00e9ralisation de l\u2019espace audiovisuel : La RTI sort ses griffes contre la concurrence"},"content":{"rendered":"<p>La c\u00e9r\u00e9monie de lancement du nouveau \u2018\u2019Journal t\u00e9l\u00e9vis\u00e9\u2019\u2019 de la RTI a eu lieu le lundi 10 avril 2017, \u00e0 son si\u00e8ge situ\u00e9 \u00e0 Cocody.\u00a0<!--more--> C\u2019\u00e9tait en pr\u00e9sence du ministre de la Communication, de l\u2019Economie num\u00e9rique et de la Poste, Bruno Nabagn\u00e9 Kon\u00e9, de la Directrice de la Communication de la Pr\u00e9sidence de la R\u00e9publique, Madame Mass\u00e9r\u00e9 Tour\u00e9-Kon\u00e9, du PCA de la RTI Brou Aka Pascal, du DG Ahmadou Bakayoko, du DGA Y\u00e9o Adama et de bien d\u2019autres invit\u00e9s.<br \/>\nLes raisons de cette nouveaut\u00e9 ne sont pas \u00e0 chercher ailleurs, selon le directeur g\u00e9n\u00e9ral de la RTI qui a expliqu\u00e9 qu\u2019il s\u2019agit de satisfaire de plus en plus les t\u00e9l\u00e9spectateurs de la t\u00e9l\u00e9vision nationale : \u00ab Nous garantissons que nous allons mouiller le maillot pour satisfaire toujours les t\u00e9l\u00e9spectateurs du Journal de 20 heures \u00bb.<br \/>\nPour sa part, le Pr\u00e9sident du Conseil d\u2019administration de la t\u00e9l\u00e9 publique, Brou Aka Pascal, s\u2019est dit heureux de voir la RTI s\u2019\u00e9quiper, se pr\u00e9parer pour affronter la concurrence qui est d\u00e9j\u00e0 l\u00e0. Il a termin\u00e9 ses propos en f\u00e9licitant le DG Ahmadou Bakayoko et ses collaborateurs pour la r\u00e9alisation de ce nouveau studio et plateau du Journal t\u00e9l\u00e9vis\u00e9.<br \/>\nLe ministre de tutelle, Bruno Nabagn\u00e9 Kon\u00e9 a \u00e9galement abond\u00e9 dans le m\u00eame sens : \u00ab La RTI poursuivra sa marche en avant (\u2026) Je f\u00e9licite le directeur g\u00e9n\u00e9ral de la RTI et son \u00e9quipe pour le travail remarquable abattu dans des conditions que nous savons difficiles (\u2026) Vous faites un travail que nous savons ingrat, parce que la RTI est regard\u00e9e par des millions de personnes \u00e0 travers le monde entier. Des personnes aux go\u00fbts et opinions diverses, qui scrutent et jugent ce que vous faites, seconde par seconde. Et malheureusement, le bruit de fond qui est entendu, comme partout, est celui des m\u00e9contents. Parce que celui qui appr\u00e9cie, se tait pour mieux appr\u00e9cier (\u2026) Les principales critiques qu\u2019on entend de la bouche de vos d\u00e9tracteurs, ne consistent principalement qu\u2019\u00e0 vous comparer aux t\u00e9l\u00e9visions des pays occidentaux. C\u2019est plut\u00f4t appr\u00e9ciable. C\u2019est la marque de votre succ\u00e8s (\u2026) Au-del\u00e0 du fait que les critiques vous permettent de vous am\u00e9liorer, elles doivent vous permettre de vous galvaniser, et de vous permettre \u00e0 faire plus et mieux (\u2026) Bravo donc \u00e0 la RTI qui r\u00e9pond ainsi \u00e0 la demande d\u2019\u00e9mergence voulue par le Pr\u00e9sident de la R\u00e9publique, SEM Alassane Ouattara. Il vous suit tous les jours. Le Premier ministre \u00e9galement vous suit tous les jours. Ils m\u2019ont charg\u00e9, pour aujourd\u2019hui, de vous dire leurs compliments pour le travail accompli et leurs encouragements (\u2026) Bravo \u00e0 la RTI pour ce travail qui est appr\u00e9ci\u00e9. Bravo \u00e0 tous ceux qui ont travaill\u00e9 pour la r\u00e9alisation de ce beau plateau (\u2026) Que les t\u00e9l\u00e9spectateurs continuent de faire confiance \u00e0 la RTI.\u00a0 Le gouvernement fait de cette t\u00e9l\u00e9vision, une de ses priorit\u00e9s. Il mettra donc tout en \u0153uvre, pour faire d\u2019elle un m\u00e9dia fort, cr\u00e9dible et respect\u00e9 au service de la grandeur de la C\u00f4te d\u2019Ivoire\u00bb.<\/p>\n<p>Le DG Ahmadou Bakayoko, fait une pr\u00e9cision sur le co\u00fbt du nouveau plateau du JT<br \/>\n\u00ab Ce d\u00e9cor du nouveau plateau du Journal t\u00e9l\u00e9vis\u00e9 est enti\u00e8rement financ\u00e9 sur fonds propres de la RTI. Cela nous a demand\u00e9 de gros efforts, mais nous pensons que la satisfaction du public n\u2019a pas de prix\u00bb, a confi\u00e9 le DG Ahmadou Bakayoko.<br \/>\nTAB<\/p>\n<div class=\"fb-comments\" data-width=\"728\" data-numposts=\"50\"><\/div>\n","protected":false},"excerpt":{"rendered":"<p>La c\u00e9r\u00e9monie de lancement du nouveau \u2018\u2019Journal t\u00e9l\u00e9vis\u00e9\u2019\u2019 de la RTI a eu lieu le lundi 10 avril 2017, \u00e0 son si\u00e8ge situ\u00e9 \u00e0 Cocody.\u00a0<\/p>\n","protected":false},"author":2,"featured_media":3674,"comment_status":"closed","ping_status":"closed","sticky":false,"template":"","format":"standard","meta":{"footnotes":""},"categories":[18],"tags":[],"class_list":["post-3673","post","type-post","status-publish","format-standard","has-post-thumbnail","hentry","category-economie"],"_links":{"self":[{"href":"https:\/\/www.lintelligentdabidjan.info\/news\/wp-json\/wp\/v2\/posts\/3673","targetHints":{"allow":["GET"]}}],"collection":[{"href":"https:\/\/www.lintelligentdabidjan.info\/news\/wp-json\/wp\/v2\/posts"}],"about":[{"href":"https:\/\/www.lintelligentdabidjan.info\/news\/wp-json\/wp\/v2\/types\/post"}],"author":[{"embeddable":true,"href":"https:\/\/www.lintelligentdabidjan.info\/news\/wp-json\/wp\/v2\/users\/2"}],"replies":[{"embeddable":true,"href":"https:\/\/www.lintelligentdabidjan.info\/news\/wp-json\/wp\/v2\/comments?post=3673"}],"version-history":[{"count":2,"href":"https:\/\/www.lintelligentdabidjan.info\/news\/wp-json\/wp\/v2\/posts\/3673\/revisions"}],"predecessor-version":[{"id":3724,"href":"https:\/\/www.lintelligentdabidjan.info\/news\/wp-json\/wp\/v2\/posts\/3673\/revisions\/3724"}],"wp:featuredmedia":[{"embeddable":true,"href":"https:\/\/www.lintelligentdabidjan.info\/news\/wp-json\/wp\/v2\/media\/3674"}],"wp:attachment":[{"href":"https:\/\/www.lintelligentdabidjan.info\/news\/wp-json\/wp\/v2\/media?parent=3673"}],"wp:term":[{"taxonomy":"category","embeddable":true,"href":"https:\/\/www.lintelligentdabidjan.info\/news\/wp-json\/wp\/v2\/categories?post=3673"},{"taxonomy":"post_tag","embeddable":true,"href":"https:\/\/www.lintelligentdabidjan.info\/news\/wp-json\/wp\/v2\/tags?post=3673"}],"curies":[{"name":"wp","href":"https:\/\/api.w.org\/{rel}","templated":true}]}}