{"id":36732,"date":"2025-01-27T05:48:07","date_gmt":"2025-01-27T04:48:07","guid":{"rendered":"https:\/\/www.lintelligentdabidjan.info\/news\/?p=36732"},"modified":"2025-01-27T05:48:18","modified_gmt":"2025-01-27T04:48:18","slug":"lintelligent-en-pdf-appel-de-daloa-en-faveur-dun-rendez-vous-unesco-de-plus-en-plus-incontournable-pourquoi-la-jmca-doit-devenir-une-affaire-de-tout-le-monde","status":"publish","type":"post","link":"https:\/\/www.lintelligentdabidjan.info\/news\/lintelligent-en-pdf-appel-de-daloa-en-faveur-dun-rendez-vous-unesco-de-plus-en-plus-incontournable-pourquoi-la-jmca-doit-devenir-une-affaire-de-tout-le-monde\/","title":{"rendered":"L&#8217;Intelligent en PDF:  Appel de Daloa en faveur d\u2019un rendez-vous UNESCO de plus en plus incontournable Pourquoi la JMCA doit devenir une affaire de tout le monde"},"content":{"rendered":"<p><strong>La 6\u1d49 \u00e9dition de la Journ\u00e9e mondiale de la culture africaine et afrodescendante (JMCA) a eu lieu le vendredi 24 janvier 2025, \u00e0 la place publique de Lobia, dans la commune de Daloa. L\u2019\u00e9v\u00e9nement s\u2019est d\u00e9roul\u00e9 sous le parrainage de Mamadou Tour\u00e9, ministre de la Promotion de la Jeunesse, de l\u2019Insertion professionnelle et du Service civique, par ailleurs pr\u00e9sident du Conseil r\u00e9gional du Haut-Sassandra.Pourquoi la JMCA doit devenir une affaire de tout le monde ? <\/strong><\/p>\n<p>Article \u00e0 d\u00e9couvrir dans vos kiosques et en ligne sur&#8230;<\/p>\n<p><a href=\"https:\/\/news.abidjan.net\/titrologie\/39-lintelligent-dabidjan\/articles\" target=\"_blank\">https:\/\/news.abidjan.net\/titrologie\/39-lintelligent-dabidjan\/articles<\/a><\/p>\n<p>\u00c0 lire aussi Billon d\u00e9fie \u00ab Thiam Zoblazo \u00bb avec d\u00e9g\u00e2t d\u00e9g\u00e2t de Didi B-MHD, Me Adama Kamara d\u00e9voile<br \/>\nun bilan impressionnant au niveau de la RLE \u00e0 Odienn\u00e9,<br \/>\ndepuis Guiglo , Anne Ouloto, Ministre d\u2019\u00c9tat d\u00e9clare \u201cLa C\u00f4te d\u2019Ivoire n\u2019a pas besoin de candidats hors-la-loi\u201d , Bruno Kon\u00e9 booste le capital humain dans la Bagou\u00e9 au niveau notamment de la sant\u00e9 et l&#8217; \u00e9ducation, comment Gbagbo modifiera-t-il l\u2019itin\u00e9raire du 4eme pont \u00e0 Adjam\u00e9 ?, l&#8217;achevement de la r\u00e9installation des personnes et communaut\u00e9s affect\u00e9es par le Port Sec de Ferkessedougou.<\/p>\n<p><a href=\"https:\/\/www.afrikipresse.fr\/abonnement\" target=\"_blank\">https:\/\/www.afrikipresse.fr\/abonnement<\/a><br \/>\n\u00c0 voir \u00e9galement Amed\u00e9 Koffi et Assahor\u00e9 Konan mobilisent \u00e0 Botro pour la pr\u00e9sidentielle 2025 et les \u00e9chos de la visite du Vice-pr\u00e9sident Ti\u00e9moko Kon\u00e9 \u00e0 Dabakala.<\/p>\n<p><a href=\"https:\/\/www.pressecotedivoire.ci\/titrologie\" target=\"_blank\">https:\/\/www.pressecotedivoire.ci\/titrologie<\/a><\/p>\n","protected":false},"excerpt":{"rendered":"<p>La 6\u1d49 \u00e9dition de la Journ\u00e9e mondiale de la culture africaine et afrodescendante (JMCA) a eu lieu le vendredi 24 janvier 2025, \u00e0 la place publique de Lobia, dans la commune de Daloa. L\u2019\u00e9v\u00e9nement s\u2019est d\u00e9roul\u00e9 sous le parrainage de Mamadou Tour\u00e9, ministre de la Promotion de la Jeunesse, de l\u2019Insertion professionnelle et du Service [&hellip;]<\/p>\n","protected":false},"author":4,"featured_media":36733,"comment_status":"closed","ping_status":"closed","sticky":false,"template":"","format":"standard","meta":{"_monsterinsights_skip_tracking":false,"_monsterinsights_sitenote_active":false,"_monsterinsights_sitenote_note":"","_monsterinsights_sitenote_category":0,"footnotes":""},"categories":[2,3],"tags":[],"class_list":["post-36732","post","type-post","status-publish","format-standard","has-post-thumbnail","hentry","category-featured","category-societe"],"_links":{"self":[{"href":"https:\/\/www.lintelligentdabidjan.info\/news\/wp-json\/wp\/v2\/posts\/36732","targetHints":{"allow":["GET"]}}],"collection":[{"href":"https:\/\/www.lintelligentdabidjan.info\/news\/wp-json\/wp\/v2\/posts"}],"about":[{"href":"https:\/\/www.lintelligentdabidjan.info\/news\/wp-json\/wp\/v2\/types\/post"}],"author":[{"embeddable":true,"href":"https:\/\/www.lintelligentdabidjan.info\/news\/wp-json\/wp\/v2\/users\/4"}],"replies":[{"embeddable":true,"href":"https:\/\/www.lintelligentdabidjan.info\/news\/wp-json\/wp\/v2\/comments?post=36732"}],"version-history":[{"count":1,"href":"https:\/\/www.lintelligentdabidjan.info\/news\/wp-json\/wp\/v2\/posts\/36732\/revisions"}],"predecessor-version":[{"id":36734,"href":"https:\/\/www.lintelligentdabidjan.info\/news\/wp-json\/wp\/v2\/posts\/36732\/revisions\/36734"}],"wp:featuredmedia":[{"embeddable":true,"href":"https:\/\/www.lintelligentdabidjan.info\/news\/wp-json\/wp\/v2\/media\/36733"}],"wp:attachment":[{"href":"https:\/\/www.lintelligentdabidjan.info\/news\/wp-json\/wp\/v2\/media?parent=36732"}],"wp:term":[{"taxonomy":"category","embeddable":true,"href":"https:\/\/www.lintelligentdabidjan.info\/news\/wp-json\/wp\/v2\/categories?post=36732"},{"taxonomy":"post_tag","embeddable":true,"href":"https:\/\/www.lintelligentdabidjan.info\/news\/wp-json\/wp\/v2\/tags?post=36732"}],"curies":[{"name":"wp","href":"https:\/\/api.w.org\/{rel}","templated":true}]}}