{"id":36744,"date":"2025-01-28T05:47:57","date_gmt":"2025-01-28T04:47:57","guid":{"rendered":"https:\/\/www.lintelligentdabidjan.info\/news\/?p=36744"},"modified":"2025-01-28T05:47:57","modified_gmt":"2025-01-28T04:47:57","slug":"lintelligent-en-pdf-blakpa-festival-a-odienne-me-adama-kamara-met-a-lhonneur-5-pme-de-1500-femmes","status":"publish","type":"post","link":"https:\/\/www.lintelligentdabidjan.info\/news\/lintelligent-en-pdf-blakpa-festival-a-odienne-me-adama-kamara-met-a-lhonneur-5-pme-de-1500-femmes\/","title":{"rendered":"L&#8217;Intelligent en PDF:    Blakpa Festival \u00e0 Odienn\u00e9   Me Adama Kamara met \u00e0 l\u2019honneur 5 PME de 1500 femmes"},"content":{"rendered":"<p><strong>La 4e \u00e9dition du Blakpa Festival s\u2019est tenue du 22 au 25 janvier 2025, au Centre culturel d\u2019Odienn\u00e9. Cette \u00e9dition \u00e9tait parrain\u00e9e par Me Adama Kamara, d\u00e9put\u00e9 de la commune. \u00c0 l&#8217;issue de cette activit\u00e9, qui se veut une plateforme de promotion de l\u2019autonomisation de la femme, Adama Kamara a mis en place 5 petites et moyennes entreprises (PME) visant \u00e0 cr\u00e9er des emplois pour 1500 femmes de la r\u00e9gion du Kabadougou. Quels ont \u00e9t\u00e9 les temps forts de ce festival? <\/strong><\/p>\n<p>Article \u00e0 d\u00e9couvrir dans vos kiosques et en ligne sur&#8230;<\/p>\n<p><a href=\"https:\/\/news.abidjan.net\/titrologie\/39-lintelligent-dabidjan\/articles\" target=\"_blank\">https:\/\/news.abidjan.net\/titrologie\/39-lintelligent-dabidjan\/articles<\/a><\/p>\n<p>\u00c0 lire \u00e9galement le refus d&#8217;Issiaka Sangar\u00e9, courant CDV-FPI, de toute id\u00e9e de rompre avec le RHDP pour le PPA-CI, Pierre Dimba et Dr Raymonde Goudou Coffie en visite \u00e0 l&#8217;h\u00f4pital g\u00e9n\u00e9ral et Trauma Center de Toumodi, Anne Ouloto lance un concours d\u2019\u00e9criture \u00e0 Guiglo en pr\u00e9lude au SILA 2025 qui mettra \u00e0 l&#8217;honneur la r\u00e9gion du Cavally , l&#8217;annonce par le d\u00e9put\u00e9 Ouattara Aboubakar de la candidature de Ouattara \u00e0 la pr\u00e9sidentielle 2025, la NPSP-CI poursuit l\u2019expansion de son r\u00e9seau afin de faciliter l\u2019acc\u00e8s aux m\u00e9dicaments essentiels sur l\u2019ensemble du territoire national.<\/p>\n<p>Cliquez pour les d\u00e9tails<\/p>\n<p><a href=\"https:\/\/www.afrikipresse.fr\/abonnement\" target=\"_blank\">https:\/\/www.afrikipresse.fr\/abonnement<\/a><\/p>\n<p>\u00c0 voir aussi ce qu&#8217;il faut savoir sur l&#8217;usine lanc\u00e9e par Amadou Kon\u00e9 \u00e0 Kongodekro et l&#8217;accueil de 54 sages-femmes dans le District sanitaire d&#8217;Agboville.<\/p>\n<p><a href=\"https:\/\/www.pressecotedivoire.ci\/titrologie\" target=\"_blank\">https:\/\/www.pressecotedivoire.ci\/titrologie<\/a><\/p>\n","protected":false},"excerpt":{"rendered":"<p>La 4e \u00e9dition du Blakpa Festival s\u2019est tenue du 22 au 25 janvier 2025, au Centre culturel d\u2019Odienn\u00e9. Cette \u00e9dition \u00e9tait parrain\u00e9e par Me Adama Kamara, d\u00e9put\u00e9 de la commune. \u00c0 l&#8217;issue de cette activit\u00e9, qui se veut une plateforme de promotion de l\u2019autonomisation de la femme, Adama Kamara a mis en place 5 petites [&hellip;]<\/p>\n","protected":false},"author":4,"featured_media":36745,"comment_status":"closed","ping_status":"closed","sticky":false,"template":"","format":"standard","meta":{"_monsterinsights_skip_tracking":false,"_monsterinsights_sitenote_active":false,"_monsterinsights_sitenote_note":"","_monsterinsights_sitenote_category":0,"footnotes":""},"categories":[2,3],"tags":[],"class_list":["post-36744","post","type-post","status-publish","format-standard","has-post-thumbnail","hentry","category-featured","category-societe"],"_links":{"self":[{"href":"https:\/\/www.lintelligentdabidjan.info\/news\/wp-json\/wp\/v2\/posts\/36744","targetHints":{"allow":["GET"]}}],"collection":[{"href":"https:\/\/www.lintelligentdabidjan.info\/news\/wp-json\/wp\/v2\/posts"}],"about":[{"href":"https:\/\/www.lintelligentdabidjan.info\/news\/wp-json\/wp\/v2\/types\/post"}],"author":[{"embeddable":true,"href":"https:\/\/www.lintelligentdabidjan.info\/news\/wp-json\/wp\/v2\/users\/4"}],"replies":[{"embeddable":true,"href":"https:\/\/www.lintelligentdabidjan.info\/news\/wp-json\/wp\/v2\/comments?post=36744"}],"version-history":[{"count":1,"href":"https:\/\/www.lintelligentdabidjan.info\/news\/wp-json\/wp\/v2\/posts\/36744\/revisions"}],"predecessor-version":[{"id":36746,"href":"https:\/\/www.lintelligentdabidjan.info\/news\/wp-json\/wp\/v2\/posts\/36744\/revisions\/36746"}],"wp:featuredmedia":[{"embeddable":true,"href":"https:\/\/www.lintelligentdabidjan.info\/news\/wp-json\/wp\/v2\/media\/36745"}],"wp:attachment":[{"href":"https:\/\/www.lintelligentdabidjan.info\/news\/wp-json\/wp\/v2\/media?parent=36744"}],"wp:term":[{"taxonomy":"category","embeddable":true,"href":"https:\/\/www.lintelligentdabidjan.info\/news\/wp-json\/wp\/v2\/categories?post=36744"},{"taxonomy":"post_tag","embeddable":true,"href":"https:\/\/www.lintelligentdabidjan.info\/news\/wp-json\/wp\/v2\/tags?post=36744"}],"curies":[{"name":"wp","href":"https:\/\/api.w.org\/{rel}","templated":true}]}}