{"id":36747,"date":"2025-01-28T05:56:10","date_gmt":"2025-01-28T04:56:10","guid":{"rendered":"https:\/\/www.lintelligentdabidjan.info\/news\/?p=36747"},"modified":"2025-01-28T05:56:15","modified_gmt":"2025-01-28T04:56:15","slug":"cedeao-un-an-plus-tard-la-decision-de-laes-est-officiellement-actee","status":"publish","type":"post","link":"https:\/\/www.lintelligentdabidjan.info\/news\/cedeao-un-an-plus-tard-la-decision-de-laes-est-officiellement-actee\/","title":{"rendered":"CEDEAO : un an plus tard, la d\u00e9cision de l\u2019AES est officiellement act\u00e9e"},"content":{"rendered":"<p><em><strong>Les pays de l\u2019AES quitteront la CEDEAO le 29 janvier. Ils b\u00e9n\u00e9ficient d\u2019un d\u00e9lai de r\u00e9tractation suppl\u00e9mentaire de six mois avant que le retrait ne soit d\u00e9finitif. Un d\u00e9lai qu\u2019ils ont refus\u00e9.<\/strong><\/em><\/p>\n<p>Peu apr\u00e8s le sommet de la CEDEAO, qui s\u2019est tenu \u00e0 Abuja (Nigeria) le 15 d\u00e9cembre, le retrait des pays de l\u2019AES (Mali, Niger et Burkina Faso) est confirm\u00e9. Le d\u00e9part sera act\u00e9 le 29 janvier, soit un an apr\u00e8s la d\u00e9cision des chefs d\u2019\u00c9tats de l\u2019AES de quitter la CEDEAO. Afin d\u2019assurer la gestion des conditions de cette s\u00e9paration, et de laisser une nouvelle chance aux dirigeants de l\u2019AES de revenir sur leur d\u00e9cret, un d\u00e9lai de six mois suppl\u00e9mentaire est accord\u00e9, selon les termes du pr\u00e9sident de la Commission de la CEDEAO, Omar Alieu Touray. La dissociation sera d\u00e9finitive le 29 juillet. Ce sursis permet au pr\u00e9sident de la r\u00e9publique du S\u00e9n\u00e9gal, Bassirou Diomaye Faye, d\u00e9sign\u00e9 comme m\u00e9diateur depuis juillet, de poursuivre les n\u00e9gociations entre la CEDEAO et les pays de l\u2019AES, et de tenter de faire revenir ces derniers. Le chef d\u2019\u00c9tat togolais Faure Gnassingb\u00e9 avait d\u00e9j\u00e0 assur\u00e9 cette fonction, notamment apr\u00e8s les diff\u00e9rents coups d\u2019\u00c9tats, et plaid\u00e9 pour des sanctions moins lourdes de la CEDEAO \u00e0 l\u2019encontre des dirigeants de transition.<br \/>\nMais la sentence est irr\u00e9vocable, et ce bien avant le sommet de la CEDEAO du 15 d\u00e9cembre. Les chefs d\u2019\u00c9tats de l\u2019AES campent fermement sur leur d\u00e9cision et n\u2019ont aucune intention de revenir dessus. Leur volont\u00e9 de s\u2019affirmer et de revendiquer une totale autonomie est marqu\u00e9e par la cr\u00e9ation de la Conf\u00e9d\u00e9ration de l\u2019Alliance des \u00c9tats du Sahel juste apr\u00e8s le premier sommet de l\u2019AES \u00e0 Niamey le 6 juillet. Cette action marque le \u00ab divorce \u00bb irr\u00e9m\u00e9diable d\u2019avec la CEDEAO. Alors que cette derni\u00e8re affirme \u00ab laisser ses portes ouvertes \u00bb durant les six mois de sursis, les dirigeants de l\u2019AES refusent le d\u00e9lai et y voient m\u00eame \u00ab une tentative de d\u00e9stabilisation ext\u00e9rieure \u00bb. Cependant, la \u00ab libre circulation des personnes et des biens des sous-r\u00e9gions de la CEDEAO \u00bb au sein des territoires de l\u2019AES semble maintenue.<\/p>\n<p><strong>Un divorce engag\u00e9 depuis un an<\/strong><\/p>\n<p>Cette d\u00e9cision des dirigeants des pays de l\u2019AES de ne plus faire partie de la CEDEAO a \u00e9t\u00e9 prise le 28 janvier 2024. Les condamnations de la CEDEAO suite aux coups d\u2019\u00c9tat au Mali et au Niger (cl\u00f4ture des fronti\u00e8res et espaces a\u00e9riens, sanctions \u00e9conomiques), constituent l\u2019une des principales raisons de ce d\u00e9part. Pour rappel, les trois pays cr\u00e9ent l\u2019Alliance des \u00c9tats du Sahel le 16 septembre 2023, afin de lutter contre le terrorisme, qui entra\u00eene une situation humanitaire et s\u00e9curitaire catastrophiques depuis de nombreuses ann\u00e9es. Cette Alliance est nou\u00e9e peu apr\u00e8s la menace de la CEDEAO d\u2019envoyer des militaires au Niger apr\u00e8s le coup d\u2019\u00c9tat. Depuis, les sanctions ont \u00e9t\u00e9 lev\u00e9es, mais la d\u00e9cision des pays de l\u2019AES n\u2019a pas chang\u00e9. L\u2019ex-pr\u00e9sident nig\u00e9rien Mohamed Bazoum est toujours retenu prisonnier depuis le 26 juillet 2023. L\u2019AES reproche \u00e0 la CEDEAO de ne pas suffisamment apporter son soutien dans le combat contre la menace terroriste, d\u2019\u00eatre sous influence \u00e9trang\u00e8re et d\u2019avoir pris \u00e0 leur encontre \u00ab  des mesures punitives inhumaines, ill\u00e9gales et ill\u00e9gitimes \u00bb. L\u2019annonce en 2024 du retrait de la CEDEAO a suscit\u00e9 plusieurs inqui\u00e9tudes concernant les cons\u00e9quences, notamment \u00e9conomiques et logistiques, de cette d\u00e9cision. Elle n\u2019a pas \u00e9t\u00e9 toujours bien accueillie par les populations. Au Mali, plusieurs opposants politiques et de la soci\u00e9t\u00e9 civile, dont les membres de la Coordination des Organisations de l\u2019Appel du 20 f\u00e9vrier 2023 \u00ab Sauver le Mali \u00bb, ont protest\u00e9 contre un choix \u00ab ill\u00e9gitime \u00bb et un \u00ab manque de consid\u00e9ration envers le peuple malien \u00bb. L\u2019organisme est dissout par le gouvernement malien en avril 2024.<\/p>\n<p><strong>Constantine<\/strong><\/p>\n","protected":false},"excerpt":{"rendered":"<p>Les pays de l\u2019AES quitteront la CEDEAO le 29 janvier. Ils b\u00e9n\u00e9ficient d\u2019un d\u00e9lai de r\u00e9tractation suppl\u00e9mentaire de six mois avant que le retrait ne soit d\u00e9finitif. Un d\u00e9lai qu\u2019ils ont refus\u00e9. Peu apr\u00e8s le sommet de la CEDEAO, qui s\u2019est tenu \u00e0 Abuja (Nigeria) le 15 d\u00e9cembre, le retrait des pays de l\u2019AES (Mali, [&hellip;]<\/p>\n","protected":false},"author":4,"featured_media":36748,"comment_status":"closed","ping_status":"closed","sticky":false,"template":"","format":"standard","meta":{"footnotes":""},"categories":[2,17],"tags":[3132,83],"class_list":["post-36747","post","type-post","status-publish","format-standard","has-post-thumbnail","hentry","category-featured","category-politique","tag-aes","tag-cedeao"],"_links":{"self":[{"href":"https:\/\/www.lintelligentdabidjan.info\/news\/wp-json\/wp\/v2\/posts\/36747","targetHints":{"allow":["GET"]}}],"collection":[{"href":"https:\/\/www.lintelligentdabidjan.info\/news\/wp-json\/wp\/v2\/posts"}],"about":[{"href":"https:\/\/www.lintelligentdabidjan.info\/news\/wp-json\/wp\/v2\/types\/post"}],"author":[{"embeddable":true,"href":"https:\/\/www.lintelligentdabidjan.info\/news\/wp-json\/wp\/v2\/users\/4"}],"replies":[{"embeddable":true,"href":"https:\/\/www.lintelligentdabidjan.info\/news\/wp-json\/wp\/v2\/comments?post=36747"}],"version-history":[{"count":1,"href":"https:\/\/www.lintelligentdabidjan.info\/news\/wp-json\/wp\/v2\/posts\/36747\/revisions"}],"predecessor-version":[{"id":36749,"href":"https:\/\/www.lintelligentdabidjan.info\/news\/wp-json\/wp\/v2\/posts\/36747\/revisions\/36749"}],"wp:featuredmedia":[{"embeddable":true,"href":"https:\/\/www.lintelligentdabidjan.info\/news\/wp-json\/wp\/v2\/media\/36748"}],"wp:attachment":[{"href":"https:\/\/www.lintelligentdabidjan.info\/news\/wp-json\/wp\/v2\/media?parent=36747"}],"wp:term":[{"taxonomy":"category","embeddable":true,"href":"https:\/\/www.lintelligentdabidjan.info\/news\/wp-json\/wp\/v2\/categories?post=36747"},{"taxonomy":"post_tag","embeddable":true,"href":"https:\/\/www.lintelligentdabidjan.info\/news\/wp-json\/wp\/v2\/tags?post=36747"}],"curies":[{"name":"wp","href":"https:\/\/api.w.org\/{rel}","templated":true}]}}