{"id":36770,"date":"2025-01-30T05:45:14","date_gmt":"2025-01-30T04:45:14","guid":{"rendered":"https:\/\/www.lintelligentdabidjan.info\/news\/?p=36770"},"modified":"2025-01-30T05:45:51","modified_gmt":"2025-01-30T04:45:51","slug":"district-dabidjan-abidjan-et-la-fao-unissent-leurs-forces-pour-un-avenir-urbain-durable-avec-linitiative-villes-vertes","status":"publish","type":"post","link":"https:\/\/www.lintelligentdabidjan.info\/news\/district-dabidjan-abidjan-et-la-fao-unissent-leurs-forces-pour-un-avenir-urbain-durable-avec-linitiative-villes-vertes\/","title":{"rendered":"District d\u2019Abidjan-   Abidjan et la FAO unissent leurs forces pour un avenir urbain durable avec l&#8217;initiative &#8216;Villes Vertes&#8217;"},"content":{"rendered":"<p><em><strong>Paulin-Claude Danho, premier Vice-gouverneur du District d&#8217;Abidjan, a accueilli en audience, le mercredi 29 janvier 2025 une d\u00e9l\u00e9gation de haut niveau de l&#8217;Organisation des Nations Unies pour l&#8217;Alimentation et l&#8217;Agriculture (FAO). Selon une note d\u2019information re\u00e7ue, la  d\u00e9l\u00e9gation \u00e9tait conduite par  Gouantoueu Gu\u00e9\u00ef, Coordonnateur sous-r\u00e9gional, accompagn\u00e9 de Nyemah Joseph, repr\u00e9sentant de la FAO en C\u00f4te d&#8217;Ivoire, ainsi que de plusieurs collaborateurs.<\/strong><\/em><\/p>\n<p>Les discussions ont port\u00e9 sur l&#8217;initiative &#8220;Villes Vertes&#8221;, une strat\u00e9gie ambitieuse de la FAO visant \u00e0 promouvoir un d\u00e9veloppement urbain durable et inclusif. Cette initiative met l&#8217;accent sur la r\u00e9silience alimentaire, la durabilit\u00e9 environnementale et l&#8217;am\u00e9lioration des conditions de vie des populations urbaines.<\/p>\n<p>En tant que moteur du d\u00e9veloppement \u00e9conomique et social en C\u00f4te d&#8217;Ivoire et en Afrique, Abidjan se positionne comme un partenaire strat\u00e9gique pour la mise en \u0153uvre de cette initiative internationale.<\/p>\n<p>Cette s\u00e9ance de travail a permis de consolider la collaboration entre la FAO et le District d&#8217;Abidjan, notamment \u00e0 travers la mise \u00e0 jour du plan d&#8217;action 2025. Elle a \u00e9galement permis d&#8217;identifier des projets concrets align\u00e9s sur les priorit\u00e9s nationales. Le premier vice-gouverneur,  Paulin-Claude Danho a r\u00e9affirm\u00e9, au nom du ministre-gouverneur, l&#8217;engagement du District d&#8217;Abidjan \u00e0 contribuer activement \u00e0 la r\u00e9alisation des objectifs de l&#8217;initiative &#8220;Villes Vertes&#8221;.<\/p>\n<p><strong> Ange Kouadio<\/strong><\/p>\n","protected":false},"excerpt":{"rendered":"<p>Paulin-Claude Danho, premier Vice-gouverneur du District d&#8217;Abidjan, a accueilli en audience, le mercredi 29 janvier 2025 une d\u00e9l\u00e9gation de haut niveau de l&#8217;Organisation des Nations Unies pour l&#8217;Alimentation et l&#8217;Agriculture (FAO). Selon une note d\u2019information re\u00e7ue, la d\u00e9l\u00e9gation \u00e9tait conduite par Gouantoueu Gu\u00e9\u00ef, Coordonnateur sous-r\u00e9gional, accompagn\u00e9 de Nyemah Joseph, repr\u00e9sentant de la FAO en C\u00f4te [&hellip;]<\/p>\n","protected":false},"author":4,"featured_media":36772,"comment_status":"closed","ping_status":"closed","sticky":false,"template":"","format":"standard","meta":{"_monsterinsights_skip_tracking":false,"_monsterinsights_sitenote_active":false,"_monsterinsights_sitenote_note":"","_monsterinsights_sitenote_category":0,"footnotes":""},"categories":[2,3],"tags":[200,896,4580,4581],"class_list":["post-36770","post","type-post","status-publish","format-standard","has-post-thumbnail","hentry","category-featured","category-societe","tag-abidjan","tag-district-dabidjan","tag-fao","tag-villes-vertes"],"_links":{"self":[{"href":"https:\/\/www.lintelligentdabidjan.info\/news\/wp-json\/wp\/v2\/posts\/36770","targetHints":{"allow":["GET"]}}],"collection":[{"href":"https:\/\/www.lintelligentdabidjan.info\/news\/wp-json\/wp\/v2\/posts"}],"about":[{"href":"https:\/\/www.lintelligentdabidjan.info\/news\/wp-json\/wp\/v2\/types\/post"}],"author":[{"embeddable":true,"href":"https:\/\/www.lintelligentdabidjan.info\/news\/wp-json\/wp\/v2\/users\/4"}],"replies":[{"embeddable":true,"href":"https:\/\/www.lintelligentdabidjan.info\/news\/wp-json\/wp\/v2\/comments?post=36770"}],"version-history":[{"count":1,"href":"https:\/\/www.lintelligentdabidjan.info\/news\/wp-json\/wp\/v2\/posts\/36770\/revisions"}],"predecessor-version":[{"id":36773,"href":"https:\/\/www.lintelligentdabidjan.info\/news\/wp-json\/wp\/v2\/posts\/36770\/revisions\/36773"}],"wp:featuredmedia":[{"embeddable":true,"href":"https:\/\/www.lintelligentdabidjan.info\/news\/wp-json\/wp\/v2\/media\/36772"}],"wp:attachment":[{"href":"https:\/\/www.lintelligentdabidjan.info\/news\/wp-json\/wp\/v2\/media?parent=36770"}],"wp:term":[{"taxonomy":"category","embeddable":true,"href":"https:\/\/www.lintelligentdabidjan.info\/news\/wp-json\/wp\/v2\/categories?post=36770"},{"taxonomy":"post_tag","embeddable":true,"href":"https:\/\/www.lintelligentdabidjan.info\/news\/wp-json\/wp\/v2\/tags?post=36770"}],"curies":[{"name":"wp","href":"https:\/\/api.w.org\/{rel}","templated":true}]}}