{"id":36780,"date":"2025-01-30T05:58:45","date_gmt":"2025-01-30T04:58:45","guid":{"rendered":"https:\/\/www.lintelligentdabidjan.info\/news\/?p=36780"},"modified":"2025-01-30T05:58:57","modified_gmt":"2025-01-30T04:58:57","slug":"election-presidentielle-2025-ada-ci-exprime-son-inquietude","status":"publish","type":"post","link":"https:\/\/www.lintelligentdabidjan.info\/news\/election-presidentielle-2025-ada-ci-exprime-son-inquietude\/","title":{"rendered":"\u00c9lection pr\u00e9sidentielle 2025-   Ada-Ci exprime son inqui\u00e9tude"},"content":{"rendered":"<p><em><strong>Dans un communiqu\u00e9 de presse re\u00e7u le mercredi 29 janvier 2025, Alpha Diallo, pr\u00e9sident de l\u2019Alliance D\u00e9mocratique Africaine-C\u00f4te d\u2019Ivoire (Ada-Ci), a exprim\u00e9 son inqui\u00e9tude quant au bon d\u00e9roulement de l\u2019\u00e9lection pr\u00e9sidentielle pr\u00e9vue en octobre 2025.<\/strong><\/em><\/p>\n<p>Dans le communiqu\u00e9, Alpha Diallo, pr\u00e9sident de l\u2019Alliance D\u00e9mocratique Africaine-C\u00f4te d\u2019Ivoire (Ada-Ci) a indiqu\u00e9 que l\u2019ann\u00e9e 2025 s\u2019annonce d\u00e9cisive pour la C\u00f4te d\u2019Ivoire, car les Ivoiriens se rendront aux urnes pour \u00e9lire le futur pr\u00e9sident. Il a soulign\u00e9 que cette \u00e9lection repr\u00e9sente un moment important pour le pays, qui doit permettre \u00e0 tous les citoyens en \u00e2ge et en droit de voter de participer au choix de leur destin. Cependant, le pr\u00e9sident de l\u2019Ada-Ci a d\u00e9plor\u00e9 que la situation ne semble pas favorable. Dans son communiqu\u00e9, il a critiqu\u00e9 les derniers chiffres de la r\u00e9vision de la liste \u00e9lectorale, qui ne comptabilisent que 943 157 nouvelles inscriptions, bien loin des 4,5 millions attendus. Diallo a fait remarquer que, malgr\u00e9 le fait que la Commission \u00c9lectorale Ind\u00e9pendante (Cei) n\u2019ait atteint que 20% de son objectif, se satisfait de ce r\u00e9sultat. Il a fait savoir qu\u2019avant cette r\u00e9vision, pr\u00e8s de 40% des Ivoiriens en \u00e2ge de voter n\u2019\u00e9taient pas inscrits sur les listes \u00e9lectorales et  qu&#8217;aujourd&#8217;hui, plus de 30% des Ivoiriens en \u00e2ge de voter restent exclus du processus \u00e9lectoral. \u00ab La Commission \u00c9lectorale Ind\u00e9pendante (Cei), en n\u2019ayant pourtant atteint que 20% de son objectif initial, se satisfait de ce r\u00e9sultat, il appara\u00eet important de rappeler qu\u2019avant ce dernier recensement express, pr\u00e8s de 4 ivoiriens en \u00e2ge de voter sur 10 n\u2019\u00e9taient pas inscrits sur les listes \u00e9lectorales. Apr\u00e8s cette phase de recensement de seulement 4 semaines, nous ne pouvons que constater et d\u00e9plorer que plus de 30% des ivoiriens en \u00e2ge de voter sont toujours exclus du processus \u00e9lectoral et priv\u00e9s de leur droit de voter \u00bb, lit-on dans le communiqu\u00e9.<\/p>\n<p>Par ailleurs, le communiqu\u00e9 a qualifi\u00e9 cette phase de recensement de \u2018\u2019rendez-vous manqu\u00e9\u2019\u2019, avec des cons\u00e9quences qui pourraient mener \u00e0 l&#8217;exclusion de 3,6 millions de citoyens des urnes \u00e0 la fin de l\u2019ann\u00e9e. \u00ab Si rien n\u2019est fait d\u2019ici l\u00e0, pr\u00e8s de 3,6 millions de nos concitoyens ne pourront pas exprimer leur choix dans les urnes \u00e0 la fin de l\u2019ann\u00e9e alors m\u00eame que le Pr\u00e9sident de la R\u00e9publique, lors de la pr\u00e9sentation de ses v\u0153ux le 10 janvier dernier, a annonc\u00e9 que l\u2019\u00e9lection pr\u00e9sidentielle sera \u00ab d\u00e9mocratique et transparente \u00bb, mentionne le communiqu\u00e9.<\/p>\n<p><strong>Les faits et la volont\u00e9 politique affich\u00e9e se contredisent<\/strong><\/p>\n<p>Par ailleurs, il est not\u00e9 que depuis quelques semaines, c\u2019est au tour des partis politiques de politiser ce sujet, et pour l\u2019un d\u2019eux de refuser tout net que la Cei puisse r\u00e9fl\u00e9chir aux options possibles. \u00ab Dans ces conditions, comment ne pas craindre que la p\u00e9rennit\u00e9 de la prochaine \u00e9lection soit remise en cause et que 2025 ne se termine sous de mauvais auspices. Constat cruel et inqui\u00e9tant, qui ne laisse aucunement place \u00e0 la moindre forme de satisfecit mais qui doit obliger la Cei \u00e0 r\u00e9agir. Nous, les Ivoiriennes et ivoiriens, au-del\u00e0 de nos id\u00e9es politiques, de nos \u00e2ges, de nos origines et statuts sociaux, nous devons montrer aux autorit\u00e9s qu\u2019il n\u2019est pas envisageable d\u2019exclure 30% des votants potentiels du processus \u00e9lectoral. Et notre r\u00e9solution sera d\u2019agir avec toutes les bonnes volont\u00e9s, loin des calculs politiques mais pour l\u2019avenir de la C\u00f4te d\u2019Ivoire, pour que ces laiss\u00e9s pour compte du vote soient int\u00e9gr\u00e9s \u00e0 la liste \u00e9lectorale \u00bb, conclut le communiqu\u00e9.<\/p>\n<p><strong>Olivier Dion avec A. Traor\u00e9<\/strong><\/p>\n","protected":false},"excerpt":{"rendered":"<p>Dans un communiqu\u00e9 de presse re\u00e7u le mercredi 29 janvier 2025, Alpha Diallo, pr\u00e9sident de l\u2019Alliance D\u00e9mocratique Africaine-C\u00f4te d\u2019Ivoire (Ada-Ci), a exprim\u00e9 son inqui\u00e9tude quant au bon d\u00e9roulement de l\u2019\u00e9lection pr\u00e9sidentielle pr\u00e9vue en octobre 2025. Dans le communiqu\u00e9, Alpha Diallo, pr\u00e9sident de l\u2019Alliance D\u00e9mocratique Africaine-C\u00f4te d\u2019Ivoire (Ada-Ci) a indiqu\u00e9 que l\u2019ann\u00e9e 2025 s\u2019annonce d\u00e9cisive pour [&hellip;]<\/p>\n","protected":false},"author":4,"featured_media":36781,"comment_status":"closed","ping_status":"closed","sticky":false,"template":"","format":"standard","meta":{"_monsterinsights_skip_tracking":false,"_monsterinsights_sitenote_active":false,"_monsterinsights_sitenote_note":"","_monsterinsights_sitenote_category":0,"footnotes":""},"categories":[2,17],"tags":[3514,4586,2499],"class_list":["post-36780","post","type-post","status-publish","format-standard","has-post-thumbnail","hentry","category-featured","category-politique","tag-ada-ci","tag-election-presidentielle-2025","tag-inquietude"],"_links":{"self":[{"href":"https:\/\/www.lintelligentdabidjan.info\/news\/wp-json\/wp\/v2\/posts\/36780","targetHints":{"allow":["GET"]}}],"collection":[{"href":"https:\/\/www.lintelligentdabidjan.info\/news\/wp-json\/wp\/v2\/posts"}],"about":[{"href":"https:\/\/www.lintelligentdabidjan.info\/news\/wp-json\/wp\/v2\/types\/post"}],"author":[{"embeddable":true,"href":"https:\/\/www.lintelligentdabidjan.info\/news\/wp-json\/wp\/v2\/users\/4"}],"replies":[{"embeddable":true,"href":"https:\/\/www.lintelligentdabidjan.info\/news\/wp-json\/wp\/v2\/comments?post=36780"}],"version-history":[{"count":1,"href":"https:\/\/www.lintelligentdabidjan.info\/news\/wp-json\/wp\/v2\/posts\/36780\/revisions"}],"predecessor-version":[{"id":36782,"href":"https:\/\/www.lintelligentdabidjan.info\/news\/wp-json\/wp\/v2\/posts\/36780\/revisions\/36782"}],"wp:featuredmedia":[{"embeddable":true,"href":"https:\/\/www.lintelligentdabidjan.info\/news\/wp-json\/wp\/v2\/media\/36781"}],"wp:attachment":[{"href":"https:\/\/www.lintelligentdabidjan.info\/news\/wp-json\/wp\/v2\/media?parent=36780"}],"wp:term":[{"taxonomy":"category","embeddable":true,"href":"https:\/\/www.lintelligentdabidjan.info\/news\/wp-json\/wp\/v2\/categories?post=36780"},{"taxonomy":"post_tag","embeddable":true,"href":"https:\/\/www.lintelligentdabidjan.info\/news\/wp-json\/wp\/v2\/tags?post=36780"}],"curies":[{"name":"wp","href":"https:\/\/api.w.org\/{rel}","templated":true}]}}