{"id":36792,"date":"2025-01-31T05:38:11","date_gmt":"2025-01-31T04:38:11","guid":{"rendered":"https:\/\/www.lintelligentdabidjan.info\/news\/?p=36792"},"modified":"2025-01-31T05:38:52","modified_gmt":"2025-01-31T04:38:52","slug":"voeux-de-nouvel-an-au-senat-kandia-camara-invite-le-personnel-a-maintenir-le-cap-de-lexcellence","status":"publish","type":"post","link":"https:\/\/www.lintelligentdabidjan.info\/news\/voeux-de-nouvel-an-au-senat-kandia-camara-invite-le-personnel-a-maintenir-le-cap-de-lexcellence\/","title":{"rendered":"V\u0153ux de nouvel an au S\u00e9nat-  Kandia Camara invite le personnel \u00e0 maintenir le cap de l\u2019excellence"},"content":{"rendered":"<p><em><strong>La pr\u00e9sidente du S\u00e9nat ivoirien, Kandia Camara, a \u00e9chang\u00e9, le mercredi 29 janvier 2025, \u00e0 Yamoussoukro, au si\u00e8ge de l\u2019institution parlementaire, les v\u0153ux de nouvel an avec ses coll\u00e8gues s\u00e9nateurs ainsi que le personnel administratif et technique du S\u00e9nat.<\/strong><\/em><\/p>\n<p>Ce fut l\u2019occasion pour la patronne des s\u00e9nateurs de C\u00f4te d\u2019Ivoire d\u2019adresser \u00e0 chacun de ses coll\u00e8gues et collaborateurs, ainsi qu\u2019\u00e0 leurs familles, ses v\u0153ux de sant\u00e9, de paix et de succ\u00e8s pour une ann\u00e9e plac\u00e9e sous le signe de l\u2019accomplissement.<\/p>\n<p>La pr\u00e9sidente Kandia Camara a \u00e9galement f\u00e9licit\u00e9 l\u2019ensemble du personnel pour le travail remarquable accompli au cours de l\u2019ann\u00e9e \u00e9coul\u00e9e. \u00c0 cet \u00e9gard, elle a exprim\u00e9 toute sa satisfaction pour leur engagement, leur abn\u00e9gation, leur humilit\u00e9 et leur comp\u00e9tence au service des s\u00e9nateurs. Elle a ainsi formul\u00e9 le souhait que l\u2019ann\u00e9e 2025 soit marqu\u00e9e par des r\u00e9alisations encore plus grandes et des succ\u00e8s plus importants.\u00ab L\u2019ann\u00e9e 2025 s\u2019annonce pleine de d\u00e9fis. Je voudrais pouvoir compter sur votre d\u00e9vouement et votre sens \u00e9lev\u00e9 du devoir afin que la Chambre haute du Parlement ivoirien puisse non seulement maintenir, mais aussi renforcer le niveau d\u2019exigence et d\u2019excellence atteint jusqu\u2019ici. \u00bb, a-t-elle d\u00e9clar\u00e9.<\/p>\n<p>S\u2019adressant plus particuli\u00e8rement aux s\u00e9nateurs, elle les a exhort\u00e9s \u00e0 continuer d\u2019adopter un ton respectueux dans leurs \u00e9changes et \u00e0 pr\u00e9server la diversit\u00e9 des opinions, \u00e9l\u00e9ment fondamental du S\u00e9nat.<\/p>\n<p>Au nom de ses coll\u00e8gues s\u00e9nateurs, la vice-pr\u00e9sidente Sarra Fadika Sako a exprim\u00e9 leur gratitude pour les actions men\u00e9es en leur faveur, notamment en mati\u00e8re d\u2019am\u00e9lioration des conditions de travail. \u00c0 cet effet, elle a r\u00e9affirm\u00e9 leur engagement \u00e0 remplir leurs missions avec assiduit\u00e9 et loyaut\u00e9, afin de continuer \u00e0 m\u00e9riter la confiance de la pr\u00e9sidente ainsi que celle de la nation enti\u00e8re.<\/p>\n<p><strong>Harry Diallo,  \u00e0 Yamoussoukro<\/strong><strong><\/p>\n","protected":false},"excerpt":{"rendered":"<p>La pr\u00e9sidente du S\u00e9nat ivoirien, Kandia Camara, a \u00e9chang\u00e9, le mercredi 29 janvier 2025, \u00e0 Yamoussoukro, au si\u00e8ge de l\u2019institution parlementaire, les v\u0153ux de nouvel an avec ses coll\u00e8gues s\u00e9nateurs ainsi que le personnel administratif et technique du S\u00e9nat. Ce fut l\u2019occasion pour la patronne des s\u00e9nateurs de C\u00f4te d\u2019Ivoire d\u2019adresser \u00e0 chacun de ses [&hellip;]<\/p>\n","protected":false},"author":4,"featured_media":36793,"comment_status":"closed","ping_status":"closed","sticky":false,"template":"","format":"standard","meta":{"_monsterinsights_skip_tracking":false,"_monsterinsights_sitenote_active":false,"_monsterinsights_sitenote_note":"","_monsterinsights_sitenote_category":0,"footnotes":""},"categories":[2,3],"tags":[336,565,4589],"class_list":["post-36792","post","type-post","status-publish","format-standard","has-post-thumbnail","hentry","category-featured","category-societe","tag-kandia-camara","tag-senat","tag-voeux-de-nouvel-an"],"_links":{"self":[{"href":"https:\/\/www.lintelligentdabidjan.info\/news\/wp-json\/wp\/v2\/posts\/36792","targetHints":{"allow":["GET"]}}],"collection":[{"href":"https:\/\/www.lintelligentdabidjan.info\/news\/wp-json\/wp\/v2\/posts"}],"about":[{"href":"https:\/\/www.lintelligentdabidjan.info\/news\/wp-json\/wp\/v2\/types\/post"}],"author":[{"embeddable":true,"href":"https:\/\/www.lintelligentdabidjan.info\/news\/wp-json\/wp\/v2\/users\/4"}],"replies":[{"embeddable":true,"href":"https:\/\/www.lintelligentdabidjan.info\/news\/wp-json\/wp\/v2\/comments?post=36792"}],"version-history":[{"count":1,"href":"https:\/\/www.lintelligentdabidjan.info\/news\/wp-json\/wp\/v2\/posts\/36792\/revisions"}],"predecessor-version":[{"id":36794,"href":"https:\/\/www.lintelligentdabidjan.info\/news\/wp-json\/wp\/v2\/posts\/36792\/revisions\/36794"}],"wp:featuredmedia":[{"embeddable":true,"href":"https:\/\/www.lintelligentdabidjan.info\/news\/wp-json\/wp\/v2\/media\/36793"}],"wp:attachment":[{"href":"https:\/\/www.lintelligentdabidjan.info\/news\/wp-json\/wp\/v2\/media?parent=36792"}],"wp:term":[{"taxonomy":"category","embeddable":true,"href":"https:\/\/www.lintelligentdabidjan.info\/news\/wp-json\/wp\/v2\/categories?post=36792"},{"taxonomy":"post_tag","embeddable":true,"href":"https:\/\/www.lintelligentdabidjan.info\/news\/wp-json\/wp\/v2\/tags?post=36792"}],"curies":[{"name":"wp","href":"https:\/\/api.w.org\/{rel}","templated":true}]}}