{"id":36808,"date":"2025-02-01T23:39:31","date_gmt":"2025-02-01T22:39:31","guid":{"rendered":"https:\/\/www.lintelligentdabidjan.info\/news\/?p=36808"},"modified":"2025-02-01T23:39:31","modified_gmt":"2025-02-01T22:39:31","slug":"declaration-de-la-societe-civile-lafricanisme-sur-la-situation-au-nord-kivu-en-rdc","status":"publish","type":"post","link":"https:\/\/www.lintelligentdabidjan.info\/news\/declaration-de-la-societe-civile-lafricanisme-sur-la-situation-au-nord-kivu-en-rdc\/","title":{"rendered":"D\u00c9CLARATION DE LA SOCI\u00c9T\u00c9 CIVILE L\u2019AFRICANISME  SUR LA SITUATION AU NORD-KIVU EN RDC"},"content":{"rendered":"<p><em><strong>La soci\u00e9t\u00e9 civile L\u2019Africanisme, organisation bas\u00e9e en C\u00f4te d\u2019Ivoire, exprime sa *vive pr\u00e9occupation et son indignation* dans le conflit du Nord-Kivu opposant, d\u2019une part, les Forces Arm\u00e9es de la R\u00e9publique D\u00e9mocratique du Congo (FARDC) et ses alli\u00e9s, et d\u2019autre part, le groupe arm\u00e9 rebelle M23 soutenu par des Forces arm\u00e9es \u00e9trang\u00e8res.  <\/strong><\/em><\/p>\n<p>Ce conflit arm\u00e9 engendre d\u00e9solation et chaos. Il porte une atteinte grave \u00e0 la dignit\u00e9 humaine, \u00e0 la souverainet\u00e9 nationale de la RDC  , ainsi qu\u2019aux principes fondamentaux du droit international. <\/p>\n<p>La soci\u00e9t\u00e9 civile L\u2019Africanisme condamne avec fermet\u00e9 et \u00e9nergie  les actes qui endeuillent des familles, d\u00e9truisent des communaut\u00e9s et exacerbent les fragilit\u00e9s d\u2019une r\u00e9gion d\u00e9j\u00e0 meurtrie par des d\u00e9cennies de violences.  <\/p>\n<p>La Soci\u00e9t\u00e9 Civile L\u2019Africanisme appelle \u00e0 :<br \/>\n1. Un cessez-le-feu  et au respect des principes de retenue ;<br \/>\n2. La reprise  urgente d\u2019un dialogue inclusif en faveur d\u2019une paix durable ;<br \/>\n3. L\u2019abandon d\u00e9finitif de la logique guerri\u00e8re et de bellig\u00e9rance arm\u00e9e au profit de solutions politiques, respectueuses des aspirations des peuples de la r\u00e9gion.  <\/p>\n<p>L\u2019organisation exhorte par ailleurs :<br \/>\n&#8211; Les institutions africaines (Union africaine notamment ) \u00e0 coordonner une m\u00e9diation cr\u00e9dible et inclusive ;<br \/>\n&#8211; La communaut\u00e9 internationale \u00e0 sanctionner tout soutien aux groupes arm\u00e9s et \u00e0 \u0153uvrer pour le d\u00e9sarmement rapide des irr\u00e9guli\u00e8res ;<br \/>\n&#8211; Les acteurs locaux, nationaux et internationaux \u00e0 \u00e9tablir des m\u00e9canismes de justice et de r\u00e9paration  pour les victimes, garantissant v\u00e9rit\u00e9, repentance.  <\/p>\n<p>La Soci\u00e9t\u00e9 Civile L\u2019Africanisme r\u00e9affirme son engagement en faveur d\u2019une Afrique souveraine, digne unie, inclusive solidaire et attach\u00e9e au respect des droits humains. <\/p>\n<p>Elle reste engag\u00e9e et mobilis\u00e9e pour accompagner et soutenir toutes les initiatives porteuses d\u2019espoir pour les populations de la RDC et du Nord-Kivu en particulier. <\/p>\n<p><strong>Pour le Pr\u00e9sident<br \/>\nP\/o le Secr\u00e9taire g\u00e9n\u00e9ral adjoint,<br \/>\nKon\u00e9 Boubacar<\/strong><\/p>\n","protected":false},"excerpt":{"rendered":"<p>La soci\u00e9t\u00e9 civile L\u2019Africanisme, organisation bas\u00e9e en C\u00f4te d\u2019Ivoire, exprime sa *vive pr\u00e9occupation et son indignation* dans le conflit du Nord-Kivu opposant, d\u2019une part, les Forces Arm\u00e9es de la R\u00e9publique D\u00e9mocratique du Congo (FARDC) et ses alli\u00e9s, et d\u2019autre part, le groupe arm\u00e9 rebelle M23 soutenu par des Forces arm\u00e9es \u00e9trang\u00e8res. Ce conflit arm\u00e9 engendre [&hellip;]<\/p>\n","protected":false},"author":4,"featured_media":36809,"comment_status":"closed","ping_status":"closed","sticky":false,"template":"","format":"standard","meta":{"_monsterinsights_skip_tracking":false,"_monsterinsights_sitenote_active":false,"_monsterinsights_sitenote_note":"","_monsterinsights_sitenote_category":0,"footnotes":""},"categories":[2,1,3],"tags":[2328,4595,574,2147],"class_list":["post-36808","post","type-post","status-publish","format-standard","has-post-thumbnail","hentry","category-featured","category-actualites","category-societe","tag-africanisme","tag-nord-kivu","tag-rdc","tag-societe-civile"],"_links":{"self":[{"href":"https:\/\/www.lintelligentdabidjan.info\/news\/wp-json\/wp\/v2\/posts\/36808","targetHints":{"allow":["GET"]}}],"collection":[{"href":"https:\/\/www.lintelligentdabidjan.info\/news\/wp-json\/wp\/v2\/posts"}],"about":[{"href":"https:\/\/www.lintelligentdabidjan.info\/news\/wp-json\/wp\/v2\/types\/post"}],"author":[{"embeddable":true,"href":"https:\/\/www.lintelligentdabidjan.info\/news\/wp-json\/wp\/v2\/users\/4"}],"replies":[{"embeddable":true,"href":"https:\/\/www.lintelligentdabidjan.info\/news\/wp-json\/wp\/v2\/comments?post=36808"}],"version-history":[{"count":1,"href":"https:\/\/www.lintelligentdabidjan.info\/news\/wp-json\/wp\/v2\/posts\/36808\/revisions"}],"predecessor-version":[{"id":36810,"href":"https:\/\/www.lintelligentdabidjan.info\/news\/wp-json\/wp\/v2\/posts\/36808\/revisions\/36810"}],"wp:featuredmedia":[{"embeddable":true,"href":"https:\/\/www.lintelligentdabidjan.info\/news\/wp-json\/wp\/v2\/media\/36809"}],"wp:attachment":[{"href":"https:\/\/www.lintelligentdabidjan.info\/news\/wp-json\/wp\/v2\/media?parent=36808"}],"wp:term":[{"taxonomy":"category","embeddable":true,"href":"https:\/\/www.lintelligentdabidjan.info\/news\/wp-json\/wp\/v2\/categories?post=36808"},{"taxonomy":"post_tag","embeddable":true,"href":"https:\/\/www.lintelligentdabidjan.info\/news\/wp-json\/wp\/v2\/tags?post=36808"}],"curies":[{"name":"wp","href":"https:\/\/api.w.org\/{rel}","templated":true}]}}