{"id":36821,"date":"2025-02-03T01:28:27","date_gmt":"2025-02-03T00:28:27","guid":{"rendered":"https:\/\/www.lintelligentdabidjan.info\/news\/?p=36821"},"modified":"2025-02-03T01:28:32","modified_gmt":"2025-02-03T00:28:32","slug":"attecoube-une-unite-gestion-durable-des-dechets-dans-dix-mois","status":"publish","type":"post","link":"https:\/\/www.lintelligentdabidjan.info\/news\/attecoube-une-unite-gestion-durable-des-dechets-dans-dix-mois\/","title":{"rendered":"Att\u00e9coub\u00e9-Une unit\u00e9 gestion durable des d\u00e9chets dans dix mois"},"content":{"rendered":"<p><em><strong>Paulin Claude Danho, 1er Vice-Gouverneur du District Autonome d&#8217;Abidjan et D\u00e9put\u00e9-Maire d&#8217;Att\u00e9coub\u00e9, a lanc\u00e9  le projet \u00ab \u00c9conomie Circulaire d&#8217;Att\u00e9coub\u00e9 \u00bb le samedi 1er f\u00e9vrier 2025. Une initiative  qui vise  \u00e0 transformer la gestion des d\u00e9chets plastiques dans la commune.<\/strong><\/em><\/p>\n<p>Selon la note d\u2019information re\u00e7ue, ce projet, soutenu par l&#8217;ONU-Habitat en collaboration avec l&#8217;ONG AVSI et la mairie, a \u00e9t\u00e9 lanc\u00e9 en pr\u00e9sence  de S.E.M. Dominique Favre, ambassadeur de Suisse en C\u00f4te d&#8217;Ivoire, ainsi que des repr\u00e9sentants du minist\u00e8re de la Construction, du Logement et de l&#8217;Urbanisme (MCLU) et du Minist\u00e8re de l\u2019\u00c9conomie, du Plan et du D\u00e9veloppement (MEPD)<\/p>\n<p>Pour le premier magistrat de la commune famille , d\u00e9put\u00e9-Maire Paulin Claude Danho cette c\u00e9r\u00e9monie marque le d\u00e9but d\u2019un programme ambitieux visant \u00e0 renforcer les capacit\u00e9s locales en mati\u00e8re de gestion des d\u00e9chets et \u00e0 promouvoir l\u2019\u00e9conomie circulaire \u00e0 Att\u00e9coub\u00e9 .S\u2019inscrivant dans le vaste programme AMIC (Projet d\u2019am\u00e9lioration des opportunit\u00e9s d\u2019int\u00e9gration des travailleurs migrants et des communaut\u00e9s locales en situation de vuln\u00e9rabilit\u00e9 dans le Grand Abidjan), ce projet fait partie des trois initiatives pilotes visant \u00e0 mettre \u00e0 \u00e9chelle les actions existantes et \u00e0 partager les le\u00e7ons apprises ainsi que les meilleures pratiques.<\/p>\n<p>D\u2019une dur\u00e9e de dix mois (de f\u00e9vrier \u00e0 novembre 2025), ce projet vise \u00e0 renforcer les comp\u00e9tences des jeunes, des femmes et des migrants d&#8217;Att\u00e9coub\u00e9 dans la valorisation des d\u00e9chets plastiques. Son objectif est de g\u00e9n\u00e9rer des opportunit\u00e9s \u00e9conomiques durables, d&#8217;am\u00e9liorer la r\u00e9silience des communaut\u00e9s vuln\u00e9rables et de contribuer \u00e0 la lutte contre le changement climatique. Cette initiative aura un impact direct sur les jeunes, les femmes et les migrants des communaut\u00e9s locales d\u2019Att\u00e9coub\u00e9. Elle favorisera la cr\u00e9ation d&#8217;emplois et encouragera l&#8217;\u00e9conomie circulaire dans la r\u00e9gion.<\/p>\n<p>Le projet est financ\u00e9 par l&#8217;Agence de D\u00e9veloppement et de Coop\u00e9ration Suisse (SDC) \u00e0 hauteur de 130 914 USD (83 606 000 F CFA). Il est mis en \u0153uvre par ONU-Habitat, en partenariat avec l\u2019ONG AVSI et la Mairie d\u2019Att\u00e9coub\u00e9.<\/p>\n<p><strong>Ange Kouadio <\/strong><\/p>\n","protected":false},"excerpt":{"rendered":"<p>Paulin Claude Danho, 1er Vice-Gouverneur du District Autonome d&#8217;Abidjan et D\u00e9put\u00e9-Maire d&#8217;Att\u00e9coub\u00e9, a lanc\u00e9 le projet \u00ab \u00c9conomie Circulaire d&#8217;Att\u00e9coub\u00e9 \u00bb le samedi 1er f\u00e9vrier 2025. Une initiative qui vise \u00e0 transformer la gestion des d\u00e9chets plastiques dans la commune. Selon la note d\u2019information re\u00e7ue, ce projet, soutenu par l&#8217;ONU-Habitat en collaboration avec l&#8217;ONG AVSI [&hellip;]<\/p>\n","protected":false},"author":4,"featured_media":36822,"comment_status":"closed","ping_status":"closed","sticky":false,"template":"","format":"standard","meta":{"_monsterinsights_skip_tracking":false,"_monsterinsights_sitenote_active":false,"_monsterinsights_sitenote_note":"","_monsterinsights_sitenote_category":0,"footnotes":""},"categories":[2,3],"tags":[1000,4598],"class_list":["post-36821","post","type-post","status-publish","format-standard","has-post-thumbnail","hentry","category-featured","category-societe","tag-attecoube","tag-gestion-durable-des-dechets"],"_links":{"self":[{"href":"https:\/\/www.lintelligentdabidjan.info\/news\/wp-json\/wp\/v2\/posts\/36821","targetHints":{"allow":["GET"]}}],"collection":[{"href":"https:\/\/www.lintelligentdabidjan.info\/news\/wp-json\/wp\/v2\/posts"}],"about":[{"href":"https:\/\/www.lintelligentdabidjan.info\/news\/wp-json\/wp\/v2\/types\/post"}],"author":[{"embeddable":true,"href":"https:\/\/www.lintelligentdabidjan.info\/news\/wp-json\/wp\/v2\/users\/4"}],"replies":[{"embeddable":true,"href":"https:\/\/www.lintelligentdabidjan.info\/news\/wp-json\/wp\/v2\/comments?post=36821"}],"version-history":[{"count":1,"href":"https:\/\/www.lintelligentdabidjan.info\/news\/wp-json\/wp\/v2\/posts\/36821\/revisions"}],"predecessor-version":[{"id":36823,"href":"https:\/\/www.lintelligentdabidjan.info\/news\/wp-json\/wp\/v2\/posts\/36821\/revisions\/36823"}],"wp:featuredmedia":[{"embeddable":true,"href":"https:\/\/www.lintelligentdabidjan.info\/news\/wp-json\/wp\/v2\/media\/36822"}],"wp:attachment":[{"href":"https:\/\/www.lintelligentdabidjan.info\/news\/wp-json\/wp\/v2\/media?parent=36821"}],"wp:term":[{"taxonomy":"category","embeddable":true,"href":"https:\/\/www.lintelligentdabidjan.info\/news\/wp-json\/wp\/v2\/categories?post=36821"},{"taxonomy":"post_tag","embeddable":true,"href":"https:\/\/www.lintelligentdabidjan.info\/news\/wp-json\/wp\/v2\/tags?post=36821"}],"curies":[{"name":"wp","href":"https:\/\/api.w.org\/{rel}","templated":true}]}}