{"id":36824,"date":"2025-02-03T01:31:19","date_gmt":"2025-02-03T00:31:19","guid":{"rendered":"https:\/\/www.lintelligentdabidjan.info\/news\/?p=36824"},"modified":"2025-02-03T21:37:49","modified_gmt":"2025-02-03T20:37:49","slug":"baoule-dabidjan-et-diaspora-anganhan-kouassi-intronise-chef-supreme-des-ressortissants-du-grand-v-baoule","status":"publish","type":"post","link":"https:\/\/www.lintelligentdabidjan.info\/news\/baoule-dabidjan-et-diaspora-anganhan-kouassi-intronise-chef-supreme-des-ressortissants-du-grand-v-baoule\/","title":{"rendered":"Baoul\u00e9 d\u2019Abidjan et diaspora-   Anganhan Kouassi intronis\u00e9 chef supr\u00eame des ressortissants du Grand V Baoul\u00e9"},"content":{"rendered":"<p><em><strong>Apr\u00e8s neuf ann\u00e9es d\u2019attente, les ressortissants du Grand V Baoul\u00e9 ont d\u00e9sormais un chef. Il s\u2019agit de Nanan Anganhan Kouassi, dont l\u2019intronisation a eu lieu le jeudi 30 janvier 2025 \u00e0 l\u2019espace Konan Rapha\u00ebl, dans la commune de Marcory.<\/strong><\/em><\/p>\n<p>Il succ\u00e8de ainsi \u00e0 Nanan Kouassi Kouam\u00e9 Jean. Lors de cette c\u00e9r\u00e9monie, les communaut\u00e9s Baoul\u00e9 du district d\u2019Abidjan ont communi\u00e9 avec leur nouveau chef en pr\u00e9sence de nombreuses personnalit\u00e9s, dont le premier magistrat de la commune de Marcory, le maire Aby Raoul Modeste. Parmi les invit\u00e9s figuraient \u00e9galement l&#8217;ex ministre Amani N\u2019Guessan, des ambassadeurs ainsi que des repr\u00e9sentants de certaines autorit\u00e9s, dont Antoine N\u2019Zi, repr\u00e9sentant Am\u00e9d\u00e9 Kouakou, ministre de l&#8217;Entretien routier et de l\u2019\u00c9quipement.<\/p>\n<p>Soutenues par des communaut\u00e9s s\u0153urs du district d\u2019Abidjan, plusieurs d\u00e9l\u00e9gations ont fait le d\u00e9placement, notamment la communaut\u00e9 \u00c9bri\u00e9 d\u2019Anoumabo.<\/p>\n<p>\u00c0 cette occasion, le maire Aby Raoul a exprim\u00e9 sa gratitude \u00e0 la communaut\u00e9 pour avoir choisi sa commune pour cette c\u00e9r\u00e9monie.<\/p>\n<p>\u00ab Si un chef vous fait l\u2019honneur de se faire introniser sur votre terre, c\u2019est qu\u2019il vous honore. Je suis venu pour vous t\u00e9moigner mon affection et vous dire que votre choix est judicieux. J\u2019ai connu le chef Kouam\u00e9, qui \u00e9tait un grand chef, et je sais que vous ferez autant, car vous \u00eates dot\u00e9s d\u2019une grande sagesse \u00bb, a-t-il d\u00e9clar\u00e9.<\/p>\n<p>Le maire a offert une somme de 1 million de francs CFA \u00e0 la communaut\u00e9 et 500 000 francs CFA aux chefs communautaires pr\u00e9sents \u00e0 cette rencontre.<\/p>\n<p>De son c\u00f4t\u00e9, Antoine N\u2019Zi a remerci\u00e9 et f\u00e9licit\u00e9 la communaut\u00e9 Baoul\u00e9 au nom du ministre Am\u00e9d\u00e9 Kouakou. Il a encourag\u00e9 la communaut\u00e9 et lui a t\u00e9moign\u00e9 son soutien . Il a offert 1,5 million de francs CFA au chef nouvellement investi et \u00e0 son \u00e9quipe.<\/p>\n<p><strong>Olivier Dion, avec G\u00e9rard Batoua (Sercom)<\/strong><\/p>\n","protected":false},"excerpt":{"rendered":"<p>Apr\u00e8s neuf ann\u00e9es d\u2019attente, les ressortissants du Grand V Baoul\u00e9 ont d\u00e9sormais un chef. Il s\u2019agit de Nanan Anganhan Kouassi, dont l\u2019intronisation a eu lieu le jeudi 30 janvier 2025 \u00e0 l\u2019espace Konan Rapha\u00ebl, dans la commune de Marcory. Il succ\u00e8de ainsi \u00e0 Nanan Kouassi Kouam\u00e9 Jean. Lors de cette c\u00e9r\u00e9monie, les communaut\u00e9s Baoul\u00e9 du [&hellip;]<\/p>\n","protected":false},"author":4,"featured_media":36851,"comment_status":"closed","ping_status":"closed","sticky":false,"template":"","format":"standard","meta":{"_monsterinsights_skip_tracking":false,"_monsterinsights_sitenote_active":false,"_monsterinsights_sitenote_note":"","_monsterinsights_sitenote_category":0,"footnotes":""},"categories":[2,3],"tags":[],"class_list":["post-36824","post","type-post","status-publish","format-standard","has-post-thumbnail","hentry","category-featured","category-societe"],"_links":{"self":[{"href":"https:\/\/www.lintelligentdabidjan.info\/news\/wp-json\/wp\/v2\/posts\/36824","targetHints":{"allow":["GET"]}}],"collection":[{"href":"https:\/\/www.lintelligentdabidjan.info\/news\/wp-json\/wp\/v2\/posts"}],"about":[{"href":"https:\/\/www.lintelligentdabidjan.info\/news\/wp-json\/wp\/v2\/types\/post"}],"author":[{"embeddable":true,"href":"https:\/\/www.lintelligentdabidjan.info\/news\/wp-json\/wp\/v2\/users\/4"}],"replies":[{"embeddable":true,"href":"https:\/\/www.lintelligentdabidjan.info\/news\/wp-json\/wp\/v2\/comments?post=36824"}],"version-history":[{"count":2,"href":"https:\/\/www.lintelligentdabidjan.info\/news\/wp-json\/wp\/v2\/posts\/36824\/revisions"}],"predecessor-version":[{"id":36853,"href":"https:\/\/www.lintelligentdabidjan.info\/news\/wp-json\/wp\/v2\/posts\/36824\/revisions\/36853"}],"wp:featuredmedia":[{"embeddable":true,"href":"https:\/\/www.lintelligentdabidjan.info\/news\/wp-json\/wp\/v2\/media\/36851"}],"wp:attachment":[{"href":"https:\/\/www.lintelligentdabidjan.info\/news\/wp-json\/wp\/v2\/media?parent=36824"}],"wp:term":[{"taxonomy":"category","embeddable":true,"href":"https:\/\/www.lintelligentdabidjan.info\/news\/wp-json\/wp\/v2\/categories?post=36824"},{"taxonomy":"post_tag","embeddable":true,"href":"https:\/\/www.lintelligentdabidjan.info\/news\/wp-json\/wp\/v2\/tags?post=36824"}],"curies":[{"name":"wp","href":"https:\/\/api.w.org\/{rel}","templated":true}]}}