{"id":36854,"date":"2025-02-04T05:35:49","date_gmt":"2025-02-04T04:35:49","guid":{"rendered":"https:\/\/www.lintelligentdabidjan.info\/news\/?p=36854"},"modified":"2025-02-04T05:35:56","modified_gmt":"2025-02-04T04:35:56","slug":"presidentielle-2025-yves-toto-remobilise-les-militants-du-rhdp-a-sakassou","status":"publish","type":"post","link":"https:\/\/www.lintelligentdabidjan.info\/news\/presidentielle-2025-yves-toto-remobilise-les-militants-du-rhdp-a-sakassou\/","title":{"rendered":"Pr\u00e9sidentielle 2025 :  Yves Toto remobilise les militants du RHDP \u00e0 Sakassou"},"content":{"rendered":"<p><em><strong>Les militants du Rassemblement des houphou\u00ebtistes pour la d\u00e9mocratie et la paix (RHDP) du d\u00e9partement de Sakassou se sont r\u00e9unis le dimanche 2 f\u00e9vrier 2025 au centre culturel de la ville pour pr\u00e9senter leurs v\u0153ux de nouvel an \u00e0 Yves Toto, secr\u00e9taire d\u00e9partemental du parti. Cette rencontre a \u00e9galement \u00e9t\u00e9 l&#8217;occasion d\u2019\u00e9changer sur la vie du parti \u00e0 Sakassou et de pr\u00e9parer les prochaines \u00e9lections pr\u00e9sidentielles.<\/strong><\/em><\/p>\n<p>Lors de son intervention, Yves Toto a exprim\u00e9 sa gratitude envers le pr\u00e9sident de la R\u00e9publique, Alassane Ouattara, pour les infrastructures de base r\u00e9alis\u00e9es \u00e0 Sakassou depuis 2020. Soucieux de poursuivre cette dynamique de d\u00e9veloppement, il a r\u00e9affirm\u00e9 son engagement \u00e0 assurer la victoire du RHDP dans la localit\u00e9.<\/p>\n<p>&#8220;Les militants se sont engag\u00e9s \u00e0 \u0153uvrer dans les villages et les quartiers pour garantir la victoire du pr\u00e9sident Alassane Ouattara aux \u00e9lections pr\u00e9sidentielles de 2025, dans un climat de paix et de coh\u00e9sion. Sakassou a un devoir de reconnaissance envers le chef de l\u2019\u00c9tat, et les militants sont pleinement mobilis\u00e9s&#8221;, a d\u00e9clar\u00e9 Yves Toto.<\/p>\n<p>Il a \u00e9galement insist\u00e9 sur l\u2019unit\u00e9 des cadres et des coordinateurs du parti \u00e0 Sakassou : &#8220;Sakassou est mobilis\u00e9 avec l\u2019ensemble de ses cadres et de ses coordinateurs.&#8221;<\/p>\n<p><strong>Un appel \u00e0 la paix et \u00e0 la coh\u00e9sion sociale<\/strong><\/p>\n<p>Poursuivant son discours, Yves Toto a exhort\u00e9 la population de Sakassou \u00e0 cultiver un esprit de paix et de coh\u00e9sion durant cette ann\u00e9e \u00e9lectorale, afin de garantir la continuit\u00e9 du d\u00e9veloppement local.<\/p>\n<p>&#8220;Nous avons demand\u00e9 aux jeunes de ne pas c\u00e9der \u00e0 la violence en 2025. Personne n&#8217;en sortirait gagnant, et cela ne ferait que retarder le d\u00e9veloppement de Sakassou. Le royaume baoul\u00e9 doit \u00eatre un symbole de paix et de coh\u00e9sion&#8221;, a-t-il insist\u00e9.<\/p>\n<p><strong>La jeunesse r\u00e9clame la candidature d&#8217;Alassane Ouattara<\/strong><\/p>\n<p>Prenant la parole au nom de la jeunesse, Ciss\u00e9 Lassa, pr\u00e9sident de l\u2019Union des Jeunes du RHDP (UJRHDP) pour la commune de Sakassou, a plaid\u00e9 en faveur d\u2019une candidature du pr\u00e9sident Alassane Ouattara.<\/p>\n<p>&#8220;Nous r\u00e9clamons absolument, totalement et ind\u00e9finiment la candidature du pr\u00e9sident Alassane Ouattara&#8221;, a-t-il d\u00e9clar\u00e9 avec ferveur.<\/p>\n<p>Il a \u00e9galement r\u00e9affirm\u00e9 l\u2019engagement de la jeunesse de Sakassou \u00e0 soutenir cette candidature.<\/p>\n<p>&#8220;Nous sommes convaincus que Sakassou sera, cette fois encore, \u00e0 la hauteur. En 2020, nous \u00e9tions d\u00e9j\u00e0 mobilis\u00e9s, mais en 2025, nous le serons encore davantage. Nous voulons montrer au pr\u00e9sident de la R\u00e9publique que la jeunesse de Sakassou est avec lui, aujourd\u2019hui et toujours&#8221;, a-t-il conclu.<\/p>\n<p><strong>Nambac\u00e9r\u00e9 Jo\u00ebl<\/strong><\/p>\n","protected":false},"excerpt":{"rendered":"<p>Les militants du Rassemblement des houphou\u00ebtistes pour la d\u00e9mocratie et la paix (RHDP) du d\u00e9partement de Sakassou se sont r\u00e9unis le dimanche 2 f\u00e9vrier 2025 au centre culturel de la ville pour pr\u00e9senter leurs v\u0153ux de nouvel an \u00e0 Yves Toto, secr\u00e9taire d\u00e9partemental du parti. Cette rencontre a \u00e9galement \u00e9t\u00e9 l&#8217;occasion d\u2019\u00e9changer sur la vie [&hellip;]<\/p>\n","protected":false},"author":4,"featured_media":36855,"comment_status":"closed","ping_status":"closed","sticky":false,"template":"","format":"standard","meta":{"_monsterinsights_skip_tracking":false,"_monsterinsights_sitenote_active":false,"_monsterinsights_sitenote_note":"","_monsterinsights_sitenote_category":0,"footnotes":""},"categories":[2,17],"tags":[1663,1621,144,700,935],"class_list":["post-36854","post","type-post","status-publish","format-standard","has-post-thumbnail","hentry","category-featured","category-politique","tag-militants","tag-presidentielle-2025","tag-rhdp","tag-sakassou","tag-yves-toto"],"_links":{"self":[{"href":"https:\/\/www.lintelligentdabidjan.info\/news\/wp-json\/wp\/v2\/posts\/36854","targetHints":{"allow":["GET"]}}],"collection":[{"href":"https:\/\/www.lintelligentdabidjan.info\/news\/wp-json\/wp\/v2\/posts"}],"about":[{"href":"https:\/\/www.lintelligentdabidjan.info\/news\/wp-json\/wp\/v2\/types\/post"}],"author":[{"embeddable":true,"href":"https:\/\/www.lintelligentdabidjan.info\/news\/wp-json\/wp\/v2\/users\/4"}],"replies":[{"embeddable":true,"href":"https:\/\/www.lintelligentdabidjan.info\/news\/wp-json\/wp\/v2\/comments?post=36854"}],"version-history":[{"count":1,"href":"https:\/\/www.lintelligentdabidjan.info\/news\/wp-json\/wp\/v2\/posts\/36854\/revisions"}],"predecessor-version":[{"id":36856,"href":"https:\/\/www.lintelligentdabidjan.info\/news\/wp-json\/wp\/v2\/posts\/36854\/revisions\/36856"}],"wp:featuredmedia":[{"embeddable":true,"href":"https:\/\/www.lintelligentdabidjan.info\/news\/wp-json\/wp\/v2\/media\/36855"}],"wp:attachment":[{"href":"https:\/\/www.lintelligentdabidjan.info\/news\/wp-json\/wp\/v2\/media?parent=36854"}],"wp:term":[{"taxonomy":"category","embeddable":true,"href":"https:\/\/www.lintelligentdabidjan.info\/news\/wp-json\/wp\/v2\/categories?post=36854"},{"taxonomy":"post_tag","embeddable":true,"href":"https:\/\/www.lintelligentdabidjan.info\/news\/wp-json\/wp\/v2\/tags?post=36854"}],"curies":[{"name":"wp","href":"https:\/\/api.w.org\/{rel}","templated":true}]}}