{"id":36860,"date":"2025-02-04T18:47:58","date_gmt":"2025-02-04T17:47:58","guid":{"rendered":"https:\/\/www.lintelligentdabidjan.info\/news\/?p=36860"},"modified":"2025-02-04T18:52:01","modified_gmt":"2025-02-04T17:52:01","slug":"presidentielle-2025-mobilisation-de-soutien-a-la-candidature-de-ouattara-dans-lindenie-djuablin","status":"publish","type":"post","link":"https:\/\/www.lintelligentdabidjan.info\/news\/presidentielle-2025-mobilisation-de-soutien-a-la-candidature-de-ouattara-dans-lindenie-djuablin\/","title":{"rendered":"Pr\u00e9sidentielle 2025 &#8211;  Mobilisation de soutien \u00e0 la candidature de Ouattara dans l&#8217;Ind\u00e9ni\u00e9-Djuablin"},"content":{"rendered":"<p><em><strong>Mobilisation de soutien \u00e0 la candidature de Ouattara \u00e0 la pr\u00e9sidentielle 2025 dans l&#8217;Ind\u00e9ni\u00e9-Djuablin. <\/strong><\/em><\/p>\n<p>Le samedi 1er f\u00e9vrier 2025, la place de la Solidarit\u00e9 \u00e0 Abengourou a \u00e9t\u00e9 le th\u00e9\u00e2tre d&#8217;une grande rencontre militante organis\u00e9e par la coordination r\u00e9gionale du RHDP de l&#8217;Ind\u00e9ni\u00e9-Djuablin. Cette journ\u00e9e de remobilisation a r\u00e9uni un large \u00e9ventail de personnalit\u00e9s et de militants du parti, tous anim\u00e9s par le m\u00eame objectif : renforcer l\u2019unit\u00e9 de la base militante et soutenir la candidature du Pr\u00e9sident Alassane Ouattara pour l\u2019\u00e9lection pr\u00e9sidentielle d&#8217;octobre 2025.<br \/>\n<strong><br \/>\nUne mobilisation autour des leaders du parti<\/strong><\/p>\n<p>Pr\u00e9sid\u00e9e par Siandou Fofana, ministre du Tourisme et des Loisirs et coordonnateur r\u00e9gional principal du RHDP, l&#8217;\u00e9v\u00e9nement a vu la participation du ministre L\u00e9on Kacou Adom, ministre des Affaires \u00e9trang\u00e8res, de l&#8217;Int\u00e9gration africaine et des Ivoiriens de l&#8217;ext\u00e9rieur, \u00e9galement coordonnateur r\u00e9gional associ\u00e9 du RHDP. Ce dernier a d\u2019ailleurs pris la parole pour exprimer sa satisfaction quant \u00e0 l\u2019\u00e9lan de coh\u00e9sion et \u00e0 l\u2019engagement de tous envers les id\u00e9aux du parti.<\/p>\n<p>\u00ab Je suis tr\u00e8s heureux de m&#8217;aligner sur les messages de coh\u00e9sion et d&#8217;appel pressant \u00e0 la candidature du pr\u00e9sident Alassane Ouattara. Vous \u00eates l\u00e0 pour lui demander de continuer \u00e0 \u00eatre notre boussole, notre \u00e9toile \u00bb, a-t-il d\u00e9clar\u00e9, soulignant la volont\u00e9 commune de faire triompher les valeurs du RHDP dans la r\u00e9gion.<\/p>\n<p>Le ministre L\u00e9on Kacou Adom a \u00e9galement insist\u00e9 sur le fait que le pr\u00e9sident Ouattara est un leader puissant, dont les r\u00e9alisations en moins de dix ans ont transform\u00e9 la C\u00f4te d&#8217;Ivoire. \u00ab Vous aimez Alassane Ouattara. Et chaque fois qu&#8217;on parle de lui, vous \u00eates pr\u00e9sents parce que notre aujourd\u2019hui et notre avenir d\u00e9pendent de lui \u00bb, a-t-il ajout\u00e9, mettant en avant l\u2019importance de la mobilisation de tous pour renforcer la marche dynamique du parti.<\/p>\n<p><strong>Un hommage appuy\u00e9 au ministre L\u00e9on Kacou Adom<\/strong><\/p>\n<p>Un moment fort de cette rencontre a \u00e9t\u00e9 l\u2019hommage rendu par Siandou Fofana au ministre L\u00e9on Kacou Adom, qu\u2019il a qualifi\u00e9 de \u00ab rep\u00e8re \u00e0 nul autre pareil \u00bb au sein du RHDP. \u00ab Il est le moment, il faut se saisir de l\u2019opportunit\u00e9 qui s\u2019offre \u00e0 nous pour exprimer haut et fort notre d\u00e9votion \u00e0 un homme d\u2019exception \u00bb, a-t-il d\u00e9clar\u00e9, avant de rendre hommage \u00e0 son mentor pour son r\u00f4le cl\u00e9 dans la diplomatie ivoirienne sous la direction du Pr\u00e9sident Ouattara.<\/p>\n<p>Le ministre Siandou Fofana a \u00e9galement pris la parole pour saluer l\u2019engagement de tous et rappeler l&#8217;importance de l&#8217;unit\u00e9 autour des id\u00e9aux du RHDP. \u00ab Nous devons saisir chaque occasion pour exprimer notre gratitude et notre soutien \u00e0 celui qui incarne l&#8217;espoir et le futur de notre pays, le Pr\u00e9sident Alassane Ouattara. Le choix d\u2019Abengourou pour le lancement de cette tourn\u00e9e est un signe fort de notre engagement. Nous devons tous \u0153uvrer pour la victoire de notre parti, afin d\u2019assurer le bonheur de nos populations \u00bb, a-t-il d\u00e9clar\u00e9.<\/p>\n<p><strong>Des actions de d\u00e9veloppement pour convaincre les populations<\/strong><\/p>\n<p>Avec les actions et les multiples dons du ministre L\u00e9on Kacou Adom dans la r\u00e9gion, les populations ne pouvaient que r\u00e9pondre en masse \u00e0 cette initiative dont il est le principal initiateur.<\/p>\n<p>\u00ab Le coordonnateur r\u00e9gional associ\u00e9 a r\u00e9cemment mobilis\u00e9 le monde agricole de la zone ; il a parcouru hameaux et villages pour l\u2019organisation de plusieurs arbres de No\u00ebl ; la construction et la r\u00e9habilitation de plusieurs \u00e9coles ; les dons d\u2019ambulances aux dispensaires ; la construction et l\u2019\u00e9quipement de plusieurs centres m\u00e9dicaux. Ces actions qui concourent \u00e9norm\u00e9ment au d\u00e9veloppement local, mais qui sont pour nous les populations, un prolongement bien appr\u00e9ci\u00e9 de la C\u00f4te d\u2019Ivoire solidaire du pr\u00e9sident Alassane Ouattara ont fini par convaincre les populations, sans consid\u00e9ration ethnique et politique, \u00e0 s\u2019engager derri\u00e8re cet appel du ministre L\u00e9on Kacou Adom \u00bb, a confi\u00e9 un participant aux m\u00e9dias.<\/p>\n<p>Une tourn\u00e9e qui se poursuit dans toute la r\u00e9gion<\/p>\n<p>Dans son discours, Siandou Fofana a soulign\u00e9 que le RHDP est plus que jamais pr\u00eat \u00e0 renforcer la coh\u00e9sion au sein de la r\u00e9gion et \u00e0 soutenir la dynamique de d\u00e9veloppement initi\u00e9e par le Pr\u00e9sident Ouattara.<\/p>\n<p>La tourn\u00e9e de remobilisation se poursuit le 8 f\u00e9vrier 2025 \u00e0 Betti\u00e9 et le 15 f\u00e9vrier \u00e0 Agnibil\u00e9krou. Ces \u00e9v\u00e9nements sont une nouvelle \u00e9tape dans le processus de renforcement du RHDP, visant \u00e0 consolider l\u2019unit\u00e9 de la r\u00e9gion de l\u2019Ind\u00e9ni\u00e9-Djuablin, avec un engagement ferme en faveur du pr\u00e9sident Ouattara et des id\u00e9aux du parti.<\/p>\n<p><strong>Une forte pr\u00e9sence des cadres et \u00e9lus RHDP<\/strong><\/p>\n<p>Outre les ministres Siandou Fofana et L\u00e9on Kacou Adom, plusieurs autres personnalit\u00e9s ont pris part \u00e0 cette journ\u00e9e de remobilisation, dont le ministre N\u2019Guessan Koffi, coordonnateur r\u00e9gional adjoint du RHDP, le ministre Roger F\u00e9lix Adom, directeur de cabinet du secr\u00e9taire ex\u00e9cutif du RHDP, et Me\u00eft\u00e9 Sindou, directeur g\u00e9n\u00e9ral de l\u2019Agence de soutien et de d\u00e9veloppement des m\u00e9dias (ASDM). Les \u00e9lus et cadres du RHDP \u00e9taient \u00e9galement nombreux, repr\u00e9sentant les diff\u00e9rentes structures du parti, des jeunes et des femmes, ainsi que les responsables des comit\u00e9s de base et des sections.<\/p>\n<p>Le maire d\u2019Abengourou, Herv\u00e9 Patrick Adom, coordonnateur r\u00e9gional adjoint du RHDP et pr\u00e9sident du comit\u00e9 d&#8217;organisation de l&#8217;\u00e9v\u00e9nement, a \u00e9galement soulign\u00e9 l\u2019importance de cette rencontre pour renforcer les liens au sein du parti et de la population.<\/p>\n<p><strong>Tour\u00e9 Abdoulaye avec L. Abdul <\/strong><\/p>\n","protected":false},"excerpt":{"rendered":"<p>Mobilisation de soutien \u00e0 la candidature de Ouattara \u00e0 la pr\u00e9sidentielle 2025 dans l&#8217;Ind\u00e9ni\u00e9-Djuablin. Le samedi 1er f\u00e9vrier 2025, la place de la Solidarit\u00e9 \u00e0 Abengourou a \u00e9t\u00e9 le th\u00e9\u00e2tre d&#8217;une grande rencontre militante organis\u00e9e par la coordination r\u00e9gionale du RHDP de l&#8217;Ind\u00e9ni\u00e9-Djuablin. Cette journ\u00e9e de remobilisation a r\u00e9uni un large \u00e9ventail de personnalit\u00e9s et [&hellip;]<\/p>\n","protected":false},"author":4,"featured_media":36861,"comment_status":"closed","ping_status":"closed","sticky":false,"template":"","format":"standard","meta":{"_monsterinsights_skip_tracking":false,"_monsterinsights_sitenote_active":false,"_monsterinsights_sitenote_note":"","_monsterinsights_sitenote_category":0,"footnotes":""},"categories":[2,17],"tags":[2073,4602,34,1621],"class_list":["post-36860","post","type-post","status-publish","format-standard","has-post-thumbnail","hentry","category-featured","category-politique","tag-candidature","tag-lindenie-djuablin","tag-ouattara","tag-presidentielle-2025"],"_links":{"self":[{"href":"https:\/\/www.lintelligentdabidjan.info\/news\/wp-json\/wp\/v2\/posts\/36860","targetHints":{"allow":["GET"]}}],"collection":[{"href":"https:\/\/www.lintelligentdabidjan.info\/news\/wp-json\/wp\/v2\/posts"}],"about":[{"href":"https:\/\/www.lintelligentdabidjan.info\/news\/wp-json\/wp\/v2\/types\/post"}],"author":[{"embeddable":true,"href":"https:\/\/www.lintelligentdabidjan.info\/news\/wp-json\/wp\/v2\/users\/4"}],"replies":[{"embeddable":true,"href":"https:\/\/www.lintelligentdabidjan.info\/news\/wp-json\/wp\/v2\/comments?post=36860"}],"version-history":[{"count":1,"href":"https:\/\/www.lintelligentdabidjan.info\/news\/wp-json\/wp\/v2\/posts\/36860\/revisions"}],"predecessor-version":[{"id":36862,"href":"https:\/\/www.lintelligentdabidjan.info\/news\/wp-json\/wp\/v2\/posts\/36860\/revisions\/36862"}],"wp:featuredmedia":[{"embeddable":true,"href":"https:\/\/www.lintelligentdabidjan.info\/news\/wp-json\/wp\/v2\/media\/36861"}],"wp:attachment":[{"href":"https:\/\/www.lintelligentdabidjan.info\/news\/wp-json\/wp\/v2\/media?parent=36860"}],"wp:term":[{"taxonomy":"category","embeddable":true,"href":"https:\/\/www.lintelligentdabidjan.info\/news\/wp-json\/wp\/v2\/categories?post=36860"},{"taxonomy":"post_tag","embeddable":true,"href":"https:\/\/www.lintelligentdabidjan.info\/news\/wp-json\/wp\/v2\/tags?post=36860"}],"curies":[{"name":"wp","href":"https:\/\/api.w.org\/{rel}","templated":true}]}}