{"id":36863,"date":"2025-02-05T05:32:45","date_gmt":"2025-02-05T04:32:45","guid":{"rendered":"https:\/\/www.lintelligentdabidjan.info\/news\/?p=36863"},"modified":"2025-02-05T05:47:46","modified_gmt":"2025-02-05T04:47:46","slug":"violence-en-milieu-universitaire-le-meerci-denonce-une-tentative-de-manipulation-des-etudiants","status":"publish","type":"post","link":"https:\/\/www.lintelligentdabidjan.info\/news\/violence-en-milieu-universitaire-le-meerci-denonce-une-tentative-de-manipulation-des-etudiants\/","title":{"rendered":"Violence en milieu universitaire-  Le Meerci d\u00e9nonce une tentative de manipulation des \u00e9tudiants"},"content":{"rendered":"<p><em><strong>Dans un communiqu\u00e9 en date du lundi 3 f\u00e9vrier 2025, dont nous avons re\u00e7u copie, Mamadou Bakayoko, pr\u00e9sident du Mouvement des \u00c9l\u00e8ves et \u00c9tudiants R\u00e9publicains de C\u00f4te d&#8217;Ivoire (Meerci), a affirm\u00e9 : \u00ab L\u2019Universit\u00e9 n\u2019est pas un champ de bataille politique \u00bb. Il r\u00e9pondait ainsi \u00e0 la Coordination des Structures Universitaires du PPA-CI, qu\u2019il accuse de vouloir instrumentaliser les \u00e9tudiants \u00e0 des fins politiques. <\/strong><\/em><\/p>\n<p>Cette r\u00e9action fait suite \u00e0 l\u2019appel lanc\u00e9 par cette organisation en faveur de la candidature de Laurent Gbagbo \u00e0 l\u2019\u00e9lection pr\u00e9sidentielle de 2025, une d\u00e9marche que le Meerci juge inappropri\u00e9e et dangereuse pour la jeunesse estudiantine. \u00ab L\u2019universit\u00e9 doit \u00eatre un lieu de savoir et de progr\u00e8s, et non un champ de bataille politique \u00bb, insiste le Meerci. Selon le Meerci, les \u00e9tudiants doivent se concentrer sur leur formation et leur avenir professionnel, plut\u00f4t que de se laisser entra\u00eener dans des luttes partisanes. \u00ab Il est inadmissible que certains cherchent \u00e0 d\u00e9tourner l\u2019attention des \u00e9tudiants de leur parcours acad\u00e9mique pour des int\u00e9r\u00eats politiques \u00bb, affirme le mouvement dans son communiqu\u00e9.<\/p>\n<p>Par ailleurs, le Meerci rejette fermement les accusations de r\u00e9pression et d\u2019enl\u00e8vements d\u2019\u00e9tudiants port\u00e9es par la Coordination des Structures Universitaires du PPA-CI contre les autorit\u00e9s. Il d\u00e9nonce une tentative de manipulation visant \u00e0 discr\u00e9diter l\u2019\u00c9tat et \u00e0 cr\u00e9er des tensions inutiles dans les milieux universitaires. Le Meerci rappelle que le gouvernement ivoirien a multipli\u00e9 les efforts ces derni\u00e8res ann\u00e9es pour am\u00e9liorer le syst\u00e8me \u00e9ducatif. Plusieurs r\u00e9formes ont \u00e9t\u00e9 engag\u00e9es, notamment la construction et la r\u00e9habilitation d\u2019infrastructures scolaires et universitaires pour r\u00e9pondre \u00e0 l\u2019augmentation du nombre d\u2019\u00e9tudiants, le recrutement massif d\u2019enseignants et d\u2019encadreurs afin d\u2019am\u00e9liorer la qualit\u00e9 de l\u2019enseignement, l\u2019augmentation du budget allou\u00e9 \u00e0 l\u2019\u00e9ducation t\u00e9moignant de la volont\u00e9 des autorit\u00e9s de faire de l\u2019\u00e9cole une priorit\u00e9 nationale, l\u2019instauration de bourses et d\u2019aides sociales pour soutenir les \u00e9l\u00e8ves et \u00e9tudiants issus de milieux d\u00e9favoris\u00e9s, ainsi que la digitalisation de l\u2019\u00e9ducation avec l\u2019introduction des technologies num\u00e9riques pour moderniser les m\u00e9thodes d\u2019apprentissage.<\/p>\n<p>Ces avanc\u00e9es d\u00e9montrent, selon le Meerci, l\u2019engagement du gouvernement \u00e0 offrir un cadre propice \u00e0 l\u2019\u00e9ducation et \u00e0 la formation des jeunes, loin des luttes politiques qui pourraient compromettre leur avenir. Le mouvement invite les \u00e9l\u00e8ves et \u00e9tudiants \u00e0 faire preuve de discernement et \u00e0 ne pas se laisser influencer par des discours partisans, appelant la jeunesse \u00e0 se mobiliser pour l\u2019excellence et la r\u00e9ussite acad\u00e9mique.<\/p>\n<p><strong>Beker Yao <\/strong><\/p>\n","protected":false},"excerpt":{"rendered":"<p>Dans un communiqu\u00e9 en date du lundi 3 f\u00e9vrier 2025, dont nous avons re\u00e7u copie, Mamadou Bakayoko, pr\u00e9sident du Mouvement des \u00c9l\u00e8ves et \u00c9tudiants R\u00e9publicains de C\u00f4te d&#8217;Ivoire (Meerci), a affirm\u00e9 : \u00ab L\u2019Universit\u00e9 n\u2019est pas un champ de bataille politique \u00bb. Il r\u00e9pondait ainsi \u00e0 la Coordination des Structures Universitaires du PPA-CI, qu\u2019il accuse [&hellip;]<\/p>\n","protected":false},"author":4,"featured_media":36868,"comment_status":"closed","ping_status":"closed","sticky":false,"template":"","format":"standard","meta":{"_monsterinsights_skip_tracking":false,"_monsterinsights_sitenote_active":false,"_monsterinsights_sitenote_note":"","_monsterinsights_sitenote_category":0,"footnotes":""},"categories":[2,17,3],"tags":[598,4604,4018,4603,3515],"class_list":["post-36863","post","type-post","status-publish","format-standard","has-post-thumbnail","hentry","category-featured","category-politique","category-societe","tag-etudiants","tag-manipulation","tag-meerci","tag-milieu-universitaire","tag-violence"],"_links":{"self":[{"href":"https:\/\/www.lintelligentdabidjan.info\/news\/wp-json\/wp\/v2\/posts\/36863","targetHints":{"allow":["GET"]}}],"collection":[{"href":"https:\/\/www.lintelligentdabidjan.info\/news\/wp-json\/wp\/v2\/posts"}],"about":[{"href":"https:\/\/www.lintelligentdabidjan.info\/news\/wp-json\/wp\/v2\/types\/post"}],"author":[{"embeddable":true,"href":"https:\/\/www.lintelligentdabidjan.info\/news\/wp-json\/wp\/v2\/users\/4"}],"replies":[{"embeddable":true,"href":"https:\/\/www.lintelligentdabidjan.info\/news\/wp-json\/wp\/v2\/comments?post=36863"}],"version-history":[{"count":2,"href":"https:\/\/www.lintelligentdabidjan.info\/news\/wp-json\/wp\/v2\/posts\/36863\/revisions"}],"predecessor-version":[{"id":36869,"href":"https:\/\/www.lintelligentdabidjan.info\/news\/wp-json\/wp\/v2\/posts\/36863\/revisions\/36869"}],"wp:featuredmedia":[{"embeddable":true,"href":"https:\/\/www.lintelligentdabidjan.info\/news\/wp-json\/wp\/v2\/media\/36868"}],"wp:attachment":[{"href":"https:\/\/www.lintelligentdabidjan.info\/news\/wp-json\/wp\/v2\/media?parent=36863"}],"wp:term":[{"taxonomy":"category","embeddable":true,"href":"https:\/\/www.lintelligentdabidjan.info\/news\/wp-json\/wp\/v2\/categories?post=36863"},{"taxonomy":"post_tag","embeddable":true,"href":"https:\/\/www.lintelligentdabidjan.info\/news\/wp-json\/wp\/v2\/tags?post=36863"}],"curies":[{"name":"wp","href":"https:\/\/api.w.org\/{rel}","templated":true}]}}