{"id":36882,"date":"2025-02-07T04:44:27","date_gmt":"2025-02-07T03:44:27","guid":{"rendered":"https:\/\/www.lintelligentdabidjan.info\/news\/?p=36882"},"modified":"2025-02-07T04:44:34","modified_gmt":"2025-02-07T03:44:34","slug":"forum-intech-sante-lappel-daka-aouele-pierre-dimba-et-ekissi-narcisse","status":"publish","type":"post","link":"https:\/\/www.lintelligentdabidjan.info\/news\/forum-intech-sante-lappel-daka-aouele-pierre-dimba-et-ekissi-narcisse\/","title":{"rendered":"Forum Intech Sant\u00e9-  L\u2019appel d\u2019Aka Aou\u00e9l\u00e9, Pierre Dimba et Ekissi Narcisse"},"content":{"rendered":"<p><em><strong>La c\u00e9r\u00e9monie d\u2019ouverture de la premi\u00e8re \u00e9dition du Forum Intech Sant\u00e9 s\u2019est d\u00e9roul\u00e9e le jeudi 6 f\u00e9vrier 2025 dans un espace \u00e9v\u00e9nementiel d\u2019Abidjan-Cocody.<\/strong><\/em><\/p>\n<p>Plac\u00e9 sous le th\u00e8me : \u00ab L\u2019innovation technologique au service d\u2019un syst\u00e8me de sant\u00e9 accessible \u00bb, le Forum Intech Sant\u00e9 vise \u00e0 promouvoir des solutions technologiques innovantes pour am\u00e9liorer l\u2019accessibilit\u00e9, l\u2019efficacit\u00e9 et la qualit\u00e9 des soins de sant\u00e9, ainsi qu\u2019\u00e0 inspirer des actions concr\u00e8tes pour transformer durablement le secteur gr\u00e2ce \u00e0 la technologie. \u00c0 l\u2019ouverture, le pr\u00e9sident de la c\u00e9r\u00e9monie, Dr. Eug\u00e8ne Aka Aou\u00e9l\u00e9, pr\u00e9sident du Conseil \u00e9conomique, social, environnemental et culturel, a salu\u00e9 le choix du th\u00e8me, affirmant qu\u2019il est d&#8217;une actualit\u00e9 criante dans un contexte mondial marqu\u00e9 par des d\u00e9fis sanitaires majeurs. \u00ab L\u2019innovation permet de demeurer dans la modernit\u00e9 en s\u2019appuyant sur la technologie. Je vous invite \u00e0 vous inscrire dans l\u2019\u00e9lan de modernisation et d\u2019innovation du gouvernement en mati\u00e8re de sant\u00e9, en promouvant des \u00e9l\u00e9ments tels que la t\u00e9l\u00e9m\u00e9decine, l\u2019intelligence artificielle, les Big Data et les drones pour la livraison de m\u00e9dicaments, qui doivent \u00eatre exploit\u00e9s pour surmonter les nombreux d\u00e9fis du secteur et am\u00e9liorer l\u2019acc\u00e8s de nos populations aux soins de sant\u00e9 \u00bb, a-t-il d\u00e9clar\u00e9. Le pr\u00e9sident a \u00e9galement rendu hommage \u00e0 Alassane Ouattara, Pr\u00e9sident de la R\u00e9publique, pour son engagement envers une C\u00f4te d\u2019Ivoire solidaire et sa politique en mati\u00e8re de sant\u00e9.<\/p>\n<p><strong>Un engagement collectif vers l&#8217;innovation<\/strong><\/p>\n<p>Pierre N\u2019Gou Dimba, ministre de la Sant\u00e9, de l\u2019Hygi\u00e8ne publique et de la Couverture maladie universelle, a insist\u00e9 sur l&#8217;importance de ce forum pour r\u00e9unir tous les acteurs cl\u00e9s de la sant\u00e9 et de la technologie. \u00ab Ce forum est une opportunit\u00e9 unique pour rassembler tous les acteurs cl\u00e9s. Il nous permettra de cr\u00e9er des synergies entre le secteur de la sant\u00e9 et celui de la technologie pour encourager l\u2019innovation et la collaboration, et d\u2019identifier les meilleures solutions pour acc\u00e9l\u00e9rer la transformation digitale du syst\u00e8me de sant\u00e9 de notre pays, la C\u00f4te d\u2019Ivoire. L\u2019innovation technologique en sant\u00e9 est une priorit\u00e9 nationale, non seulement pour am\u00e9liorer la qualit\u00e9 des soins offerts aux citoyens, mais aussi pour positionner la C\u00f4te d\u2019Ivoire comme un acteur cl\u00e9 dans la sant\u00e9 r\u00e9gionale \u00bb, a not\u00e9 le ministre, soulignant ainsi les nombreux d\u00e9fis auxquels les syst\u00e8mes de sant\u00e9 font face. \u00ab L\u2019investissement strat\u00e9gique et la cr\u00e9ation d\u2019un cadre favorable \u00e0 l\u2019innovation nous permettent de relever les d\u00e9fis actuels et de passer \u00e0 un futur syst\u00e8me de sant\u00e9 beaucoup plus ambitieux. Nous devons \u00eatre dans une qu\u00eate permanente d\u2019offrir le meilleur \u00e0 nos populations \u00bb, a ajout\u00e9 Pierre Dimba. Ekissi Narcisse, directeur de cabinet du ministre de la Transition num\u00e9rique et de la Digitalisation, a mis en avant les avanc\u00e9es r\u00e9alis\u00e9es en mati\u00e8re de soins de sant\u00e9, tout en reconnaissant les d\u00e9fis persistants. Il a appel\u00e9 \u00e0 une acc\u00e9l\u00e9ration de la transformation num\u00e9rique pour garantir un acc\u00e8s \u00e9quitable aux soins. \u00ab Aujourd\u2019hui, 85 % des patients en C\u00f4te d\u2019Ivoire ne disposent pas d\u2019un dossier m\u00e9dical centralis\u00e9, ce qui entra\u00eene une perte d\u2019informations cruciales et une coordination limit\u00e9e des soins. \u00c0 c\u00f4t\u00e9 du dossier m\u00e9dical \u00e9lectronique envisag\u00e9, la t\u00e9l\u00e9m\u00e9decine sera vulgaris\u00e9e et constituera une avanc\u00e9e majeure qui permettra de connecter les patients aux professionnels de la sant\u00e9, o\u00f9 qu\u2019ils se trouvent \u00bb, a-t-il d\u00e9clar\u00e9. Narcisse a annonc\u00e9 des initiatives pilotes d\u00e9j\u00e0 lanc\u00e9es et a r\u00e9affirm\u00e9 la volont\u00e9 du gouvernement ivoirien d\u2019\u00e9quiper les centres de sant\u00e9 en solutions de t\u00e9l\u00e9m\u00e9decine pour faciliter les consultations \u00e0 distance, former plusieurs m\u00e9decins et infirmiers \u00e0 l\u2019utilisation de l\u2019outil num\u00e9rique pour le diagnostic et le suivi des patients, et d\u00e9ployer un r\u00e9seau national de t\u00e9l\u00e9m\u00e9decine qui couvrira toutes les r\u00e9gions du pays d\u2019ici 2026. S\u00e9kou Gon Coulibaly, initiateur du forum, a exprim\u00e9 le souhait que cet \u00e9v\u00e9nement d\u00e9bouche sur des recommandations concr\u00e8tes pour la digitalisation du syst\u00e8me de sant\u00e9. Il a soulign\u00e9 l\u2019importance d\u2019\u00e9tablir une collaboration durable entre les secteurs public et priv\u00e9 pour assurer la p\u00e9rennit\u00e9 des solutions mises en place. <\/p>\n<p><strong>Tour\u00e9 Abdoulaye avec A. Traor\u00e9<\/strong><\/p>\n","protected":false},"excerpt":{"rendered":"<p>La c\u00e9r\u00e9monie d\u2019ouverture de la premi\u00e8re \u00e9dition du Forum Intech Sant\u00e9 s\u2019est d\u00e9roul\u00e9e le jeudi 6 f\u00e9vrier 2025 dans un espace \u00e9v\u00e9nementiel d\u2019Abidjan-Cocody. Plac\u00e9 sous le th\u00e8me : \u00ab L\u2019innovation technologique au service d\u2019un syst\u00e8me de sant\u00e9 accessible \u00bb, le Forum Intech Sant\u00e9 vise \u00e0 promouvoir des solutions technologiques innovantes pour am\u00e9liorer l\u2019accessibilit\u00e9, l\u2019efficacit\u00e9 et [&hellip;]<\/p>\n","protected":false},"author":4,"featured_media":36883,"comment_status":"closed","ping_status":"closed","sticky":false,"template":"","format":"standard","meta":{"_monsterinsights_skip_tracking":false,"_monsterinsights_sitenote_active":false,"_monsterinsights_sitenote_note":"","_monsterinsights_sitenote_category":0,"footnotes":""},"categories":[2,3],"tags":[807,4609,4608,1546],"class_list":["post-36882","post","type-post","status-publish","format-standard","has-post-thumbnail","hentry","category-featured","category-societe","tag-aka-aouele","tag-ekissi-narcisse","tag-forum-intech-sante","tag-pierre-dimba"],"_links":{"self":[{"href":"https:\/\/www.lintelligentdabidjan.info\/news\/wp-json\/wp\/v2\/posts\/36882","targetHints":{"allow":["GET"]}}],"collection":[{"href":"https:\/\/www.lintelligentdabidjan.info\/news\/wp-json\/wp\/v2\/posts"}],"about":[{"href":"https:\/\/www.lintelligentdabidjan.info\/news\/wp-json\/wp\/v2\/types\/post"}],"author":[{"embeddable":true,"href":"https:\/\/www.lintelligentdabidjan.info\/news\/wp-json\/wp\/v2\/users\/4"}],"replies":[{"embeddable":true,"href":"https:\/\/www.lintelligentdabidjan.info\/news\/wp-json\/wp\/v2\/comments?post=36882"}],"version-history":[{"count":1,"href":"https:\/\/www.lintelligentdabidjan.info\/news\/wp-json\/wp\/v2\/posts\/36882\/revisions"}],"predecessor-version":[{"id":36884,"href":"https:\/\/www.lintelligentdabidjan.info\/news\/wp-json\/wp\/v2\/posts\/36882\/revisions\/36884"}],"wp:featuredmedia":[{"embeddable":true,"href":"https:\/\/www.lintelligentdabidjan.info\/news\/wp-json\/wp\/v2\/media\/36883"}],"wp:attachment":[{"href":"https:\/\/www.lintelligentdabidjan.info\/news\/wp-json\/wp\/v2\/media?parent=36882"}],"wp:term":[{"taxonomy":"category","embeddable":true,"href":"https:\/\/www.lintelligentdabidjan.info\/news\/wp-json\/wp\/v2\/categories?post=36882"},{"taxonomy":"post_tag","embeddable":true,"href":"https:\/\/www.lintelligentdabidjan.info\/news\/wp-json\/wp\/v2\/tags?post=36882"}],"curies":[{"name":"wp","href":"https:\/\/api.w.org\/{rel}","templated":true}]}}