{"id":36888,"date":"2025-02-07T04:51:44","date_gmt":"2025-02-07T03:51:44","guid":{"rendered":"https:\/\/www.lintelligentdabidjan.info\/news\/?p=36888"},"modified":"2025-02-07T04:52:17","modified_gmt":"2025-02-07T03:52:17","slug":"lancement-du-marathon-de-la-cohesion-nationale-myss-belmonde-dogo-de-notre-diversite-nous-devons-en-faire-une-richesse","status":"publish","type":"post","link":"https:\/\/www.lintelligentdabidjan.info\/news\/lancement-du-marathon-de-la-cohesion-nationale-myss-belmonde-dogo-de-notre-diversite-nous-devons-en-faire-une-richesse\/","title":{"rendered":"Lancement du Marathon de la Coh\u00e9sion Nationale-Myss Belmonde Dogo   :   \u00ab De notre diversit\u00e9, nous devons en faire une richesse \u00bb"},"content":{"rendered":"<p><em><strong>Le minist\u00e8re de la Coh\u00e9sion nationale, de la Solidarit\u00e9 et de la Lutte contre la Pauvret\u00e9 a proc\u00e9d\u00e9, le jeudi 6 f\u00e9vrier 2025, au lancement officiel du Marathon de la Coh\u00e9sion Nationale \u00e0 la place Henri Konan B\u00e9di\u00e9 de Dabou.<\/strong><\/em><\/p>\n<p>Selon la ministre Myss Belmonde Dogo, ce marathon constitue l\u2019\u00e9pine dorsale des activit\u00e9s prioritaires du programme de coh\u00e9sion nationale 2024-2025 du minist\u00e8re. Il vise \u00e0 renforcer les m\u00e9canismes de dialogue, promouvoir l\u2019\u00e9ducation \u00e0 la paix et \u00e0 la tol\u00e9rance, accompagner les initiatives locales, encourager la justice sociale et favoriser une culture de paix et d\u2019unit\u00e9. \u00ab   Au cours du marathon de la coh\u00e9sion, l&#8217;accent est mis sur l&#8217;\u00e9coute de la population, le recueil de leurs propositions pour pr\u00e9server et consolider la paix durable. Ce qui est recherch\u00e9, c&#8217;est la mise en application des m\u00e9canismes endog\u00e8nes car la paix ne se d\u00e9cr\u00e8te pas, elle se co-construit par une approche participative et inclusive bas\u00e9e sur l&#8217;adh\u00e9sion des populations \u00bb, a-t-elle soulign\u00e9.<\/p>\n<p>Myss Belmonde Dogo a exprim\u00e9 le souhait que ce programme contribue \u00e0 l&#8217;organisation d\u2019une \u00e9lection pr\u00e9sidentielle apais\u00e9e en 2025. Elle a ainsi lanc\u00e9 un appel \u00e0 toutes les composantes de la soci\u00e9t\u00e9 ivoirienne pour qu&#8217;elles adoptent des comportements favorisant la paix : \u00ab De notre diversit\u00e9, fruit de notre pluralit\u00e9 ethnique et de notre hospitalit\u00e9 l\u00e9gendaire, nous devons en faire une richesse, un socle incorruptible pour forger une nation coh\u00e9sive, unie et solidaire afin de demeurer le mod\u00e8le de l&#8217;esp\u00e9rance promise \u00e0 l&#8217;humanit\u00e9. (&#8230;) Rien, je dis rien, pas m\u00eame une \u00e9lection ne saurait d\u00e9sormais nous diviser au point d&#8217;entra\u00eener une fracture sociale confirmant notre maturit\u00e9 d\u00e9mocratique retrouv\u00e9e en faisant de la prochaine \u00e9lection pr\u00e9sidentielle d&#8217;octobre 2025 un rendez-vous r\u00e9publicain o\u00f9 la raison du devoir \u00e0 accomplir doit transcender la passion de l&#8217;engagement partisan.\u00bb<\/p>\n<p><strong> Le choix de  Dabou pour le lancement du Marathon de la Coh\u00e9sion Nationale <\/strong><\/p>\n<p>Expliquant le choix de Dabou comme cadre du lancement, Myss Belmonde Dogo a pr\u00e9cis\u00e9 : \u00ab La r\u00e9gion des Grands-Ponts, et plus particuli\u00e8rement Dabou, a \u00e9t\u00e9 choisie en raison de son importance dans l\u2019histoire contemporaine de notre pays, mais aussi sur la base des r\u00e9sultats d\u2019\u00e9tudes r\u00e9centes sur la cartographie des conflits, r\u00e9alis\u00e9es par l\u2019Observatoire de la Solidarit\u00e9, de la Coh\u00e9sion Sociale et par WANEP-C\u00f4te d\u2019Ivoire. \u00bb<\/p>\n<p>Les chefs traditionnels du L\u00eaboutou, garants des us et coutumes, en union avec les guides religieux, les chefs de communaut\u00e9s et de quartiers de Dabou, ont, par la voix de Vincent Diby Mel, pris l\u2019engagement ferme de faire de leur ville un havre de paix avant, pendant et apr\u00e8s l\u2019\u00e9lection pr\u00e9sidentielle d\u2019octobre 2025.<\/p>\n<p>Le Marathon de la Coh\u00e9sion Nationale s\u2019\u00e9tendra sur 14 r\u00e9gions, avec des activit\u00e9s vari\u00e9es, notamment des ateliers de renforcement de capacit\u00e9s des acteurs locaux, un diagnostic communautaire participatif, des pri\u00e8res interreligieuses et le clair de lune.<\/p>\n<p><strong>Ibrahim Kon\u00e9 <\/strong><\/p>\n","protected":false},"excerpt":{"rendered":"<p>Le minist\u00e8re de la Coh\u00e9sion nationale, de la Solidarit\u00e9 et de la Lutte contre la Pauvret\u00e9 a proc\u00e9d\u00e9, le jeudi 6 f\u00e9vrier 2025, au lancement officiel du Marathon de la Coh\u00e9sion Nationale \u00e0 la place Henri Konan B\u00e9di\u00e9 de Dabou. Selon la ministre Myss Belmonde Dogo, ce marathon constitue l\u2019\u00e9pine dorsale des activit\u00e9s prioritaires du [&hellip;]<\/p>\n","protected":false},"author":4,"featured_media":36889,"comment_status":"closed","ping_status":"closed","sticky":false,"template":"","format":"standard","meta":{"_monsterinsights_skip_tracking":false,"_monsterinsights_sitenote_active":false,"_monsterinsights_sitenote_note":"","_monsterinsights_sitenote_category":0,"footnotes":""},"categories":[2,3],"tags":[4611,4613,4610,4612,4614],"class_list":["post-36888","post","type-post","status-publish","format-standard","has-post-thumbnail","hentry","category-featured","category-societe","tag-cohesion-nationale","tag-diversite","tag-marathon","tag-myss-belmonde-dogo","tag-richesse"],"_links":{"self":[{"href":"https:\/\/www.lintelligentdabidjan.info\/news\/wp-json\/wp\/v2\/posts\/36888","targetHints":{"allow":["GET"]}}],"collection":[{"href":"https:\/\/www.lintelligentdabidjan.info\/news\/wp-json\/wp\/v2\/posts"}],"about":[{"href":"https:\/\/www.lintelligentdabidjan.info\/news\/wp-json\/wp\/v2\/types\/post"}],"author":[{"embeddable":true,"href":"https:\/\/www.lintelligentdabidjan.info\/news\/wp-json\/wp\/v2\/users\/4"}],"replies":[{"embeddable":true,"href":"https:\/\/www.lintelligentdabidjan.info\/news\/wp-json\/wp\/v2\/comments?post=36888"}],"version-history":[{"count":1,"href":"https:\/\/www.lintelligentdabidjan.info\/news\/wp-json\/wp\/v2\/posts\/36888\/revisions"}],"predecessor-version":[{"id":36890,"href":"https:\/\/www.lintelligentdabidjan.info\/news\/wp-json\/wp\/v2\/posts\/36888\/revisions\/36890"}],"wp:featuredmedia":[{"embeddable":true,"href":"https:\/\/www.lintelligentdabidjan.info\/news\/wp-json\/wp\/v2\/media\/36889"}],"wp:attachment":[{"href":"https:\/\/www.lintelligentdabidjan.info\/news\/wp-json\/wp\/v2\/media?parent=36888"}],"wp:term":[{"taxonomy":"category","embeddable":true,"href":"https:\/\/www.lintelligentdabidjan.info\/news\/wp-json\/wp\/v2\/categories?post=36888"},{"taxonomy":"post_tag","embeddable":true,"href":"https:\/\/www.lintelligentdabidjan.info\/news\/wp-json\/wp\/v2\/tags?post=36888"}],"curies":[{"name":"wp","href":"https:\/\/api.w.org\/{rel}","templated":true}]}}