{"id":36891,"date":"2025-02-07T04:55:47","date_gmt":"2025-02-07T03:55:47","guid":{"rendered":"https:\/\/www.lintelligentdabidjan.info\/news\/?p=36891"},"modified":"2025-02-07T04:55:51","modified_gmt":"2025-02-07T03:55:51","slug":"premiere-edition-du-colloque-national-des-ressources-humaines-bouake-accueille-les-experts-du-capital-humain","status":"publish","type":"post","link":"https:\/\/www.lintelligentdabidjan.info\/news\/premiere-edition-du-colloque-national-des-ressources-humaines-bouake-accueille-les-experts-du-capital-humain\/","title":{"rendered":"Premi\u00e8re \u00e9dition du colloque national des ressources humaines-   Bouak\u00e9 accueille les experts du capital humain"},"content":{"rendered":"<p><em><strong>Du 10 au 12 avril 2025, la ville de Bouak\u00e9 sera le point de convergence de plus de 200 professionnels des ressources humaines venus des quatre coins du monde pour la premi\u00e8re \u00e9dition du colloque national des ressources humaines. Cet \u00e9v\u00e9nement, organis\u00e9 par l&#8217;Association des gestionnaires des ressources humaines (AGRH), se tiendra au Seen Ran H\u00f4tel, sous le th\u00e8me : \u00ab Transfert de comp\u00e9tences et intelligence collective : mobiliser les talents pour des organisations plus performantes \u00bb. L&#8217;information a \u00e9t\u00e9 donn\u00e9e lors d&#8217;une conf\u00e9rence de presse  le 6 f\u00e9vrier 2025 \u00e0 Abidjan par Camara Djibril, pr\u00e9sident de l&#8217;AGRH.<\/strong><\/em><\/p>\n<p>\u00c0 cette occasion, le pr\u00e9sident de l&#8217;AGRH a soulign\u00e9 l&#8217;importance de cet \u00e9v\u00e9nement dans le contexte actuel des transformations rapides du monde du travail. &#8220;Ce colloque est un rendez-vous incontournable pour les acteurs des RH. Nous avons pour ambition d\u2019aborder les d\u00e9fis majeurs li\u00e9s \u00e0 la gestion du capital humain dans un monde en perp\u00e9tuelle \u00e9volution. L\u2019avenir de nos organisations repose sur une gestion strat\u00e9gique et innovante de ce capital&#8221;, a-t-il pr\u00e9cis\u00e9.<\/p>\n<p><strong>Un programme riche et diversifi\u00e9<\/strong><\/p>\n<p>Le colloque promet d&#8217;\u00eatre un v\u00e9ritable centre d&#8217;\u00e9changes, r\u00e9unissant experts, praticiens du capital humain et dirigeants d&#8217;entreprises. Son programme, particuli\u00e8rement vari\u00e9, offrira aux participants l\u2019opportunit\u00e9 d\u2019explorer des sujets d\u2019actualit\u00e9 li\u00e9s au r\u00f4le strat\u00e9gique des ressources humaines dans le d\u00e9veloppement des organisations. Parmi les th\u00e8mes phares, on retrouvera notamment :<\/p>\n<p>Le r\u00f4le des leaders dans le transfert des comp\u00e9tences, la technologie au service du transfert de comp\u00e9tences, la valorisation des comp\u00e9tences interg\u00e9n\u00e9rationnelles, la gestion des talents dans un contexte global (&#8230;) Ces conf\u00e9rences seront enrichies par des tables rondes anim\u00e9es par des partenaires institutionnels comme l&#8217;IPS CNPS, l&#8217;IPS CGRAE, l&#8217;Agence Emploi Jeunes, le FDFP et l&#8217;AGEFOP. Des sujets d\u2019int\u00e9r\u00eat national tels que la sant\u00e9 mentale des salari\u00e9s, les d\u00e9fis du recrutement et la reconnaissance des acquis de l\u2019exp\u00e9rience professionnelle seront \u00e9galement au c\u0153ur des d\u00e9bats.<\/p>\n<p><strong>Un mini salon pour les professionnels<\/strong><\/p>\n<p>En marge des conf\u00e9rences, les participants auront la possibilit\u00e9 de d\u00e9couvrir des solutions innovantes au travers de deux salons : un mini salon de l&#8217;emploi et du recrutement et un salon des solutions RH. Ces espaces permettront aux entreprises et cabinets sp\u00e9cialis\u00e9s de pr\u00e9senter leurs outils et services aux professionnels pr\u00e9sents, favorisant ainsi des partenariats et \u00e9changes fructueux.<\/p>\n<p><strong>Un \u00e9v\u00e9nement \u00e0 la hauteur des attentes<\/strong><\/p>\n<p>\u00ab Nous avons con\u00e7u ce colloque comme un espace d\u2019\u00e9changes et de r\u00e9flexion strat\u00e9gique visant \u00e0 identifier les leviers les plus pertinents pour favoriser la transmission des savoirs et des comp\u00e9tences au sein de nos organisations. L\u2019objectif est de repenser la mani\u00e8re dont nous capitalisons et partageons l\u2019expertise dans un monde du travail en constante \u00e9volution \u00bb, a d\u00e9clar\u00e9 Eug\u00e9nie Attia Kassi, pr\u00e9sidente du comit\u00e9 scientifique du colloque.<\/p>\n<p><strong>Une occasion de r\u00e9seautage unique<\/strong><\/p>\n<p>Ce colloque national ne sera pas seulement un moment de r\u00e9flexion, mais aussi une plateforme de networking de haut niveau. Les participants pourront \u00e9changer avec leurs pairs, renforcer leur r\u00e9seau professionnel et repartir avec de nouvelles id\u00e9es et perspectives pour am\u00e9liorer la gestion des talents et transformer leurs organisations.<\/p>\n<p>Le colloque se cl\u00f4turera sur une note conviviale avec un Brunch Baoul\u00e9, symbole de la coh\u00e9sion et de la culture ivoirienne, un moment de partage entre tous les participants.<\/p>\n<p><strong>Mamadou Ouattara avec Ly Abdul <\/strong><\/p>\n","protected":false},"excerpt":{"rendered":"<p>Du 10 au 12 avril 2025, la ville de Bouak\u00e9 sera le point de convergence de plus de 200 professionnels des ressources humaines venus des quatre coins du monde pour la premi\u00e8re \u00e9dition du colloque national des ressources humaines. Cet \u00e9v\u00e9nement, organis\u00e9 par l&#8217;Association des gestionnaires des ressources humaines (AGRH), se tiendra au Seen Ran [&hellip;]<\/p>\n","protected":false},"author":4,"featured_media":36892,"comment_status":"closed","ping_status":"closed","sticky":false,"template":"","format":"standard","meta":{"_monsterinsights_skip_tracking":false,"_monsterinsights_sitenote_active":false,"_monsterinsights_sitenote_note":"","_monsterinsights_sitenote_category":0,"footnotes":""},"categories":[2,3],"tags":[125,4616,4615,3541,2624],"class_list":["post-36891","post","type-post","status-publish","format-standard","has-post-thumbnail","hentry","category-featured","category-societe","tag-bouake","tag-capital-humain","tag-colloque-national-des-ressources-humaines","tag-experts","tag-premiere-edition"],"_links":{"self":[{"href":"https:\/\/www.lintelligentdabidjan.info\/news\/wp-json\/wp\/v2\/posts\/36891","targetHints":{"allow":["GET"]}}],"collection":[{"href":"https:\/\/www.lintelligentdabidjan.info\/news\/wp-json\/wp\/v2\/posts"}],"about":[{"href":"https:\/\/www.lintelligentdabidjan.info\/news\/wp-json\/wp\/v2\/types\/post"}],"author":[{"embeddable":true,"href":"https:\/\/www.lintelligentdabidjan.info\/news\/wp-json\/wp\/v2\/users\/4"}],"replies":[{"embeddable":true,"href":"https:\/\/www.lintelligentdabidjan.info\/news\/wp-json\/wp\/v2\/comments?post=36891"}],"version-history":[{"count":1,"href":"https:\/\/www.lintelligentdabidjan.info\/news\/wp-json\/wp\/v2\/posts\/36891\/revisions"}],"predecessor-version":[{"id":36893,"href":"https:\/\/www.lintelligentdabidjan.info\/news\/wp-json\/wp\/v2\/posts\/36891\/revisions\/36893"}],"wp:featuredmedia":[{"embeddable":true,"href":"https:\/\/www.lintelligentdabidjan.info\/news\/wp-json\/wp\/v2\/media\/36892"}],"wp:attachment":[{"href":"https:\/\/www.lintelligentdabidjan.info\/news\/wp-json\/wp\/v2\/media?parent=36891"}],"wp:term":[{"taxonomy":"category","embeddable":true,"href":"https:\/\/www.lintelligentdabidjan.info\/news\/wp-json\/wp\/v2\/categories?post=36891"},{"taxonomy":"post_tag","embeddable":true,"href":"https:\/\/www.lintelligentdabidjan.info\/news\/wp-json\/wp\/v2\/tags?post=36891"}],"curies":[{"name":"wp","href":"https:\/\/api.w.org\/{rel}","templated":true}]}}