{"id":36900,"date":"2025-02-07T05:04:22","date_gmt":"2025-02-07T04:04:22","guid":{"rendered":"https:\/\/www.lintelligentdabidjan.info\/news\/?p=36900"},"modified":"2025-02-07T10:28:28","modified_gmt":"2025-02-07T09:28:28","slug":"avant-la-presidentielle-2025-des-communicateurs-lancent-un-colloque-pour-une-election-apaisee","status":"publish","type":"post","link":"https:\/\/www.lintelligentdabidjan.info\/news\/avant-la-presidentielle-2025-des-communicateurs-lancent-un-colloque-pour-une-election-apaisee\/","title":{"rendered":"Avant la pr\u00e9sidentielle 2025 : Des communicateurs lancent un Colloque  pour une \u00e9lection apais\u00e9e"},"content":{"rendered":"<p><em><strong>Des communicateurs ont annonc\u00e9 le lancement d\u2019un Colloque, dans le cadre de la pr\u00e9sidentielle de 2025, pour une \u00e9lection apais\u00e9e.<\/strong><\/em><\/p>\n<p>\u00ab Il faut la paix. Nous, communicateurs, faisons ce que nous avons \u00e0 faire. Les autres feront ce qu\u2019ils ont \u00e0 faire. (\u2026) Nous voulons lutter contre le fait que les p\u00e9riodes d\u2019\u00e9lection, chez nous, deviennent des occasions o\u00f9 il y a des morts. Nous souhaitons qu\u2019aucun jeune ne meurt en 2025 pour une \u00e9lection pr\u00e9sidentielle ou l\u00e9gislative. Pour cela, venez et dotez-vous des rudiments n\u00e9cessaires. Nous avons les experts qu\u2019il faut pour vous les fournir \u00bb, a d\u00e9clar\u00e9 Yacouba Barro, communicateur, en invitant les populations ivoiriennes \u00e0 participer \u00e0 un colloque qu&#8217;il initie. Ce colloque se d\u00e9roulera les 20 et 21 f\u00e9vrier 2025 \u00e0 Abidjan. D\u00e9nomm\u00e9 \u201cLes Rencontres Citoyennes d\u2019Abidjan\u201d, cet appel a \u00e9t\u00e9 lanc\u00e9 lors de l&#8217;\u00e9v\u00e9nement officiel qui a eu lieu le vendredi 31 janvier 2025 \u00e0 Abidjan, dans le quartier Cocody II-Plateaux, selon des informations re\u00e7ues. Cet \u00e9v\u00e9nement, pour sa premi\u00e8re \u00e9dition, sera un cadre d\u2019\u00e9change et de partage, incluant des interventions de sp\u00e9cialistes sur des th\u00e9matiques visant \u00e0 promouvoir une \u00e9lection pr\u00e9sidentielle apais\u00e9e en octobre 2025. \u00ab Pour cette premi\u00e8re \u00e9dition, il nous a sembl\u00e9 opportun et pertinent de porter un regard r\u00e9flexif sur la th\u00e9matique suivante : \u201cC\u00f4te d\u2019Ivoire : Quelles communications pour des \u00e9lections apais\u00e9es en 2025 ?\u201d. Nous sommes, en effet, \u00e0 une p\u00e9riode sensible de la vie de notre nation. (&#8230;) La formation et la sensibilisation des usagers des m\u00e9dias constituent pour nous un pan important de la solution. C\u2019est pourquoi, \u00e0 travers les conf\u00e9rences, les panels et les ateliers lors de ces rencontres, nous envisageons d\u2019outiller les acteurs de l\u2019\u00e9cosyst\u00e8me afin de promouvoir une communication m\u00e9diatique responsable, \u00e9thique et orient\u00e9e vers la paix en vue d&#8217;\u00e9lections pacifiques cette ann\u00e9e \u00bb, a-t-il ajout\u00e9. Des journalistes, des sp\u00e9cialistes du fact-checking, des r\u00e9gulateurs des m\u00e9dias, des experts en droit num\u00e9rique, des influenceurs, des chercheurs en sciences sociales, ainsi que des acteurs de la soci\u00e9t\u00e9 civile interviendront lors de ces rencontres. \u00ab L\u2019exp\u00e9rience s\u00e9n\u00e9galaise nous sera \u00e9galement partag\u00e9e. Le choix des intervenants repose sur leur exp\u00e9rience et leur capacit\u00e9 \u00e0 apporter une contribution significative \u00e0 la r\u00e9alisation de notre objectif commun, qui n\u2019est rien d\u2019autre que de pr\u00e9server le climat de paix et de coh\u00e9sion qui pr\u00e9vaut dans notre pays \u00bb, a conclu Yacouba Barro.<\/p>\n<p><strong>Jean-Hubert Koffo<\/strong><\/p>\n","protected":false},"excerpt":{"rendered":"<p>Des communicateurs ont annonc\u00e9 le lancement d\u2019un Colloque, dans le cadre de la pr\u00e9sidentielle de 2025, pour une \u00e9lection apais\u00e9e. \u00ab Il faut la paix. Nous, communicateurs, faisons ce que nous avons \u00e0 faire. Les autres feront ce qu\u2019ils ont \u00e0 faire. (\u2026) Nous voulons lutter contre le fait que les p\u00e9riodes d\u2019\u00e9lection, chez nous, [&hellip;]<\/p>\n","protected":false},"author":4,"featured_media":36912,"comment_status":"closed","ping_status":"closed","sticky":false,"template":"","format":"standard","meta":{"_monsterinsights_skip_tracking":false,"_monsterinsights_sitenote_active":false,"_monsterinsights_sitenote_note":"","_monsterinsights_sitenote_category":0,"footnotes":""},"categories":[2,17],"tags":[4621,4620,4622,1621],"class_list":["post-36900","post","type-post","status-publish","format-standard","has-post-thumbnail","hentry","category-featured","category-politique","tag-colloque","tag-communicateurs","tag-election-apaisee","tag-presidentielle-2025"],"_links":{"self":[{"href":"https:\/\/www.lintelligentdabidjan.info\/news\/wp-json\/wp\/v2\/posts\/36900","targetHints":{"allow":["GET"]}}],"collection":[{"href":"https:\/\/www.lintelligentdabidjan.info\/news\/wp-json\/wp\/v2\/posts"}],"about":[{"href":"https:\/\/www.lintelligentdabidjan.info\/news\/wp-json\/wp\/v2\/types\/post"}],"author":[{"embeddable":true,"href":"https:\/\/www.lintelligentdabidjan.info\/news\/wp-json\/wp\/v2\/users\/4"}],"replies":[{"embeddable":true,"href":"https:\/\/www.lintelligentdabidjan.info\/news\/wp-json\/wp\/v2\/comments?post=36900"}],"version-history":[{"count":2,"href":"https:\/\/www.lintelligentdabidjan.info\/news\/wp-json\/wp\/v2\/posts\/36900\/revisions"}],"predecessor-version":[{"id":36913,"href":"https:\/\/www.lintelligentdabidjan.info\/news\/wp-json\/wp\/v2\/posts\/36900\/revisions\/36913"}],"wp:featuredmedia":[{"embeddable":true,"href":"https:\/\/www.lintelligentdabidjan.info\/news\/wp-json\/wp\/v2\/media\/36912"}],"wp:attachment":[{"href":"https:\/\/www.lintelligentdabidjan.info\/news\/wp-json\/wp\/v2\/media?parent=36900"}],"wp:term":[{"taxonomy":"category","embeddable":true,"href":"https:\/\/www.lintelligentdabidjan.info\/news\/wp-json\/wp\/v2\/categories?post=36900"},{"taxonomy":"post_tag","embeddable":true,"href":"https:\/\/www.lintelligentdabidjan.info\/news\/wp-json\/wp\/v2\/tags?post=36900"}],"curies":[{"name":"wp","href":"https:\/\/api.w.org\/{rel}","templated":true}]}}