{"id":36905,"date":"2025-02-07T05:12:50","date_gmt":"2025-02-07T04:12:50","guid":{"rendered":"https:\/\/www.lintelligentdabidjan.info\/news\/?p=36905"},"modified":"2025-02-07T05:13:05","modified_gmt":"2025-02-07T04:13:05","slug":"cote-divoire-france-bilan-dune-cooperation-militaire-historique","status":"publish","type":"post","link":"https:\/\/www.lintelligentdabidjan.info\/news\/cote-divoire-france-bilan-dune-cooperation-militaire-historique\/","title":{"rendered":"C\u00f4te d\u2019Ivoire &#8211; France : Bilan d\u2019une coop\u00e9ration militaire historique"},"content":{"rendered":"<p><em><strong>En 2025, la collaboration s\u00e9curitaire entre la R\u00e9publique de C\u00f4te d\u2019Ivoire et la France change de forme. Retour sur un partenariat historique fructueux.<\/strong><\/em><\/p>\n<p>Alors que les EFCI (\u00c9l\u00e9ments Fran\u00e7ais en C\u00f4te d\u2019Ivoire) s\u2019appr\u00eatent \u00e0 quitter leur position en C\u00f4te d\u2019Ivoire, l\u2019\u00e9clairage se porte d\u00e9sormais sur les forces militaires ivoiriennes. Depuis quelques ann\u00e9es, les remaniements d\u2019alliances internationales voire r\u00e9gionales en Afrique de l\u2019Ouest s\u2019inscrivent dans une dynamique souverainiste des \u00c9tats, favorisant les arm\u00e9es locales.<\/p>\n<p>Pour l\u2019analyste politique Seidik Aba : \u00ab [\u2026] Il y aura toujours des coop\u00e9rants militaires fran\u00e7ais dans le pays, notamment pour des \u00e9changes et des formations. La r\u00e9trocession ne met pas fin \u00e0 cette collaboration, car il ne s\u2019agit pas d\u2019une rupture de l\u2019accord. \u00bb De fait, si elle continuera de b\u00e9n\u00e9ficier du soutien de son alli\u00e9 s\u00e9curitaire historique, la C\u00f4te d\u2019Ivoire ne fait ainsi pas exception. \u00ab Nous pouvons \u00eatre fiers de notre arm\u00e9e dont la modernisation est d\u00e9sormais effective. C\u2019est dans ce cadre que nous avons d\u00e9cid\u00e9 du retrait concert\u00e9 et organis\u00e9 des forces fran\u00e7aises en C\u00f4te d\u2019Ivoire. \u00bb Annone ainsi le Pr\u00e9sident Alassane Ouattara le 31 d\u00e9cembre 2024. Dans le respect de cette mouvance r\u00e9gionale, le sujet serait sur la table depuis plus de deux ans entre Abidjan et Paris. En janvier 2024 d\u00e9j\u00e0, le chef d\u2019\u00e9tat-major des arm\u00e9es fran\u00e7aises exprimait la n\u00e9cessit\u00e9 de \u00ab modifier leur sch\u00e9ma d\u2019implantation pour r\u00e9duire les vuln\u00e9rabilit\u00e9s [\u2026]. \u00bb<\/p>\n<p>Si la date ne semble pas encore arr\u00eat\u00e9e, les EFCI r\u00e9troc\u00e9deront bient\u00f4t leur QG de Port-Bou\u00ebt, situ\u00e9 dans la banlieue sud d\u2019Abidjan. Sous son nouveau commandement, la base militaire prendra d\u00e9sormais le nom du premier chef d\u2019\u00c9tat-major ivoirien, le G\u00e9n\u00e9ral Ouattara Thomas d\u2019Aquin.<\/p>\n<p><strong>Quel historique ?<\/strong><\/p>\n<p>\u00c9tablis au 1er janvier 2015, les EFCI ont fait suite \u00e0 l\u2019op\u00e9ration Licorne, dans le cadre de l\u2019accord de d\u00e9fense de 2012 entre les deux pays. Leur mission consiste, en partie, d\u2019appuyer l\u2019expertise de l\u2019arm\u00e9e nationale dans les op\u00e9rations de lutte anti-djihadiste sur le territoire. Bilan : 1 800 soldats ivoiriens form\u00e9s chaque ann\u00e9e dans diff\u00e9rents domaines, comme l\u2019instruction sur le tir de combat, la maintenance, les syst\u00e8mes d\u2019information et de communication ou encore les techniques d\u2019intervention op\u00e9rationnelles.<\/p>\n<p>Outre la formation effectu\u00e9e, nombre de missions et op\u00e9rations sont \u00e0 garder en m\u00e9moire. 2016 confirme l\u2019importance d\u2019une intensification de la collaboration, en mati\u00e8re de surveillance et d\u2019\u00e9changes de renseignements. Le 13 mars, une attaque terroriste frappe la station baln\u00e9aire de Grand-Bassam, causant la tragique mort de 19 personnes. En mai 2020, des arrestations et des saisies d\u2019armes sont effectu\u00e9es dans le cadre l\u2019op\u00e9ration Bassin du Noun, visant \u00e0 neutraliser les cellules djihadistes au nord du pays. Le mois suivant, 14 soldats ivoiriens d\u00e9c\u00e8dent suite \u00e0 une embuscade terroriste \u00e0 Kafolo. Le soutien logistique aux forces locales permet une meilleure traque des assaillants. Par la suite, le mois de novembre 2021 est marqu\u00e9 par l\u2019interop\u00e9rabilit\u00e9 de l\u2019op\u00e9ration Savanes Bleues, permettant le d\u00e9mant\u00e8lement de camps d\u2019entra\u00eenement de groupes extr\u00e9mistes terroristes et une r\u00e9duction de l\u2019influence de leurs r\u00e9seaux de recrutement.<\/p>\n<p>Pendant longtemps, le mod\u00e8le de partenariat franco-ivoirien a \u00e9t\u00e9 ainsi un exemple \u00e0 suivre pour d\u2019autres pays de la r\u00e9gion, confront\u00e9s \u00e0 des d\u00e9fis similaires. Mod\u00e8le aujourd\u2019hui obsol\u00e8te, son \u00e9volution laisse place \u00e0 un nouveau rapport aux puissances militaires \u00e9trang\u00e8res, pouss\u00e9 par les opinions africaines. Ce, notamment par le r\u00f4le pr\u00e9sent et \u00e0 venir de l\u2019Acad\u00e9mie Internationale de Lutte Contre le Terrorisme (AILCT), \u00e0 Jacqueville.<\/p>\n<p><strong>Constantine<\/strong><\/p>\n","protected":false},"excerpt":{"rendered":"<p>En 2025, la collaboration s\u00e9curitaire entre la R\u00e9publique de C\u00f4te d\u2019Ivoire et la France change de forme. Retour sur un partenariat historique fructueux. Alors que les EFCI (\u00c9l\u00e9ments Fran\u00e7ais en C\u00f4te d\u2019Ivoire) s\u2019appr\u00eatent \u00e0 quitter leur position en C\u00f4te d\u2019Ivoire, l\u2019\u00e9clairage se porte d\u00e9sormais sur les forces militaires ivoiriennes. Depuis quelques ann\u00e9es, les remaniements d\u2019alliances [&hellip;]<\/p>\n","protected":false},"author":4,"featured_media":36906,"comment_status":"closed","ping_status":"closed","sticky":false,"template":"","format":"standard","meta":{"_monsterinsights_skip_tracking":false,"_monsterinsights_sitenote_active":false,"_monsterinsights_sitenote_note":"","_monsterinsights_sitenote_category":0,"footnotes":""},"categories":[2,17],"tags":[1868,3265,77,410,4624],"class_list":["post-36905","post","type-post","status-publish","format-standard","has-post-thumbnail","hentry","category-featured","category-politique","tag-bilan","tag-cooperation","tag-cote-divoire","tag-france","tag-militaire-historique"],"_links":{"self":[{"href":"https:\/\/www.lintelligentdabidjan.info\/news\/wp-json\/wp\/v2\/posts\/36905","targetHints":{"allow":["GET"]}}],"collection":[{"href":"https:\/\/www.lintelligentdabidjan.info\/news\/wp-json\/wp\/v2\/posts"}],"about":[{"href":"https:\/\/www.lintelligentdabidjan.info\/news\/wp-json\/wp\/v2\/types\/post"}],"author":[{"embeddable":true,"href":"https:\/\/www.lintelligentdabidjan.info\/news\/wp-json\/wp\/v2\/users\/4"}],"replies":[{"embeddable":true,"href":"https:\/\/www.lintelligentdabidjan.info\/news\/wp-json\/wp\/v2\/comments?post=36905"}],"version-history":[{"count":1,"href":"https:\/\/www.lintelligentdabidjan.info\/news\/wp-json\/wp\/v2\/posts\/36905\/revisions"}],"predecessor-version":[{"id":36907,"href":"https:\/\/www.lintelligentdabidjan.info\/news\/wp-json\/wp\/v2\/posts\/36905\/revisions\/36907"}],"wp:featuredmedia":[{"embeddable":true,"href":"https:\/\/www.lintelligentdabidjan.info\/news\/wp-json\/wp\/v2\/media\/36906"}],"wp:attachment":[{"href":"https:\/\/www.lintelligentdabidjan.info\/news\/wp-json\/wp\/v2\/media?parent=36905"}],"wp:term":[{"taxonomy":"category","embeddable":true,"href":"https:\/\/www.lintelligentdabidjan.info\/news\/wp-json\/wp\/v2\/categories?post=36905"},{"taxonomy":"post_tag","embeddable":true,"href":"https:\/\/www.lintelligentdabidjan.info\/news\/wp-json\/wp\/v2\/tags?post=36905"}],"curies":[{"name":"wp","href":"https:\/\/api.w.org\/{rel}","templated":true}]}}