{"id":36931,"date":"2025-02-10T01:03:51","date_gmt":"2025-02-10T00:03:51","guid":{"rendered":"https:\/\/www.lintelligentdabidjan.info\/news\/?p=36931"},"modified":"2025-02-10T01:03:51","modified_gmt":"2025-02-10T00:03:51","slug":"deploiement-des-services-du-ministere-de-la-jeunesse-dans-la-region-des-grands-ponts-les-jeunes-appeles-a-la-responsabilite","status":"publish","type":"post","link":"https:\/\/www.lintelligentdabidjan.info\/news\/deploiement-des-services-du-ministere-de-la-jeunesse-dans-la-region-des-grands-ponts-les-jeunes-appeles-a-la-responsabilite\/","title":{"rendered":"D\u00e9ploiement des services du Minist\u00e8re de  la jeunesse dans la r\u00e9gion des Grands Ponts-   Les jeunes  appel\u00e9s \u00e0 la responsabilit\u00e9"},"content":{"rendered":"<p><em><strong>Le 7 f\u00e9vrier 2025, la r\u00e9gion des Grands Ponts, notamment le d\u00e9partement de Jacqueville, a \u00e9t\u00e9 le th\u00e9\u00e2tre d&#8217;une initiative exceptionnelle en faveur de la jeunesse. Le minist\u00e8re de la Promotion de la Jeunesse, de l&#8217;Insertion professionnelle et du Service civique  dans le cadre de sa tourn\u00e9e de proximit\u00e9, a d\u00e9ploy\u00e9 ses services dans ladite ville et a mis en lumi\u00e8re des projets et initiatives gouvernementales destin\u00e9s \u00e0 am\u00e9liorer l&#8217;insertion professionnelle des jeunes.<\/strong><\/em><\/p>\n<p><strong>Une r\u00e9gion b\u00e9n\u00e9ficiaire d\u2019un programme de 1,2 milliard de francs CFA<\/strong><\/p>\n<p>Sous la direction du ministre Mamadou Tour\u00e9, accompagn\u00e9 de son coll\u00e8gue Silas Metch Adje, ministre des Sports, et du pr\u00e9sident du Conseil R\u00e9gional des Grands Ponts, Essis Emmanuel Esmel, une rencontre avec les jeunes a \u00e9t\u00e9 organis\u00e9e. Ce fut l&#8217;occasion de valoriser les initiatives soutenues par le gouvernement, dont un programme de financement d&#8217;environ 1,2 milliard de francs CFA, destin\u00e9 \u00e0 l&#8217;emploi des jeunes dans plusieurs secteurs d&#8217;activit\u00e9. Dans son allocution, Essis Emmanuel a soulign\u00e9 l&#8217;importance de ces programmes. Il a \u00e9voqu\u00e9 les projets phares tels que le projet THIMO, qui offre des formations et des financements, le programme Activit\u00e9 G\u00e9n\u00e9ratrice de Revenus (AGR), etc. Selon lui, la premi\u00e8re phase de recensement et d&#8217;inscription est d\u00e9j\u00e0 achev\u00e9e, et les jeunes inscrits sont d\u00e9sormais dans l&#8217;attente de l&#8217;analyse des dossiers pour d\u00e9buter la phase d\u2019octroi des financements. Actuellement, environ 800 jeunes ont d\u00e9j\u00e0 \u00e9t\u00e9 inscrits, et 1 200 autres attendent leur tour. L&#8217;appel lanc\u00e9 aux jeunes fut clair : responsabilit\u00e9 et ordre dans la qu\u00eate de l\u2019aide de l\u2019Etat. Selon le pr\u00e9sident du Conseil r\u00e9gional, l&#8217;assistance ne doit pas \u00eatre recherch\u00e9e dans la d\u00e9sob\u00e9issance ou dans l&#8217;irresponsabilit\u00e9, mais plut\u00f4t par un engagement s\u00e9rieux et un travail acharn\u00e9.<\/p>\n<p>&#8220;Nous avons fini la phase de recensement, d&#8217;inscription. Je crois que nous serons maintenant \u00e0 la phase d&#8217;analyse des dossiers, des candidatures et pouvoir donc mettre les commissions en place. Nous sommes confiants que la phase 3 du projet du Contrat de D\u00e9sendettement et de D\u00e9veloppement (C2D 3) va apporter beaucoup d&#8217;opportunit\u00e9s&#8221;, a-t-il ajout\u00e9.<\/p>\n<p><strong>Un engagement pour l&#8217;insertion professionnelle des jeunes<\/strong><\/p>\n<p>Le ministre Mamadou Tour\u00e9, lors de ses visites dans la r\u00e9gion, a \u00e9galement mis en avant les r\u00e9sultats positifs de ces programmes. &#8220;Jeudi, nous \u00e9tions \u00e0 Grand Lahou, aujourd\u2019hui nous avons visit\u00e9 Jacqueville. Nous avons \u00e9chang\u00e9 avec des jeunes qui b\u00e9n\u00e9ficient directement des programmes de soutien \u00e0 l\u2019insertion professionnelle&#8221;, a-t-il d\u00e9clar\u00e9. Ce fut l&#8217;occasion de constater les progr\u00e8s r\u00e9alis\u00e9s gr\u00e2ce aux cha\u00eenes de valeur dans le vivrier, un secteur dans lequel de nombreux jeunes ont pu recevoir des financements pour d\u00e9velopper des projets collectifs. Le ministre a pr\u00e9cis\u00e9 que plusieurs jeunes dans le d\u00e9partement de Jacqueville avaient re\u00e7u des financements \u00e0 hauteur de plusieurs millions de francs CFA, avec des r\u00e9sultats positifs sur le terrain. De plus, Mamadou Tour\u00e9 a insist\u00e9 sur la n\u00e9cessit\u00e9 de coh\u00e9sion sociale et de responsabilit\u00e9 pour maintenir la paix dans la r\u00e9gion et dans tout le pays. Au nom du Pr\u00e9sident de la R\u00e9publique et du Premier ministre, il a r\u00e9affirm\u00e9 l\u2019engagement de l\u2019\u00c9tat \u00e0 soutenir l&#8217;insertion professionnelle et la formation des jeunes, avec une intensification des actions futures.<\/p>\n<p><strong>Des b\u00e9n\u00e9ficiaires t\u00e9moignent<\/strong><\/p>\n<p>Les jeunes entrepreneurs b\u00e9n\u00e9ficiaires de ces programmes ont partag\u00e9 leurs exp\u00e9riences et leurs r\u00e9ussites, t\u00e9moignant de l\u2019impact concret sur leur vie. Parmi eux, Yapi Akassi Carloth Stevane, une coiffeuse et vendeuse de m\u00e8ches \u00e0 Jacqueville, a exprim\u00e9 sa gratitude pour le soutien qu&#8217;elle a re\u00e7u.<\/p>\n<p>&#8220;Gr\u00e2ce au programme de financement pour les jeunes entrepreneurs, j\u2019ai re\u00e7u un financement de 500 000 francs CFA en 2021, ce qui m\u2019a permis d&#8217;agrandir mon magasin et de diversifier mes activit\u00e9s. Aujourd\u2019hui, je fais des ventes mensuelles de 600 000 \u00e0 700 000 francs CFA pendant les p\u00e9riodes festives. J\u2019ai aussi embauch\u00e9 deux jeunes filles, et je r\u00eave d\u2019agrandir mon activit\u00e9 et de former encore plus de jeunes. Ce programme a chang\u00e9 ma vie&#8221;, a-t-elle confi\u00e9. <\/p>\n<p>Autre t\u00e9moignage marquant, celui de Diallo F\u00e9rima, propri\u00e9taire d\u2019une imprimerie \u00e0 Jacqueville, qui a \u00e9galement b\u00e9n\u00e9fici\u00e9 du programme AGIR 2. &#8220;Gr\u00e2ce \u00e0 un pr\u00eat de 700 000 francs CFA, j\u2019ai pu acheter du mat\u00e9riel essentiel pour mon activit\u00e9. Mon chiffre d&#8217;affaires annuel est maintenant d&#8217;environ 5,5 millions de francs CFA, et j\u2019ai embauch\u00e9 une collaboratrice. Je conseille \u00e0 tous les jeunes de saisir les opportunit\u00e9s offertes par ces programmes.&#8221;<\/p>\n<p><strong>Un total de 1 018 b\u00e9n\u00e9ficiaires dans le d\u00e9partement de Jacqueville<\/strong><\/p>\n<p>De 2020 au 31 d\u00e9cembre 2024, dans le d\u00e9partement de Jacqueville, 1 018 jeunes ont \u00e9t\u00e9 financ\u00e9s \u00e0 travers diff\u00e9rents programmes d\u2019accompagnement. Le total des financements allou\u00e9s dans cette zone s&#8217;\u00e9l\u00e8ve \u00e0 282 335 327 FCFA, une somme qui a permis \u00e0 de nombreux jeunes de d\u00e9marrer ou de d\u00e9velopper leurs activit\u00e9s et de contribuer activement \u00e0 l&#8217;\u00e9conomie locale. Les t\u00e9moignages recueillis lors de cette tourn\u00e9e de d\u00e9ploiement des services r\u00e9v\u00e8lent que l\u2019implication des jeunes dans les programmes d\u2019accompagnement du gouvernement a non seulement permis \u00e0 certains de se lancer dans l&#8217;entrepreneuriat, mais a aussi favoris\u00e9 l&#8217;\u00e9mergence de projets collectifs. Ces jeunes entrepreneurs sont d\u00e9sormais des acteurs de la transformation socio-\u00e9conomique de leur r\u00e9gion, apportant \u00e0 la fois des solutions aux besoins locaux et cr\u00e9ant des emplois. Gr\u00e2ce \u00e0 des financements adapt\u00e9s et \u00e0 des formations cibl\u00e9es, des centaines de jeunes b\u00e9n\u00e9ficient aujourd&#8217;hui d\u2019opportunit\u00e9s qui leur permettent non seulement d\u2019am\u00e9liorer leur quotidien, mais aussi de participer \u00e0 la construction d\u2019un avenir meilleur pour leur communaut\u00e9.<\/p>\n<p><strong>Mamadou Ouattara avec Ly Abdul <\/strong><\/p>\n","protected":false},"excerpt":{"rendered":"<p>Le 7 f\u00e9vrier 2025, la r\u00e9gion des Grands Ponts, notamment le d\u00e9partement de Jacqueville, a \u00e9t\u00e9 le th\u00e9\u00e2tre d&#8217;une initiative exceptionnelle en faveur de la jeunesse. Le minist\u00e8re de la Promotion de la Jeunesse, de l&#8217;Insertion professionnelle et du Service civique dans le cadre de sa tourn\u00e9e de proximit\u00e9, a d\u00e9ploy\u00e9 ses services dans ladite [&hellip;]<\/p>\n","protected":false},"author":4,"featured_media":36932,"comment_status":"closed","ping_status":"closed","sticky":false,"template":"","format":"standard","meta":{"_monsterinsights_skip_tracking":false,"_monsterinsights_sitenote_active":false,"_monsterinsights_sitenote_note":"","_monsterinsights_sitenote_category":0,"footnotes":""},"categories":[2,3],"tags":[4633,701,3683,4634,3127,3428],"class_list":["post-36931","post","type-post","status-publish","format-standard","has-post-thumbnail","hentry","category-featured","category-societe","tag-deploiement","tag-jeunes","tag-ministere-de-la-jeunesse","tag-region-des-grands-ponts","tag-responsabilite","tag-services"],"_links":{"self":[{"href":"https:\/\/www.lintelligentdabidjan.info\/news\/wp-json\/wp\/v2\/posts\/36931","targetHints":{"allow":["GET"]}}],"collection":[{"href":"https:\/\/www.lintelligentdabidjan.info\/news\/wp-json\/wp\/v2\/posts"}],"about":[{"href":"https:\/\/www.lintelligentdabidjan.info\/news\/wp-json\/wp\/v2\/types\/post"}],"author":[{"embeddable":true,"href":"https:\/\/www.lintelligentdabidjan.info\/news\/wp-json\/wp\/v2\/users\/4"}],"replies":[{"embeddable":true,"href":"https:\/\/www.lintelligentdabidjan.info\/news\/wp-json\/wp\/v2\/comments?post=36931"}],"version-history":[{"count":1,"href":"https:\/\/www.lintelligentdabidjan.info\/news\/wp-json\/wp\/v2\/posts\/36931\/revisions"}],"predecessor-version":[{"id":36933,"href":"https:\/\/www.lintelligentdabidjan.info\/news\/wp-json\/wp\/v2\/posts\/36931\/revisions\/36933"}],"wp:featuredmedia":[{"embeddable":true,"href":"https:\/\/www.lintelligentdabidjan.info\/news\/wp-json\/wp\/v2\/media\/36932"}],"wp:attachment":[{"href":"https:\/\/www.lintelligentdabidjan.info\/news\/wp-json\/wp\/v2\/media?parent=36931"}],"wp:term":[{"taxonomy":"category","embeddable":true,"href":"https:\/\/www.lintelligentdabidjan.info\/news\/wp-json\/wp\/v2\/categories?post=36931"},{"taxonomy":"post_tag","embeddable":true,"href":"https:\/\/www.lintelligentdabidjan.info\/news\/wp-json\/wp\/v2\/tags?post=36931"}],"curies":[{"name":"wp","href":"https:\/\/api.w.org\/{rel}","templated":true}]}}