{"id":36937,"date":"2025-02-10T01:11:53","date_gmt":"2025-02-10T00:11:53","guid":{"rendered":"https:\/\/www.lintelligentdabidjan.info\/news\/?p=36937"},"modified":"2025-02-10T01:12:56","modified_gmt":"2025-02-10T00:12:56","slug":"lintelligent-en-pdf-une-premiere-en-cote-divoire-plus-de-17-millions-denroles-grace-a-lengagement-du-president-ouattara","status":"publish","type":"post","link":"https:\/\/www.lintelligentdabidjan.info\/news\/lintelligent-en-pdf-une-premiere-en-cote-divoire-plus-de-17-millions-denroles-grace-a-lengagement-du-president-ouattara\/","title":{"rendered":"L&#8217;Intelligent en PDF:  Une premi\u00e8re en C\u00f4te d\u2019Ivoire    Plus de 17 millions d\u2019enr\u00f4l\u00e9s gr\u00e2ce \u00e0 l&#8217;engagement du pr\u00e9sident Ouattara"},"content":{"rendered":"<p><strong>Gr\u00e2ce \u00e0 une volont\u00e9 politique affirm\u00e9e et aux actions strat\u00e9giques men\u00e9es par Me Adama Kamara, ministre de l\u2019Emploi et de la Protection Sociale, la C\u00f4te d\u2019Ivoire a franchi une \u00e9tape majeure dans la mise en \u0153uvre de la Couverture Maladie Universelle (CMU). Le samedi 8 f\u00e9vrier 2025, le pays a atteint un record historique avec 17 millions d\u2019inscrits, soit 58 % de la population, marquant ainsi une avanc\u00e9e significative vers une protection sociale \u00e9largie. Comment ce r\u00e9sultat a t-il \u00e9t\u00e9 obtenu? <\/strong><\/p>\n<p>Article \u00e0 d\u00e9couvrir dans vos kiosques et en ligne sur&#8230;<\/p>\n<p><a href=\"https:\/\/news.abidjan.net\/titrologie\/39-lintelligent-dabidjan\/articles\" target=\"_blank\">https:\/\/news.abidjan.net\/titrologie\/39-lintelligent-dabidjan\/articles<\/a><\/p>\n<p>\u00c0 lire aussi le compte rendu de WARA TOUR 8 \u00e0 Bassam, Un nouveau si\u00e8ge de la chefferie pour l\u2019unit\u00e9 et les traditions \u00e0 Toumodi et Dj\u00e9kanou, la c\u00e9l\u00e9bration par NSIA de ses 30 ans, Amadou Kon\u00e9 et Bouak\u00e9 pr\u00eats pour la s\u00e9curit\u00e9 alimentaire en Afrique, Seul le RHDP cr\u00e9dible pour 2025, selon Anne Ouloto, Le d\u00e9put\u00e9-maire<\/p>\n<p>Hien Si\u00e9 engag\u00e9 pour l&#8217;unit\u00e9 des cadres du Sud-Como\u00e9, le compte rendu de C\u00f4c\u00f4c\u00f4 de Gbagbo \u00e0 Marcory, Thiam r\u00e9pond \u00e0 Banga sur sa renonciation \u00e0 la nationalit\u00e9 fran\u00e7aise.<\/p>\n<p>Cliquez pour les d\u00e9tails<\/p>\n<p><a href=\"https:\/\/www.afrikipresse.fr\/abonnement\" target=\"_blank\">https:\/\/www.afrikipresse.fr\/abonnement<\/a><\/p>\n<p>\u00c0 voir \u00e9galement le compte rendu de l&#8217;inauguration d&#8217;un b\u00e2timent de la BCEAO \u00e0 Bobo Dioulasso au Burkina et Adama Bictogo \u00e0 la tribune des Nations Unies.<\/p>\n<p><a href=\"https:\/\/www.pressecotedivoire.ci\/titrologie\" target=\"_blank\">https:\/\/www.pressecotedivoire.ci\/titrologie<\/a><\/p>\n","protected":false},"excerpt":{"rendered":"<p>Gr\u00e2ce \u00e0 une volont\u00e9 politique affirm\u00e9e et aux actions strat\u00e9giques men\u00e9es par Me Adama Kamara, ministre de l\u2019Emploi et de la Protection Sociale, la C\u00f4te d\u2019Ivoire a franchi une \u00e9tape majeure dans la mise en \u0153uvre de la Couverture Maladie Universelle (CMU). Le samedi 8 f\u00e9vrier 2025, le pays a atteint un record historique avec [&hellip;]<\/p>\n","protected":false},"author":4,"featured_media":36938,"comment_status":"closed","ping_status":"closed","sticky":false,"template":"","format":"standard","meta":{"_monsterinsights_skip_tracking":false,"_monsterinsights_sitenote_active":false,"_monsterinsights_sitenote_note":"","_monsterinsights_sitenote_category":0,"footnotes":""},"categories":[2,3],"tags":[],"class_list":["post-36937","post","type-post","status-publish","format-standard","has-post-thumbnail","hentry","category-featured","category-societe"],"_links":{"self":[{"href":"https:\/\/www.lintelligentdabidjan.info\/news\/wp-json\/wp\/v2\/posts\/36937","targetHints":{"allow":["GET"]}}],"collection":[{"href":"https:\/\/www.lintelligentdabidjan.info\/news\/wp-json\/wp\/v2\/posts"}],"about":[{"href":"https:\/\/www.lintelligentdabidjan.info\/news\/wp-json\/wp\/v2\/types\/post"}],"author":[{"embeddable":true,"href":"https:\/\/www.lintelligentdabidjan.info\/news\/wp-json\/wp\/v2\/users\/4"}],"replies":[{"embeddable":true,"href":"https:\/\/www.lintelligentdabidjan.info\/news\/wp-json\/wp\/v2\/comments?post=36937"}],"version-history":[{"count":1,"href":"https:\/\/www.lintelligentdabidjan.info\/news\/wp-json\/wp\/v2\/posts\/36937\/revisions"}],"predecessor-version":[{"id":36939,"href":"https:\/\/www.lintelligentdabidjan.info\/news\/wp-json\/wp\/v2\/posts\/36937\/revisions\/36939"}],"wp:featuredmedia":[{"embeddable":true,"href":"https:\/\/www.lintelligentdabidjan.info\/news\/wp-json\/wp\/v2\/media\/36938"}],"wp:attachment":[{"href":"https:\/\/www.lintelligentdabidjan.info\/news\/wp-json\/wp\/v2\/media?parent=36937"}],"wp:term":[{"taxonomy":"category","embeddable":true,"href":"https:\/\/www.lintelligentdabidjan.info\/news\/wp-json\/wp\/v2\/categories?post=36937"},{"taxonomy":"post_tag","embeddable":true,"href":"https:\/\/www.lintelligentdabidjan.info\/news\/wp-json\/wp\/v2\/tags?post=36937"}],"curies":[{"name":"wp","href":"https:\/\/api.w.org\/{rel}","templated":true}]}}