{"id":36958,"date":"2025-02-11T06:04:36","date_gmt":"2025-02-11T05:04:36","guid":{"rendered":"https:\/\/www.lintelligentdabidjan.info\/news\/?p=36958"},"modified":"2025-02-11T06:04:39","modified_gmt":"2025-02-11T05:04:39","slug":"lintelligent-en-pdf-jeunes-a-dabou-quand-des-reves-prennent-racine","status":"publish","type":"post","link":"https:\/\/www.lintelligentdabidjan.info\/news\/lintelligent-en-pdf-jeunes-a-dabou-quand-des-reves-prennent-racine\/","title":{"rendered":"L&#8217;Intelligent en PDF:   Jeunes \u00e0 Dabou   Quand des r\u00eaves prennent racine"},"content":{"rendered":"<p><strong>Dans le cadre de sa tourn\u00e9e r\u00e9gionale du 06 au 08 f\u00e9vrier 2025, le ministre de la Promotion de la Jeunesse, de l\u2019Insertion professionnelle et du Service civique, Mamadou Tour\u00e9, a rendu visite \u00e0 plusieurs jeunes b\u00e9n\u00e9ficiaires des programmes d\u2019insertion gouvernementaux dans le d\u00e9partement de Dabou. Ces jeunes, porteurs de projets innovants, incarnent la r\u00e9ussite des initiatives publiques en faveur de l\u2019emploi et de l\u2019autonomisation de la jeunesse ivoirienne. Quels sont les jeunes b\u00e9n\u00e9ficiaires rencontr\u00e9s par le ministre et quels ont \u00e9t\u00e9 leurs t\u00e9moignages ?<\/strong><\/p>\n<p>Article \u00e0 d\u00e9couvrir dans vos kiosques et en ligne sur&#8230;<\/p>\n<p><a href=\"https:\/\/news.abidjan.net\/titrologie\/39-lintelligent-dabidjan\/articles\" target=\"_blank\">https:\/\/news.abidjan.net\/titrologie\/39-lintelligent-dabidjan\/articles<\/a><\/p>\n<p>\u00c0 lire aussi Mamb\u00e9 r\u00e9v\u00e8le le secret des nations prosp\u00e8res au FIMEC 2025 , Distinction \u00e0 Paris de Charles Kouassi en or, Une station pour traiter les boues \u00e0 Anyama , Les chefs traditionnels engag\u00e9s \u00e0 Toulepleu pour la paix et d\u00e9veloppement , Mamadou Kon\u00e9 d\u00e9clare que les adversaires du Rhdp ne sont pas pr\u00eats en 2025 , Le proviseur du Lyc\u00e9e d&#8217;Anyama explique l&#8217;interdiction des dons des \u00e9l\u00e8ves.<\/p>\n<p>Cliquez pour les d\u00e9tails<\/p>\n<p><a href=\"https:\/\/www.afrikipresse.fr\/abonnement\" target=\"_blank\">https:\/\/www.afrikipresse.fr\/abonnement<\/a><\/p>\n<p>\u00c0 voir \u00e9galement le d\u00e9cryptage :&#8221;Nationalit\u00e9 et \u00e9ligibilit\u00e9 en C\u00f4te d&#8217;Ivoire : Ouattara, Thiam et la question fran\u00e7aise&#8221; et l&#8217;\u00e9lectrification du quartier Ch\u00e2teau de Vavoua.<\/p>\n<p><a href=\"https:\/\/www.pressecotedivoire.ci\/titrologie\" target=\"_blank\">https:\/\/www.pressecotedivoire.ci\/titrologie<\/a><\/p>\n","protected":false},"excerpt":{"rendered":"<p>Dans le cadre de sa tourn\u00e9e r\u00e9gionale du 06 au 08 f\u00e9vrier 2025, le ministre de la Promotion de la Jeunesse, de l\u2019Insertion professionnelle et du Service civique, Mamadou Tour\u00e9, a rendu visite \u00e0 plusieurs jeunes b\u00e9n\u00e9ficiaires des programmes d\u2019insertion gouvernementaux dans le d\u00e9partement de Dabou. Ces jeunes, porteurs de projets innovants, incarnent la r\u00e9ussite [&hellip;]<\/p>\n","protected":false},"author":4,"featured_media":36959,"comment_status":"closed","ping_status":"closed","sticky":false,"template":"","format":"standard","meta":{"_monsterinsights_skip_tracking":false,"_monsterinsights_sitenote_active":false,"_monsterinsights_sitenote_note":"","_monsterinsights_sitenote_category":0,"footnotes":""},"categories":[2,3],"tags":[],"class_list":["post-36958","post","type-post","status-publish","format-standard","has-post-thumbnail","hentry","category-featured","category-societe"],"_links":{"self":[{"href":"https:\/\/www.lintelligentdabidjan.info\/news\/wp-json\/wp\/v2\/posts\/36958","targetHints":{"allow":["GET"]}}],"collection":[{"href":"https:\/\/www.lintelligentdabidjan.info\/news\/wp-json\/wp\/v2\/posts"}],"about":[{"href":"https:\/\/www.lintelligentdabidjan.info\/news\/wp-json\/wp\/v2\/types\/post"}],"author":[{"embeddable":true,"href":"https:\/\/www.lintelligentdabidjan.info\/news\/wp-json\/wp\/v2\/users\/4"}],"replies":[{"embeddable":true,"href":"https:\/\/www.lintelligentdabidjan.info\/news\/wp-json\/wp\/v2\/comments?post=36958"}],"version-history":[{"count":1,"href":"https:\/\/www.lintelligentdabidjan.info\/news\/wp-json\/wp\/v2\/posts\/36958\/revisions"}],"predecessor-version":[{"id":36960,"href":"https:\/\/www.lintelligentdabidjan.info\/news\/wp-json\/wp\/v2\/posts\/36958\/revisions\/36960"}],"wp:featuredmedia":[{"embeddable":true,"href":"https:\/\/www.lintelligentdabidjan.info\/news\/wp-json\/wp\/v2\/media\/36959"}],"wp:attachment":[{"href":"https:\/\/www.lintelligentdabidjan.info\/news\/wp-json\/wp\/v2\/media?parent=36958"}],"wp:term":[{"taxonomy":"category","embeddable":true,"href":"https:\/\/www.lintelligentdabidjan.info\/news\/wp-json\/wp\/v2\/categories?post=36958"},{"taxonomy":"post_tag","embeddable":true,"href":"https:\/\/www.lintelligentdabidjan.info\/news\/wp-json\/wp\/v2\/tags?post=36958"}],"curies":[{"name":"wp","href":"https:\/\/api.w.org\/{rel}","templated":true}]}}