{"id":36970,"date":"2025-02-12T05:47:26","date_gmt":"2025-02-12T04:47:26","guid":{"rendered":"https:\/\/www.lintelligentdabidjan.info\/news\/?p=36970"},"modified":"2025-02-12T05:47:30","modified_gmt":"2025-02-12T04:47:30","slug":"cote-divoire-allegement-de-la-presence-militaire-francaise","status":"publish","type":"post","link":"https:\/\/www.lintelligentdabidjan.info\/news\/cote-divoire-allegement-de-la-presence-militaire-francaise\/","title":{"rendered":"C\u00f4te d\u2019Ivoire : all\u00e8gement de la pr\u00e9sence militaire fran\u00e7aise"},"content":{"rendered":"<p><em><strong>Le 20 f\u00e9vrier 2025, la base militaire fran\u00e7aise de Port-Bou\u00ebt sera officiellement r\u00e9troc\u00e9d\u00e9e aux forces arm\u00e9es ivoiriennes. Ce transfert marque une \u00e9tape significative dans l&#8217;affirmation de la souverainet\u00e9 nationale ivoirienne et la poursuite de la bonne entente entre les deux pays.<\/strong><\/em><\/p>\n<p>La r\u00e9trocession de la base militaire fran\u00e7aise avait \u00e9t\u00e9 annonc\u00e9e par le pr\u00e9sident ivoirien Alassane Ouattara, lors de son allocution du 31 d\u00e9cembre 2024 : \u00ab le camp du 43\u00e8me BIMA, le bataillon d&#8217;infanterie de marine de Port-Bouet (une commune d&#8217;Abidjan), sera r\u00e9troc\u00e9d\u00e9 aux forces arm\u00e9es de C\u00f4te d&#8217;Ivoire d\u00e8s ce mois de janvier 2025 \u00bb. Cette annonce intervient dans le cadre de la politique de r\u00e9am\u00e9nagement du dispositif militaire fran\u00e7ais en Afrique alors que l\u2019arm\u00e9e ivoirienne est aujourd\u2019hui un exemples \u00e0 suivre dans le continent. Depuis 2022, les d\u00e9l\u00e9gations fran\u00e7aises et ivoiriennes se sont rencontr\u00e9es \u00e0 plusieurs reprises pour \u00e9laborer une nouvelle coop\u00e9ration militaire bilat\u00e9rale.<\/p>\n<p><strong>Une nouvelle coop\u00e9ration militaire<\/strong><\/p>\n<p>Les forces arm\u00e9es ivoiriennes (FACI) ont consid\u00e9rablement progress\u00e9 ces derni\u00e8res ann\u00e9es gr\u00e2ce \u00e0 un processus de modernisation et \u00e0 une coop\u00e9ration renforc\u00e9e avec des partenaires internationaux. Le pr\u00e9sident ivoirien affirme que \u00ab nous pouvons \u00eatre fiers de notre arm\u00e9e dont la modernisation est d\u00e9sormais effective. C&#8217;est dans ce cadre que nous avons d\u00e9cid\u00e9 du retrait concert\u00e9 et organis\u00e9 des forces fran\u00e7aises en C\u00f4te d&#8217;Ivoire \u00bb. Le retrait des troupes fran\u00e7aises ne signifie pas une rupture nette des liens militaires entre les deux pays.  80 soldats fran\u00e7ais vont demeurer sur la base de Port-Bou\u00ebt afin d\u2019effectuer des missions de formation et d\u2019accompagnement au profit des forces arm\u00e9es ivoiriennes.<\/p>\n<p>Les forces fran\u00e7aises, en particulier \u00e0 travers des unit\u00e9s comme le 43\u00e8me BIMA, ont toujours contribu\u00e9 \u00e0 la modernisation et au professionnalisme des FACI. Arthur Banga, chercheur sp\u00e9cialiste des questions de d\u00e9fense \u00e0 l&#8217;universit\u00e9 F\u00e9lix-Houphou\u00ebt-Boigny d&#8217;Abidjan, consid\u00e8re que \u00ab le bilan de la coop\u00e9ration militaire franco-ivoirienne est largement positif \u00bb. Elle \u00ab a permis \u00e0 la C\u00f4te d&#8217;Ivoire de mettre en place son arm\u00e9e et d&#8217;\u00eatre performante \u00bb.<\/p>\n<p>Depuis 1961, la base de Port-Bou\u00ebt  a jou\u00e9 un r\u00f4le central dans le dispositif s\u00e9curitaire de la r\u00e9gion. Elle a servi de point d\u2019appui pour les forces fran\u00e7aises en Afrique, notamment dans le cadre des op\u00e9rations de maintien de la paix et de lutte contre le terrorisme dans la r\u00e9gion du Sahel. La pr\u00e9sence d\u2019exercices r\u00e9guliers et la continuit\u00e9 du dialogue strat\u00e9gique entre Paris et Abidjan contribuent \u00e0 maintenir une stabilit\u00e9 r\u00e9gionale.<\/p>\n<p>Les 1000 soldats du 43\u00e8me BIMA c\u00e8dent leur place aux soldats ivoiriens. Au sein du camp, des changements s\u2019op\u00e8rent d\u00e9j\u00e0. Certains miradors sont d\u00e9sormais aux couleurs ivoiriennes et \u00e0 l\u2019entr\u00e9e du camp, un portique d\u2019une hauteur de 19 m\u00e8tres est en construction. Il y sera inscrit le nom du futur camp : \u00ab G\u00e9n\u00e9ral Ouattara Thomas d\u2019Aquin \u00bb, du nom du premier chef d\u2019\u00c9tat-major de l\u2019arm\u00e9e ivoirienne. Ces changements ont pu \u00eatre observ\u00e9 lors d\u2019une visite guid\u00e9e offerte \u00e0 la presse ivoirienne et fran\u00e7aise ce mardi 11 f\u00e9vrier 2025.<\/p>\n<p>N\u00e9anmoins, pour faire face aux d\u00e9fis complexes du terrorisme dans la r\u00e9gion du Sahel, il est essentiel de poursuivre les efforts de renforcement des capacit\u00e9s, notamment en mati\u00e8re de surveillance, de coordination interarm\u00e9es, etc. La coop\u00e9ration continue avec les partenaires internationaux naturels de la Cote d\u2019ivoire sera essentielle pour att\u00e9nuer ces risques et assurer une transition s\u00e9curis\u00e9e.<\/p>\n<p><strong>Constantine<\/strong><\/p>\n","protected":false},"excerpt":{"rendered":"<p>Le 20 f\u00e9vrier 2025, la base militaire fran\u00e7aise de Port-Bou\u00ebt sera officiellement r\u00e9troc\u00e9d\u00e9e aux forces arm\u00e9es ivoiriennes. Ce transfert marque une \u00e9tape significative dans l&#8217;affirmation de la souverainet\u00e9 nationale ivoirienne et la poursuite de la bonne entente entre les deux pays. La r\u00e9trocession de la base militaire fran\u00e7aise avait \u00e9t\u00e9 annonc\u00e9e par le pr\u00e9sident ivoirien [&hellip;]<\/p>\n","protected":false},"author":4,"featured_media":36971,"comment_status":"closed","ping_status":"closed","sticky":false,"template":"","format":"standard","meta":{"_monsterinsights_skip_tracking":false,"_monsterinsights_sitenote_active":false,"_monsterinsights_sitenote_note":"","_monsterinsights_sitenote_category":0,"footnotes":""},"categories":[2,17],"tags":[4649,77,4650],"class_list":["post-36970","post","type-post","status-publish","format-standard","has-post-thumbnail","hentry","category-featured","category-politique","tag-allegement","tag-cote-divoire","tag-militaire-francaise"],"_links":{"self":[{"href":"https:\/\/www.lintelligentdabidjan.info\/news\/wp-json\/wp\/v2\/posts\/36970","targetHints":{"allow":["GET"]}}],"collection":[{"href":"https:\/\/www.lintelligentdabidjan.info\/news\/wp-json\/wp\/v2\/posts"}],"about":[{"href":"https:\/\/www.lintelligentdabidjan.info\/news\/wp-json\/wp\/v2\/types\/post"}],"author":[{"embeddable":true,"href":"https:\/\/www.lintelligentdabidjan.info\/news\/wp-json\/wp\/v2\/users\/4"}],"replies":[{"embeddable":true,"href":"https:\/\/www.lintelligentdabidjan.info\/news\/wp-json\/wp\/v2\/comments?post=36970"}],"version-history":[{"count":1,"href":"https:\/\/www.lintelligentdabidjan.info\/news\/wp-json\/wp\/v2\/posts\/36970\/revisions"}],"predecessor-version":[{"id":36972,"href":"https:\/\/www.lintelligentdabidjan.info\/news\/wp-json\/wp\/v2\/posts\/36970\/revisions\/36972"}],"wp:featuredmedia":[{"embeddable":true,"href":"https:\/\/www.lintelligentdabidjan.info\/news\/wp-json\/wp\/v2\/media\/36971"}],"wp:attachment":[{"href":"https:\/\/www.lintelligentdabidjan.info\/news\/wp-json\/wp\/v2\/media?parent=36970"}],"wp:term":[{"taxonomy":"category","embeddable":true,"href":"https:\/\/www.lintelligentdabidjan.info\/news\/wp-json\/wp\/v2\/categories?post=36970"},{"taxonomy":"post_tag","embeddable":true,"href":"https:\/\/www.lintelligentdabidjan.info\/news\/wp-json\/wp\/v2\/tags?post=36970"}],"curies":[{"name":"wp","href":"https:\/\/api.w.org\/{rel}","templated":true}]}}