{"id":37006,"date":"2025-02-17T01:08:05","date_gmt":"2025-02-17T00:08:05","guid":{"rendered":"https:\/\/www.lintelligentdabidjan.info\/news\/?p=37006"},"modified":"2025-02-17T01:08:23","modified_gmt":"2025-02-17T00:08:23","slug":"conference-internationale-juive-rav-avraham-ifrah-il-y-a-un-eveil-de-la-cote-divoire","status":"publish","type":"post","link":"https:\/\/www.lintelligentdabidjan.info\/news\/conference-internationale-juive-rav-avraham-ifrah-il-y-a-un-eveil-de-la-cote-divoire\/","title":{"rendered":"Conf\u00e9rence internationale juive-Rav Avraham Ifrah : \u00ab Il y a un \u00e9veil de la C\u00f4te d&#8217;Ivoire \u00bb"},"content":{"rendered":"<p><em><strong>Le jeudi 13 f\u00e9vrier 2025, Rav Avraham Ifrah, r\u00e9f\u00e9rent guide de la communaut\u00e9 francophone, a anim\u00e9 une conf\u00e9rence internationale sur le th\u00e8me : \u00ab Le d\u00e9sespoir n\u2019existe pas \u00bb \u00e0 la synagogue de Breslev C\u00f4te d\u2019Ivoire d\u2019Abidjan-Cocody-Angr\u00e9.<\/strong><\/em><\/p>\n<p>Cette conf\u00e9rence internationale, centr\u00e9e sur la diffusion des enseignements de la Torah en Afrique francophone, en g\u00e9n\u00e9ral et en C\u00f4te d\u2019Ivoire en particulier, a permis \u00e0 Rav Avraham Ifrah, r\u00e9f\u00e9rent guide de la communaut\u00e9 francophone, de souligner l&#8217;importance de la C\u00f4te d&#8217;Ivoire en tant que \u00ab point central \u00bb de l&#8217;Afrique tant par ses notions g\u00e9ographiques ou historiques, humaines, morales que sociales. \u00ab Il y a un \u00e9veil de la C\u00f4te d&#8217;Ivoire. Quand Rabi Nahman s&#8217;installe quelque part ; cela veut dire que c&#8217;est le point de Contact spirituel de la C\u00f4te d&#8217;Ivoire, de toute l&#8217;Afrique. Cet \u00e9veil l\u00e0, vous \u00eates au d\u00e9but et ayez confiance en vous. Avancez, ne vous voyez pas du tout comme des gens qui sont en retard \u00e0 travers l&#8217;humanit\u00e9 et par rapport \u00e0 l&#8217;humanit\u00e9, mais vous \u00eates en avance sur l&#8217;humanit\u00e9. L&#8217;humanit\u00e9 va venir vous demander \u00e0 vous de les aider \u00e0 revenir sur la v\u00e9ritable valeur morale, sociale, familiale rapport humain, amiti\u00e9 etc \u00bb, a-t-il d\u00e9clar\u00e9.  Il a expliqu\u00e9 que la m\u00e9thode pour avoir confiance en soi, c&#8217;est d\u2019\u00eatre en constant dialogue avec Dieu. Par ailleurs, Rav Ifrah a insist\u00e9 sur la n\u00e9cessit\u00e9 de dialoguer avec Dieu pour renforcer la confiance en soi. Selon lui, cette pratique spirituelle est essentielle pour surmonter les d\u00e9fis de la vie et r\u00e9soudre les probl\u00e8mes quotidiens. \u00ab Cette r\u00e9ussite d\u00e9pend uniquement de la prise de conscience, des valeurs extraordinaires qui sont ici, ces valeurs humaines, ces valeurs morales qui sont vraiment merveilleuses et d&#8217;avoir confiance par rapport \u00e0 la d\u00e9cadence qu&#8217;on voit dans le monde.  Donc ayez confiance  en vous et avancer \u00bb, a-t-il ajout\u00e9, mettant l&#8217;accent sur l&#8217;importance des valeurs humaines et morales face \u00e0 la d\u00e9cadence observ\u00e9e dans le monde.<\/p>\n<p>Pour sa part, Rabbi Mosh\u00e9 Mordekhai, le premier responsable de la communaut\u00e9 Breslev C\u00f4te d\u2019Ivoire, a \u00e9galement pris la parole pour souligner l&#8217;importance de se rapprocher du Ma\u00eetre du monde. \u00ab L\u2019objectif que nous nous fixons n\u2019est pas seulement pour la C\u00f4te d\u2019Ivoire ou pour la communaut\u00e9 Breslev, mais pour faire en sorte que la Torah se r\u00e9pande partout en Afrique \u00bb, a-t-il d\u00e9clar\u00e9, insistant sur le fait que la lumi\u00e8re de la Torah doit toucher tous les coins du continent.<\/p>\n<p><strong>Tour\u00e9 Abdoulaye avec A. Traor\u00e9<\/strong><\/p>\n","protected":false},"excerpt":{"rendered":"<p>Le jeudi 13 f\u00e9vrier 2025, Rav Avraham Ifrah, r\u00e9f\u00e9rent guide de la communaut\u00e9 francophone, a anim\u00e9 une conf\u00e9rence internationale sur le th\u00e8me : \u00ab Le d\u00e9sespoir n\u2019existe pas \u00bb \u00e0 la synagogue de Breslev C\u00f4te d\u2019Ivoire d\u2019Abidjan-Cocody-Angr\u00e9. Cette conf\u00e9rence internationale, centr\u00e9e sur la diffusion des enseignements de la Torah en Afrique francophone, en g\u00e9n\u00e9ral et [&hellip;]<\/p>\n","protected":false},"author":4,"featured_media":37007,"comment_status":"closed","ping_status":"closed","sticky":false,"template":"","format":"standard","meta":{"_monsterinsights_skip_tracking":false,"_monsterinsights_sitenote_active":false,"_monsterinsights_sitenote_note":"","_monsterinsights_sitenote_category":0,"footnotes":""},"categories":[2,3],"tags":[4656,77,4658,4657],"class_list":["post-37006","post","type-post","status-publish","format-standard","has-post-thumbnail","hentry","category-featured","category-societe","tag-conference-internationale","tag-cote-divoire","tag-eveil","tag-juive-rav-avraham-ifrah"],"_links":{"self":[{"href":"https:\/\/www.lintelligentdabidjan.info\/news\/wp-json\/wp\/v2\/posts\/37006","targetHints":{"allow":["GET"]}}],"collection":[{"href":"https:\/\/www.lintelligentdabidjan.info\/news\/wp-json\/wp\/v2\/posts"}],"about":[{"href":"https:\/\/www.lintelligentdabidjan.info\/news\/wp-json\/wp\/v2\/types\/post"}],"author":[{"embeddable":true,"href":"https:\/\/www.lintelligentdabidjan.info\/news\/wp-json\/wp\/v2\/users\/4"}],"replies":[{"embeddable":true,"href":"https:\/\/www.lintelligentdabidjan.info\/news\/wp-json\/wp\/v2\/comments?post=37006"}],"version-history":[{"count":1,"href":"https:\/\/www.lintelligentdabidjan.info\/news\/wp-json\/wp\/v2\/posts\/37006\/revisions"}],"predecessor-version":[{"id":37008,"href":"https:\/\/www.lintelligentdabidjan.info\/news\/wp-json\/wp\/v2\/posts\/37006\/revisions\/37008"}],"wp:featuredmedia":[{"embeddable":true,"href":"https:\/\/www.lintelligentdabidjan.info\/news\/wp-json\/wp\/v2\/media\/37007"}],"wp:attachment":[{"href":"https:\/\/www.lintelligentdabidjan.info\/news\/wp-json\/wp\/v2\/media?parent=37006"}],"wp:term":[{"taxonomy":"category","embeddable":true,"href":"https:\/\/www.lintelligentdabidjan.info\/news\/wp-json\/wp\/v2\/categories?post=37006"},{"taxonomy":"post_tag","embeddable":true,"href":"https:\/\/www.lintelligentdabidjan.info\/news\/wp-json\/wp\/v2\/tags?post=37006"}],"curies":[{"name":"wp","href":"https:\/\/api.w.org\/{rel}","templated":true}]}}