{"id":37015,"date":"2025-02-18T05:46:23","date_gmt":"2025-02-18T04:46:23","guid":{"rendered":"https:\/\/www.lintelligentdabidjan.info\/news\/?p=37015"},"modified":"2025-02-18T05:46:23","modified_gmt":"2025-02-18T04:46:23","slug":"soutien-a-la-candidature-de-ouattara-synergie-ado-annonce-un-accompagnement-de-250-millions-de-francs-cfa","status":"publish","type":"post","link":"https:\/\/www.lintelligentdabidjan.info\/news\/soutien-a-la-candidature-de-ouattara-synergie-ado-annonce-un-accompagnement-de-250-millions-de-francs-cfa\/","title":{"rendered":"Soutien \u00e0 la  candidature de  Ouattara  \u2018\u2019Synergie Ado\u2019\u2019 annonce un accompagnement de 250 millions de francs Cfa"},"content":{"rendered":"<p><em><strong>Pour soutenir la candidature de Ouattara \u00e0 l\u2019\u00e9lection pr\u00e9sidentielle, \u2018\u2019Synergie Ado\u2019\u2019 a annonc\u00e9 un accompagnement de 250 millions de francs Cfa.<\/strong><\/em><\/p>\n<p>Lors d&#8217;une conf\u00e9rence de presse anim\u00e9e le lundi 17 f\u00e9vrier 2025, Abidjan-Plateau, Kadhy Sylla, pr\u00e9sidente de \u2018\u2019Synergie Ado\u2019\u2019, un mouvement politique affili\u00e9 au Rassemblement des Houphou\u00e9tistes pour la D\u00e9mocratie et la Paix (Rhdp), a mis en avant l&#8217;importance de soutenir la candidature d&#8217;Alassane Ouattara pour l&#8217;\u00e9lection pr\u00e9sidentielle d&#8217;octobre 2025.<\/p>\n<p>\u00c0 cette occasion, Kadhy Sylla a soulign\u00e9 que le Pr\u00e9sident Ouattara est le leader id\u00e9al, la seule personne habilit\u00e9e \u00e0 poursuivre l\u2019\u0153uvre de la continuit\u00e9 et de la transformation de la C\u00f4te d\u2019Ivoire \u00ab Les r\u00e9alisations du pr\u00e9sident de la R\u00e9publique Alassane Ouattara \u00e0 la t\u00eate de la magistrature supr\u00eame sont autant de raisons qui nous poussent \u00e0 consolider avec insistance la candidature du Pr\u00e9sident Ouattara. Mais au-del\u00e0 de nos acquis, c\u2019est l\u2019avenir qui nous appelle. La continuit\u00e9 de son leadership est indispensable pour achever les progr\u00e8s en cours, relever les d\u00e9fis qui persistent et inscrire notre pays dans une trajectoire de d\u00e9veloppement irr\u00e9versible \u00bb, a-t-elle d\u00e9clar\u00e9. Pour mat\u00e9rialiser cet appel, Kadhy Sylla a r\u00e9v\u00e9l\u00e9 qu&#8217;une tourn\u00e9e nationale serait organis\u00e9e. Cette initiative vise \u00e0 sensibiliser la population sur la candidature de Ouattara et \u00e0 mettre en lumi\u00e8re ses r\u00e9alisations. \u00ab Le pr\u00e9sident n\u2019a pas encore donn\u00e9 sa r\u00e9ponse, mais nous le voulons comme candidat. C\u2019est vous notre candidat. Vous n\u2019avez pas le droit de nous d\u00e9cevoir \u00bb, a-t-elle d\u00e9clar\u00e9 avec passion.<\/p>\n<p>Par ailleurs, elle a annonc\u00e9 son ambitieux objectif de mobiliser 250 millions de francs Cfa pour accompagner la candidature d&#8217;Alassane Ouattara. Cette somme sera pr\u00e9sent\u00e9e et remise lors d&#8217;une grande c\u00e9r\u00e9monie pr\u00e9vue \u00e0 l&#8217;issue d&#8217;une tourn\u00e9e nationale que Kadhy Sylla a pr\u00e9vue pour sensibiliser les Ivoiriens \u00e0 l&#8217;importance de cette candidature. \u00ab Notre objectif, apr\u00e8s un mois de tourn\u00e9e, est de mobiliser la somme de 250 millions de francs Cfa pour soutenir le Pr\u00e9sident de la R\u00e9publique. C&#8217;est un geste symbolique qui montre notre engagement \u00bb, a-t-elle affirm\u00e9. La pr\u00e9sidente a \u00e9galement exhort\u00e9 tous les Ivoiriens, y compris ceux de la Diaspora, \u00e0 contribuer, que ce soit de mani\u00e8re symbolique ou mat\u00e9rielle, \u00e0 cette initiative. Lors de cette conf\u00e9rence, un don initial de 10 millions de francs Cfa a \u00e9t\u00e9 annonc\u00e9 pour soutenir la candidature du pr\u00e9sident, illustrant la d\u00e9termination de \u2018\u2019Synergie Ado\u2019\u2019 \u00e0 concr\u00e9tiser cet engagement. Ce geste de solidarit\u00e9 a \u00e9t\u00e9 salu\u00e9 comme un premier pas significatif vers l&#8217;atteinte de l&#8217;objectif de 250 millions de francs Cfa.<\/p>\n<p><strong>Olivier Dion avec A. Traor\u00e9<\/strong><\/p>\n","protected":false},"excerpt":{"rendered":"<p>Pour soutenir la candidature de Ouattara \u00e0 l\u2019\u00e9lection pr\u00e9sidentielle, \u2018\u2019Synergie Ado\u2019\u2019 a annonc\u00e9 un accompagnement de 250 millions de francs Cfa. Lors d&#8217;une conf\u00e9rence de presse anim\u00e9e le lundi 17 f\u00e9vrier 2025, Abidjan-Plateau, Kadhy Sylla, pr\u00e9sidente de \u2018\u2019Synergie Ado\u2019\u2019, un mouvement politique affili\u00e9 au Rassemblement des Houphou\u00e9tistes pour la D\u00e9mocratie et la Paix (Rhdp), a [&hellip;]<\/p>\n","protected":false},"author":4,"featured_media":37016,"comment_status":"closed","ping_status":"closed","sticky":false,"template":"","format":"standard","meta":{"_monsterinsights_skip_tracking":false,"_monsterinsights_sitenote_active":false,"_monsterinsights_sitenote_note":"","_monsterinsights_sitenote_category":0,"footnotes":""},"categories":[2,17],"tags":[2941,990],"class_list":["post-37015","post","type-post","status-publish","format-standard","has-post-thumbnail","hentry","category-featured","category-politique","tag-candidature-de-ouattara","tag-synergie-ado"],"_links":{"self":[{"href":"https:\/\/www.lintelligentdabidjan.info\/news\/wp-json\/wp\/v2\/posts\/37015","targetHints":{"allow":["GET"]}}],"collection":[{"href":"https:\/\/www.lintelligentdabidjan.info\/news\/wp-json\/wp\/v2\/posts"}],"about":[{"href":"https:\/\/www.lintelligentdabidjan.info\/news\/wp-json\/wp\/v2\/types\/post"}],"author":[{"embeddable":true,"href":"https:\/\/www.lintelligentdabidjan.info\/news\/wp-json\/wp\/v2\/users\/4"}],"replies":[{"embeddable":true,"href":"https:\/\/www.lintelligentdabidjan.info\/news\/wp-json\/wp\/v2\/comments?post=37015"}],"version-history":[{"count":1,"href":"https:\/\/www.lintelligentdabidjan.info\/news\/wp-json\/wp\/v2\/posts\/37015\/revisions"}],"predecessor-version":[{"id":37017,"href":"https:\/\/www.lintelligentdabidjan.info\/news\/wp-json\/wp\/v2\/posts\/37015\/revisions\/37017"}],"wp:featuredmedia":[{"embeddable":true,"href":"https:\/\/www.lintelligentdabidjan.info\/news\/wp-json\/wp\/v2\/media\/37016"}],"wp:attachment":[{"href":"https:\/\/www.lintelligentdabidjan.info\/news\/wp-json\/wp\/v2\/media?parent=37015"}],"wp:term":[{"taxonomy":"category","embeddable":true,"href":"https:\/\/www.lintelligentdabidjan.info\/news\/wp-json\/wp\/v2\/categories?post=37015"},{"taxonomy":"post_tag","embeddable":true,"href":"https:\/\/www.lintelligentdabidjan.info\/news\/wp-json\/wp\/v2\/tags?post=37015"}],"curies":[{"name":"wp","href":"https:\/\/api.w.org\/{rel}","templated":true}]}}