{"id":37034,"date":"2025-02-19T06:01:06","date_gmt":"2025-02-19T05:01:06","guid":{"rendered":"https:\/\/www.lintelligentdabidjan.info\/news\/?p=37034"},"modified":"2025-02-19T06:01:11","modified_gmt":"2025-02-19T05:01:11","slug":"a-quand-la-fin-de-linstrumentalisation-de-la-nationalite-dans-le-debat-politique-en-cote-divoire","status":"publish","type":"post","link":"https:\/\/www.lintelligentdabidjan.info\/news\/a-quand-la-fin-de-linstrumentalisation-de-la-nationalite-dans-le-debat-politique-en-cote-divoire\/","title":{"rendered":"\u00c0 QUAND LA FIN DE L&#8217;INSTRUMENTALISATION DE LA NATIONALIT\u00c9 DANS LE D\u00c9BAT POLITIQUE EN C\u00d4TE D\u2019IVOIRE ?"},"content":{"rendered":"<p><em><strong>Notre pays a connu une crise identitaire qui s\u2019est sold\u00e9e par une guerre ayant caus\u00e9 d\u2019importantes pertes humaines et mat\u00e9rielles.<\/strong><\/em><\/p>\n<p>Le cas de Dj\u00e9ni Kobina Georges Kouam\u00e9, fondateur du RDR, en est une illustration frappante. Bien qu\u2019il ait exerc\u00e9 dans l\u2019administration publique, occup\u00e9 la fonction de directeur de cabinet de plusieurs ministres et si\u00e9g\u00e9 au comit\u00e9 central du PDCI-RDA, sa nationalit\u00e9 a \u00e9t\u00e9 remise en cause d\u00e8s la cr\u00e9ation de son parti politique. Une situation similaire s\u2019est pos\u00e9e pour l\u2019actuel Pr\u00e9sident de la R\u00e9publique, Alassane Ouattara, qui a pourtant \u00e9t\u00e9 gouverneur de la BCEAO \u2013 un poste r\u00e9serv\u00e9 \u00e0 la C\u00f4te d\u2019Ivoire \u2013 et Premier ministre du pays sous la banni\u00e8re du PDCI-RDA.<\/p>\n<p>Face \u00e0 ces deux cas tr\u00e8s m\u00e9diatis\u00e9s entre 1995 et 2000, il est imp\u00e9ratif de faire preuve de discernement. La C\u00f4te d\u2019Ivoire est un pays de brassage ethnique et culturel. La politique ne doit pas instrumentaliser la question identitaire \u00e0 des fins partisanes, d\u2019autant plus que le code de la nationalit\u00e9 encadre clairement ce sujet. Le d\u00e9ni de patronyme ne doit pas \u00eatre un facteur de division, d\u2019injustice et de frustration.<\/p>\n<p>Prenons l\u2019exemple du p\u00e8re fondateur de la C\u00f4te d\u2019Ivoire moderne, F\u00e9lix Houphou\u00ebt-Boigny. Sa premi\u00e8re \u00e9pouse, Kady Swo, \u00e9tait la petite-fille du roi d\u2019Abengourou. Leurs enfants sont-ils Ivoiriens ou S\u00e9n\u00e9galais ? Une telle interrogation n\u2019aurait pas de sens. Dans plusieurs pays voisins de la C\u00f4te d\u2019Ivoire, on retrouve les m\u00eames patronymes : des Ouattara, Traor\u00e9, Kon\u00e9 et Tour\u00e9 au Mali et au Burkina Faso ; des Koffi, Kodjo et Kouam\u00e9 au Togo et au Ghana.<\/p>\n<p>Dans sa vision d\u2019unit\u00e9 et de coh\u00e9sion sociale, Houphou\u00ebt-Boigny avait d\u2019ailleurs naturalis\u00e9 des fils d\u2019immigr\u00e9s, comme en t\u00e9moigne le village de Garango \u00e0 Bouafl\u00e9.<\/p>\n<p>Nos leaders politiques devraient inciter leurs collaborateurs \u00e0 \u00e9viter d\u2019alimenter ce d\u00e9bat sensible qui a d\u00e9j\u00e0 caus\u00e9 des d\u00e9g\u00e2ts consid\u00e9rables et profond\u00e9ment divis\u00e9 notre soci\u00e9t\u00e9. Si Barack Obama a pu diriger les \u00c9tats-Unis, c\u2019est parce que la diversit\u00e9 est per\u00e7ue comme une richesse et non comme une faiblesse. De la m\u00eame mani\u00e8re, le m\u00e9tissage doit \u00eatre une force pour nos nations.<\/p>\n<p>Les populations ivoiriennes attendent des d\u00e9bats de fond qui r\u00e9pondent \u00e0 leurs aspirations et pr\u00e9occupations, notamment en mati\u00e8re de bien-\u00eatre social et de d\u00e9veloppement \u00e9conomique. D\u00e9nier la nationalit\u00e9 de Tidjane Thiam, pr\u00e9sident du PDCI-RDA et petit-fils du Pr\u00e9sident F\u00e9lix Houphou\u00ebt-Boigny, est une aberration. Ce m\u00eame Houphou\u00ebt-Boigny, dont l\u2019actuel r\u00e9gime s\u2019inspire de la philosophie politique. Il est donc temps d\u2019\u00e9lever le d\u00e9bat.<\/p>\n<p>Les acteurs politiques, ainsi que la soci\u00e9t\u00e9 civile, doivent d\u00e9noncer ces d\u00e9rives et appeler \u00e0 la responsabilit\u00e9. Nous avons trop souffert de la crise identitaire pour replonger dans ce cercle vicieux. Les discours politiques doivent \u00eatre encadr\u00e9s et sanctionn\u00e9s en cas de d\u00e9rive, afin de pr\u00e9server la stabilit\u00e9 du pays.<\/p>\n<p>Le d\u00e9veloppement amorc\u00e9 sous la pr\u00e9sidence d\u2019Alassane Ouattara doit \u00eatre sauvegard\u00e9. Seule une stabilit\u00e9 politique durable et des \u00e9lections inclusives, dont les r\u00e9sultats seront accept\u00e9s par tous, permettront \u00e0 la C\u00f4te d\u2019Ivoire de figurer parmi les grandes d\u00e9mocraties et d\u2019attirer davantage de partenaires techniques, financiers et investisseurs \u00e9trangers. Ces derniers joueront un r\u00f4le cl\u00e9 dans la cr\u00e9ation d\u2019emplois, offrant ainsi aux jeunes de v\u00e9ritables opportunit\u00e9s d\u2019\u00e9panouissement au sein de la soci\u00e9t\u00e9.<\/p>\n<p><strong>Adou Evariste<\/p>\n<p>Analyste politique<\/strong><\/p>\n","protected":false},"excerpt":{"rendered":"<p>Notre pays a connu une crise identitaire qui s\u2019est sold\u00e9e par une guerre ayant caus\u00e9 d\u2019importantes pertes humaines et mat\u00e9rielles. Le cas de Dj\u00e9ni Kobina Georges Kouam\u00e9, fondateur du RDR, en est une illustration frappante. Bien qu\u2019il ait exerc\u00e9 dans l\u2019administration publique, occup\u00e9 la fonction de directeur de cabinet de plusieurs ministres et si\u00e9g\u00e9 au [&hellip;]<\/p>\n","protected":false},"author":4,"featured_media":37035,"comment_status":"closed","ping_status":"closed","sticky":false,"template":"","format":"standard","meta":{"_monsterinsights_skip_tracking":false,"_monsterinsights_sitenote_active":false,"_monsterinsights_sitenote_note":"","_monsterinsights_sitenote_category":0,"footnotes":""},"categories":[2,17],"tags":[],"class_list":["post-37034","post","type-post","status-publish","format-standard","has-post-thumbnail","hentry","category-featured","category-politique"],"_links":{"self":[{"href":"https:\/\/www.lintelligentdabidjan.info\/news\/wp-json\/wp\/v2\/posts\/37034","targetHints":{"allow":["GET"]}}],"collection":[{"href":"https:\/\/www.lintelligentdabidjan.info\/news\/wp-json\/wp\/v2\/posts"}],"about":[{"href":"https:\/\/www.lintelligentdabidjan.info\/news\/wp-json\/wp\/v2\/types\/post"}],"author":[{"embeddable":true,"href":"https:\/\/www.lintelligentdabidjan.info\/news\/wp-json\/wp\/v2\/users\/4"}],"replies":[{"embeddable":true,"href":"https:\/\/www.lintelligentdabidjan.info\/news\/wp-json\/wp\/v2\/comments?post=37034"}],"version-history":[{"count":1,"href":"https:\/\/www.lintelligentdabidjan.info\/news\/wp-json\/wp\/v2\/posts\/37034\/revisions"}],"predecessor-version":[{"id":37036,"href":"https:\/\/www.lintelligentdabidjan.info\/news\/wp-json\/wp\/v2\/posts\/37034\/revisions\/37036"}],"wp:featuredmedia":[{"embeddable":true,"href":"https:\/\/www.lintelligentdabidjan.info\/news\/wp-json\/wp\/v2\/media\/37035"}],"wp:attachment":[{"href":"https:\/\/www.lintelligentdabidjan.info\/news\/wp-json\/wp\/v2\/media?parent=37034"}],"wp:term":[{"taxonomy":"category","embeddable":true,"href":"https:\/\/www.lintelligentdabidjan.info\/news\/wp-json\/wp\/v2\/categories?post=37034"},{"taxonomy":"post_tag","embeddable":true,"href":"https:\/\/www.lintelligentdabidjan.info\/news\/wp-json\/wp\/v2\/tags?post=37034"}],"curies":[{"name":"wp","href":"https:\/\/api.w.org\/{rel}","templated":true}]}}