{"id":37041,"date":"2025-02-20T02:16:58","date_gmt":"2025-02-20T01:16:58","guid":{"rendered":"https:\/\/www.lintelligentdabidjan.info\/news\/?p=37041"},"modified":"2025-02-20T02:16:58","modified_gmt":"2025-02-20T01:16:58","slug":"investissement-touristique-et-hotelier-lafrique-veut-se-promouvoir","status":"publish","type":"post","link":"https:\/\/www.lintelligentdabidjan.info\/news\/investissement-touristique-et-hotelier-lafrique-veut-se-promouvoir\/","title":{"rendered":"Investissement touristique et h\u00f4telier &#8211;  L\u2019Afrique veut se promouvoir"},"content":{"rendered":"<p><em><strong>Sous le th\u00e8me \u00ab L\u2019Afrique, terre de talents et d\u2019opportunit\u00e9s \u00bb, la cinqui\u00e8me \u00e9dition de la conf\u00e9rence francophone de l\u2019investissement touristique et h\u00f4telier en Afrique a ouvert ses portes le mardi 18 f\u00e9vrier 2025. Cette ouverture, sous le patronage du minist\u00e8re ivoirien du Tourisme, s\u2019est d\u00e9roul\u00e9e dans un h\u00f4tel d\u2019Abidjan-Plateau. <\/strong><\/em><\/p>\n<p>Lors de cette conf\u00e9rence de presse, les organisateurs ont expliqu\u00e9  les objectifs et les innovations qui s\u2019appliquent \u00e0 cette nouvelle \u00e9dition. Au cours des \u00e9changes, il est ressorti que depuis plusieurs ann\u00e9es, l\u2019Afrique se positionne de nouveau comme une destination strat\u00e9gique pour l\u2019investissement touristique mondial, pr\u00e9sentant un patrimoine riche en diversit\u00e9 culturelle et naturelle.  Elle  offre un potentiel exceptionnel pour les acteurs publics et priv\u00e9s d\u00e9sireux de fa\u00e7onner un tourisme durable et inclusif.  La conf\u00e9rence se veut un rendez-vous incontournable pour repenser l\u2019investissement et l\u2019innovation dans le tourisme et l\u2019h\u00f4tellerie en Afrique. V\u00e9ritable carrefour d\u2019\u00e9changes, elle r\u00e9unit les acteurs-cl\u00e9s du secteur, investisseurs, op\u00e9rateurs et d\u00e9cideurs. L\u2019\u00e9dition 2025 vise \u00e0 favoriser l\u2019investissement dans l\u2019h\u00f4tellerie et le tourisme en Afrique subsaharienne, \u00e0 permettre aux professionnels du secteur de se rencontrer et de nouer des partenariats, \u00e0 pr\u00e9senter des opportunit\u00e9s d\u2019affaires et d\u2019investissement, \u00e0 r\u00e9unir les instances publiques et les acteurs priv\u00e9s pour trouver et mettre en \u0153uvre des solutions aux enjeux du secteur, \u00e0 promouvoir des pratiques durables de d\u00e9veloppement touristique, et \u00e0 valoriser et faire \u00e9merger les talents locaux. Plusieurs panels et interventions meubleront cette conf\u00e9rence sur l\u2019investissement dans le secteur touristique africain.<\/p>\n<p><strong>Mamadou Ouattara avec G\u00e9rard Batoua<\/strong><\/p>\n","protected":false},"excerpt":{"rendered":"<p>Sous le th\u00e8me \u00ab L\u2019Afrique, terre de talents et d\u2019opportunit\u00e9s \u00bb, la cinqui\u00e8me \u00e9dition de la conf\u00e9rence francophone de l\u2019investissement touristique et h\u00f4telier en Afrique a ouvert ses portes le mardi 18 f\u00e9vrier 2025. Cette ouverture, sous le patronage du minist\u00e8re ivoirien du Tourisme, s\u2019est d\u00e9roul\u00e9e dans un h\u00f4tel d\u2019Abidjan-Plateau. Lors de cette conf\u00e9rence de [&hellip;]<\/p>\n","protected":false},"author":4,"featured_media":37042,"comment_status":"closed","ping_status":"closed","sticky":false,"template":"","format":"standard","meta":{"_monsterinsights_skip_tracking":false,"_monsterinsights_sitenote_active":false,"_monsterinsights_sitenote_note":"","_monsterinsights_sitenote_category":0,"footnotes":""},"categories":[2,20,18],"tags":[],"class_list":["post-37041","post","type-post","status-publish","format-standard","has-post-thumbnail","hentry","category-featured","category-art-et-culture","category-economie"],"_links":{"self":[{"href":"https:\/\/www.lintelligentdabidjan.info\/news\/wp-json\/wp\/v2\/posts\/37041","targetHints":{"allow":["GET"]}}],"collection":[{"href":"https:\/\/www.lintelligentdabidjan.info\/news\/wp-json\/wp\/v2\/posts"}],"about":[{"href":"https:\/\/www.lintelligentdabidjan.info\/news\/wp-json\/wp\/v2\/types\/post"}],"author":[{"embeddable":true,"href":"https:\/\/www.lintelligentdabidjan.info\/news\/wp-json\/wp\/v2\/users\/4"}],"replies":[{"embeddable":true,"href":"https:\/\/www.lintelligentdabidjan.info\/news\/wp-json\/wp\/v2\/comments?post=37041"}],"version-history":[{"count":1,"href":"https:\/\/www.lintelligentdabidjan.info\/news\/wp-json\/wp\/v2\/posts\/37041\/revisions"}],"predecessor-version":[{"id":37043,"href":"https:\/\/www.lintelligentdabidjan.info\/news\/wp-json\/wp\/v2\/posts\/37041\/revisions\/37043"}],"wp:featuredmedia":[{"embeddable":true,"href":"https:\/\/www.lintelligentdabidjan.info\/news\/wp-json\/wp\/v2\/media\/37042"}],"wp:attachment":[{"href":"https:\/\/www.lintelligentdabidjan.info\/news\/wp-json\/wp\/v2\/media?parent=37041"}],"wp:term":[{"taxonomy":"category","embeddable":true,"href":"https:\/\/www.lintelligentdabidjan.info\/news\/wp-json\/wp\/v2\/categories?post=37041"},{"taxonomy":"post_tag","embeddable":true,"href":"https:\/\/www.lintelligentdabidjan.info\/news\/wp-json\/wp\/v2\/tags?post=37041"}],"curies":[{"name":"wp","href":"https:\/\/api.w.org\/{rel}","templated":true}]}}