{"id":37050,"date":"2025-02-21T05:48:29","date_gmt":"2025-02-21T04:48:29","guid":{"rendered":"https:\/\/www.lintelligentdabidjan.info\/news\/?p=37050"},"modified":"2025-02-21T05:48:48","modified_gmt":"2025-02-21T04:48:48","slug":"conflit-foncier-des-acquereurs-du-site-songon-ayewahi-expriment-leur-colere","status":"publish","type":"post","link":"https:\/\/www.lintelligentdabidjan.info\/news\/conflit-foncier-des-acquereurs-du-site-songon-ayewahi-expriment-leur-colere\/","title":{"rendered":"Conflit  foncier-    Des  acqu\u00e9reurs du site Songon Ayewahi expriment  leur col\u00e8re"},"content":{"rendered":"<p><em><strong>Un collectif d\u2019environ 600 membres s\u2019est r\u00e9uni, le mercredi 19 f\u00e9vrier 2025, dans un espace gastronomique de Songon Ayewahi,  pour  d\u00e9noncer l\u2019envahissement de leur propri\u00e9t\u00e9  par des op\u00e9rateurs \u00e9conomiques.<\/strong><\/em><\/p>\n<p>\u00c0 l\u2019entame, Sanogo Mamadou, acqu\u00e9reur et pr\u00e9sident du collectif, a tout d\u2019abord pr\u00e9sent\u00e9 les irr\u00e9gularit\u00e9s observ\u00e9es et les actions men\u00e9es avant de lancer un appel au pr\u00e9sident Alassane Ouattara. \u00ab Nous avons acquis, de bonne foi, entre 2015 et 2016, des lots issus de lotissements villageois aupr\u00e8s des propri\u00e9taires terriens du village d\u2019Ayewahi, et nous avons re\u00e7u les attestations villageoises en 2016. En 2019, nous avons \u00e9t\u00e9 surpris par un projet nomm\u00e9 Dubai, port\u00e9 par un op\u00e9rateur \u00e9conomique qui a obtenu un arr\u00eat\u00e9 de concession d\u00e9finitive (ACD). Cependant, la demande de l\u2019ACD et l\u2019attestation domaniale ont \u00e9t\u00e9 enregistr\u00e9es le m\u00eame jour, ce qui est impossible selon les proc\u00e9dures du minist\u00e8re de la Construction. De plus, cet ACD couvre pratiquement tout le village, y compris la maison du chef du village, l\u2019\u00e9glise du village et m\u00eame le cimeti\u00e8re, tous couverts par le m\u00eame ACD \u00bb, d\u00e9clarait-il, sans donner plus de d\u00e9tails sur celui qui aurait vendu ces parcelles.<\/p>\n<p> Apr\u00e8s une rencontre avec la sous-pr\u00e9fecture en d\u00e9cembre 2024, il a \u00e9t\u00e9 d\u00e9cid\u00e9 de mettre en place un cadre de concertation pour r\u00e9gler la situation. Cependant, les 6 et 7 janvier 2025, les membres du collectif ont \u00e9t\u00e9 surpris par l\u2019arriv\u00e9e de bulldozers et d\u2019autres machines d\u00e9truisant \u00e0 nouveau les fondations et les plantations.<\/p>\n<p>Face \u00e0 ces agissements, le collectif des acqu\u00e9reurs du site de Songon Ayewahi lance un appel au Pr\u00e9sident de la R\u00e9publique, au Premier ministre ainsi qu\u2019aux organisations de la soci\u00e9t\u00e9 civile pour un r\u00e8glement pacifique de ce conflit foncier qui les oppose actuellement.<\/p>\n<p><strong>Mamadou Ouattara avec G\u00e9rard Batoua<\/strong><\/p>\n","protected":false},"excerpt":{"rendered":"<p>Un collectif d\u2019environ 600 membres s\u2019est r\u00e9uni, le mercredi 19 f\u00e9vrier 2025, dans un espace gastronomique de Songon Ayewahi, pour d\u00e9noncer l\u2019envahissement de leur propri\u00e9t\u00e9 par des op\u00e9rateurs \u00e9conomiques. \u00c0 l\u2019entame, Sanogo Mamadou, acqu\u00e9reur et pr\u00e9sident du collectif, a tout d\u2019abord pr\u00e9sent\u00e9 les irr\u00e9gularit\u00e9s observ\u00e9es et les actions men\u00e9es avant de lancer un appel au [&hellip;]<\/p>\n","protected":false},"author":4,"featured_media":37051,"comment_status":"closed","ping_status":"closed","sticky":false,"template":"","format":"standard","meta":{"_monsterinsights_skip_tracking":false,"_monsterinsights_sitenote_active":false,"_monsterinsights_sitenote_note":"","_monsterinsights_sitenote_category":0,"footnotes":""},"categories":[2,3],"tags":[4663,4662,3627,4664],"class_list":["post-37050","post","type-post","status-publish","format-standard","has-post-thumbnail","hentry","category-featured","category-societe","tag-acquereurs","tag-conflit-foncier","tag-site","tag-songon-ayewahi"],"_links":{"self":[{"href":"https:\/\/www.lintelligentdabidjan.info\/news\/wp-json\/wp\/v2\/posts\/37050","targetHints":{"allow":["GET"]}}],"collection":[{"href":"https:\/\/www.lintelligentdabidjan.info\/news\/wp-json\/wp\/v2\/posts"}],"about":[{"href":"https:\/\/www.lintelligentdabidjan.info\/news\/wp-json\/wp\/v2\/types\/post"}],"author":[{"embeddable":true,"href":"https:\/\/www.lintelligentdabidjan.info\/news\/wp-json\/wp\/v2\/users\/4"}],"replies":[{"embeddable":true,"href":"https:\/\/www.lintelligentdabidjan.info\/news\/wp-json\/wp\/v2\/comments?post=37050"}],"version-history":[{"count":1,"href":"https:\/\/www.lintelligentdabidjan.info\/news\/wp-json\/wp\/v2\/posts\/37050\/revisions"}],"predecessor-version":[{"id":37052,"href":"https:\/\/www.lintelligentdabidjan.info\/news\/wp-json\/wp\/v2\/posts\/37050\/revisions\/37052"}],"wp:featuredmedia":[{"embeddable":true,"href":"https:\/\/www.lintelligentdabidjan.info\/news\/wp-json\/wp\/v2\/media\/37051"}],"wp:attachment":[{"href":"https:\/\/www.lintelligentdabidjan.info\/news\/wp-json\/wp\/v2\/media?parent=37050"}],"wp:term":[{"taxonomy":"category","embeddable":true,"href":"https:\/\/www.lintelligentdabidjan.info\/news\/wp-json\/wp\/v2\/categories?post=37050"},{"taxonomy":"post_tag","embeddable":true,"href":"https:\/\/www.lintelligentdabidjan.info\/news\/wp-json\/wp\/v2\/tags?post=37050"}],"curies":[{"name":"wp","href":"https:\/\/api.w.org\/{rel}","templated":true}]}}