{"id":37056,"date":"2025-02-21T05:58:41","date_gmt":"2025-02-21T04:58:41","guid":{"rendered":"https:\/\/www.lintelligentdabidjan.info\/news\/?p=37056"},"modified":"2025-02-21T05:58:47","modified_gmt":"2025-02-21T04:58:47","slug":"election-presidentielle-2025-alpha-diallo-appelle-a-la-participation-de-la-jeunesse","status":"publish","type":"post","link":"https:\/\/www.lintelligentdabidjan.info\/news\/election-presidentielle-2025-alpha-diallo-appelle-a-la-participation-de-la-jeunesse\/","title":{"rendered":"\u00c9lection pr\u00e9sidentielle 2025-  Alpha Diallo appelle \u00e0 la participation de la jeunesse"},"content":{"rendered":"<p><em><strong>Dans un communiqu\u00e9 de presse dont nous avons re\u00e7u copie le jeudi 20 f\u00e9vrier 2025, Alpha Diallo, Pr\u00e9sident de l\u2019Alliance D\u00e9mocratique Africaine-C\u00f4te d\u2019Ivoire (Ada-Ci), a appel\u00e9 \u00e0 la participation \u00e9lectorale de la jeunesse ivoirienne \u00e0 la pr\u00e9sidentielle 2025 .<\/strong><\/em><\/p>\n<p>Dans ce communiqu\u00e9, Alpha Diallo Pr\u00e9sident de l\u2019Alliance D\u00e9mocratique Africaine-C\u00f4te d\u2019Ivoire (Ada-Ci), a affich\u00e9 son ambition de voir une participation massive de la jeunesse ivoirienne \u00e0 l\u2019\u00e9lection pr\u00e9sidentielle d&#8217;octobre 2025. Selon lui, 30 % des citoyens en \u00e2ge et en droit de voter ne sont toujours pas inscrits sur les listes \u00e9lectorales. Ainsi, en s\u2019appuyant sur les statistiques officielles de l\u2019Institut National de la Statistique, issues de l\u2019enqu\u00eate Gouvernance, Paix et S\u00e9curit\u00e9, Alpha Diallo a indiqu\u00e9 que lors de l\u2019\u00e9lection pr\u00e9sidentielle de 2015, seulement 33,7 % des jeunes \u00e2g\u00e9s de 18 \u00e0 34 ans ont vot\u00e9, contre 66,3 % des citoyens de plus de 35 ans. \u00ab Ce chiffre tombe \u00e0 20,3 % chez les moins de 25 ans ! Certes, ces donn\u00e9es datent de presque une d\u00e9cennie, mais chacun peut constater autour de lui, que ce d\u00e9sint\u00e9r\u00eat pour la politique parmi la jeunesse reste encore et toujours d\u2019actualit\u00e9 \u00bb, a-t-il fait l\u2019amer constat.<\/p>\n<p>Eu \u00e9gard \u00e0 ce d\u00e9sengagement de la jeunesse dans le jeu d\u00e9mocratique politique, Alpha Diallo a souhait\u00e9 que des r\u00e9flexions soient men\u00e9es sur les causes profondes de cette situation et trouver les moyens d\u2019y rem\u00e9dier. \u00ab Il ne s\u2019agit pas ici de chercher \u00e0 manipuler les jeunes \u00e9lecteurs en vue de maximiser les chances d\u2019un camp ou d\u2019un autre. Il s\u2019agit d\u2019une mission bien plus noble : redynamiser la d\u00e9mocratie ivoirienne. Il faut rallumer la flamme de l\u2019engagement politique au service du bien commun. Ce d\u00e9fi est ambitieux, mais incontournable si nous voulons garantir une v\u00e9ritable l\u00e9gitimit\u00e9 d\u00e9mocratique \u00e0 nos \u00e9lections. <\/p>\n<p>L\u2019avenir de notre pays repose en grande partie sur sa jeunesse, qui repr\u00e9sente 75,6 % de la population. Or, sans leur participation massive, notre d\u00e9mocratie ne pourra s\u2019\u00e9panouir pleinement. Les jeunes doivent comprendre que le pouvoir politique, ce pouvoir de fa\u00e7onner le destin de leur nation, r\u00e9side entre leurs mains, dans le simple geste de mettre un bulletin dans l\u2019urne\u00bb, a-t-il affirm\u00e9.<\/p>\n<p><strong>Un engagement de longue haleine <\/strong><\/p>\n<p>Par ailleurs, il a propos\u00e9 qu\u2019une vaste campagne d\u2019\u00e9ducation civique et de sensibilisation soit men\u00e9e pour informer, convaincre, motiver. \u00ab Nous avons moins de neuf mois avant le premier tour de la prochaine \u00e9lection pr\u00e9sidentielle. C\u2019est une \u00e9ch\u00e9ance d\u00e9terminante. Prenons-la comme une opportunit\u00e9 de mobiliser toutes les forces vives de notre pays autour d\u2019un objectif commun : une participation \u00e9lectorale sans pr\u00e9c\u00e9dent, et repr\u00e9sentative de la r\u00e9alit\u00e9 de notre soci\u00e9t\u00e9. Nous devons \u00e9galement moderniser et renforcer les m\u00e9canismes de participation politique \u00bb, a-t-il interpell\u00e9 tout en pr\u00e9cisant que l\u2019\u00e9lection pr\u00e9sidentielle de 2025 doit marquer un tournant, celui d\u2019un renouveau d\u00e9mocratique o\u00f9 la participation massive de la jeunesse sera le moteur de la transformation sociale et politique de la C\u00f4te d&#8217;Ivoire. \u00ab Cette g\u00e9n\u00e9ration, qui repr\u00e9sente plus des \u00be de notre pays, doit comprendre que son avenir d\u00e9pend de sa capacit\u00e9 \u00e0 faire entendre sa voix dans les urnes\u00bb,  a conclu Alpha Diallo.<\/p>\n<p><strong>Olivier Dion avec A. Traor\u00e9 (Sercom)<\/strong><\/p>\n","protected":false},"excerpt":{"rendered":"<p>Dans un communiqu\u00e9 de presse dont nous avons re\u00e7u copie le jeudi 20 f\u00e9vrier 2025, Alpha Diallo, Pr\u00e9sident de l\u2019Alliance D\u00e9mocratique Africaine-C\u00f4te d\u2019Ivoire (Ada-Ci), a appel\u00e9 \u00e0 la participation \u00e9lectorale de la jeunesse ivoirienne \u00e0 la pr\u00e9sidentielle 2025 . Dans ce communiqu\u00e9, Alpha Diallo Pr\u00e9sident de l\u2019Alliance D\u00e9mocratique Africaine-C\u00f4te d\u2019Ivoire (Ada-Ci), a affich\u00e9 son ambition [&hellip;]<\/p>\n","protected":false},"author":4,"featured_media":37057,"comment_status":"closed","ping_status":"closed","sticky":false,"template":"","format":"standard","meta":{"_monsterinsights_skip_tracking":false,"_monsterinsights_sitenote_active":false,"_monsterinsights_sitenote_note":"","_monsterinsights_sitenote_category":0,"footnotes":""},"categories":[2,17],"tags":[4666,4586,691,4667],"class_list":["post-37056","post","type-post","status-publish","format-standard","has-post-thumbnail","hentry","category-featured","category-politique","tag-alpha-diallo","tag-election-presidentielle-2025","tag-jeunesse","tag-participation"],"_links":{"self":[{"href":"https:\/\/www.lintelligentdabidjan.info\/news\/wp-json\/wp\/v2\/posts\/37056","targetHints":{"allow":["GET"]}}],"collection":[{"href":"https:\/\/www.lintelligentdabidjan.info\/news\/wp-json\/wp\/v2\/posts"}],"about":[{"href":"https:\/\/www.lintelligentdabidjan.info\/news\/wp-json\/wp\/v2\/types\/post"}],"author":[{"embeddable":true,"href":"https:\/\/www.lintelligentdabidjan.info\/news\/wp-json\/wp\/v2\/users\/4"}],"replies":[{"embeddable":true,"href":"https:\/\/www.lintelligentdabidjan.info\/news\/wp-json\/wp\/v2\/comments?post=37056"}],"version-history":[{"count":1,"href":"https:\/\/www.lintelligentdabidjan.info\/news\/wp-json\/wp\/v2\/posts\/37056\/revisions"}],"predecessor-version":[{"id":37058,"href":"https:\/\/www.lintelligentdabidjan.info\/news\/wp-json\/wp\/v2\/posts\/37056\/revisions\/37058"}],"wp:featuredmedia":[{"embeddable":true,"href":"https:\/\/www.lintelligentdabidjan.info\/news\/wp-json\/wp\/v2\/media\/37057"}],"wp:attachment":[{"href":"https:\/\/www.lintelligentdabidjan.info\/news\/wp-json\/wp\/v2\/media?parent=37056"}],"wp:term":[{"taxonomy":"category","embeddable":true,"href":"https:\/\/www.lintelligentdabidjan.info\/news\/wp-json\/wp\/v2\/categories?post=37056"},{"taxonomy":"post_tag","embeddable":true,"href":"https:\/\/www.lintelligentdabidjan.info\/news\/wp-json\/wp\/v2\/tags?post=37056"}],"curies":[{"name":"wp","href":"https:\/\/api.w.org\/{rel}","templated":true}]}}