{"id":37066,"date":"2025-02-21T19:30:25","date_gmt":"2025-02-21T18:30:25","guid":{"rendered":"https:\/\/www.lintelligentdabidjan.info\/news\/?p=37066"},"modified":"2025-02-21T19:31:53","modified_gmt":"2025-02-21T18:31:53","slug":"ceremonie-dhommage-du-woroba-au-president-ouattara-le-ministre-moussa-sanogo-situe-les-enjeux","status":"publish","type":"post","link":"https:\/\/www.lintelligentdabidjan.info\/news\/ceremonie-dhommage-du-woroba-au-president-ouattara-le-ministre-moussa-sanogo-situe-les-enjeux\/","title":{"rendered":"C\u00e9r\u00e9monie d&#8217;hommage du Woroba au Pr\u00e9sident Ouattara &#8211; Le ministre Moussa Sanogo situe les enjeux"},"content":{"rendered":"<p><em><strong>Le ministre Moussa Sanogo situe les enjeux de la c\u00e9r\u00e9monie d&#8217;hommage du Woroba au Pr\u00e9sident Ouattara . <\/strong><\/em><\/p>\n<p>Le district du Woroba, compos\u00e9 des r\u00e9gions du Worodougou, du Bafing et du B\u00e9r\u00e9, se pr\u00e9pare \u00e0 c\u00e9l\u00e9brer le Chef de l&#8217;\u00c9tat, le Pr\u00e9sident Alassane Ouattara, lors d&#8217;une grande c\u00e9r\u00e9monie d&#8217;hommage \u00e0 S\u00e9gu\u00e9la, le samedi 22 f\u00e9vrier 2025. Le ministre Moussa Sanogo, pr\u00e9sident du comit\u00e9 d&#8217;organisation, revient sur les raisons et les enjeux de cette c\u00e9r\u00e9monie d&#8217;hommage.<\/p>\n<p>L&#8217;organisation de cette c\u00e9r\u00e9monie s&#8217;inscrit dans une tradition de reconnaissance profond\u00e9ment ancr\u00e9e dans la culture du Woroba, selon Moussa Sanogo. &#8220;Chez nous, la reconnaissance est une vertu cardinale. Cela est tr\u00e8s ancr\u00e9 dans la culture et nous savons d\u2019o\u00f9 nous venons et o\u00f9 nous sommes aujourd\u2019hui&#8221;, explique-t-il. Il souligne que l\u2019hommage rendu au Pr\u00e9sident Ouattara vise \u00e0 reconna\u00eetre les avanc\u00e9es majeures dont a b\u00e9n\u00e9fici\u00e9 la r\u00e9gion, en particulier en mati\u00e8re d&#8217;infrastructures, d&#8217;\u00e9lectrification, d&#8217;\u00e9ducation et d&#8217;acc\u00e8s \u00e0 l&#8217;eau potable.<\/p>\n<p><strong>Une c\u00e9r\u00e9monie unique dans son genre<\/strong><\/p>\n<p>Bien que des c\u00e9r\u00e9monies similaires aient eu lieu dans d\u2019autres r\u00e9gions, celle-ci rev\u00eat une importance particuli\u00e8re. Le district du Woroba, avec ses trois grandes capitales r\u00e9gionales \u2013 S\u00e9gu\u00e9la, Touba et Mankono \u2013 n&#8217;a longtemps pas \u00e9t\u00e9 connect\u00e9, malgr\u00e9 des liens traditionnels et culturels forts entre ses populations. &#8220;Autrefois, il \u00e9tait difficile de circuler d\u2019une capitale \u00e0 l\u2019autre, surtout avec des routes non goudronn\u00e9es. Aujourd\u2019hui, Mankono est reli\u00e9e \u00e0 S\u00e9gu\u00e9la, et S\u00e9gu\u00e9la est en train de se connecter \u00e0 Touba. Ne serait-ce que pour cela, le Pr\u00e9sident m\u00e9rite un vibrant hommage&#8221;, affirme Moussa Sanogo.<\/p>\n<p><strong>Les acquis du d\u00e9veloppement<\/strong><\/p>\n<p>Les progr\u00e8s r\u00e9alis\u00e9s sous le leadership du Pr\u00e9sident Ouattara sont nombreux et tangibles, selon Moussa Sanogo. La construction de routes reliant les trois capitales r\u00e9gionales est l&#8217;un des grands acquis. L&#8217;\u00e9lectrification a fait des avanc\u00e9es consid\u00e9rables, avec d\u00e9sormais plus de villages desservis, et des coll\u00e8ges ont \u00e9t\u00e9 construits dans toute la r\u00e9gion. L\u2019acc\u00e8s \u00e0 l\u2019eau potable a \u00e9galement \u00e9t\u00e9 am\u00e9lior\u00e9 de mani\u00e8re significative, notamment \u00e0 Touba o\u00f9 la situation de l&#8217;eau \u00e9tait particuli\u00e8rement difficile pendant la saison s\u00e8che. &#8220;Aujourd\u2019hui, il y a tellement d\u2019eau que certains tuyaux c\u00e8dent \u00e0 la forte pression&#8221;, pr\u00e9cise-t-il.<\/p>\n<p><strong>Une organisation bien pens\u00e9e<\/strong><\/p>\n<p>La pr\u00e9paration de cette c\u00e9r\u00e9monie d&#8217;hommage de grande envergure est bien avanc\u00e9e. Moussa Sanogo assure que toutes les dispositions n\u00e9cessaires en mati\u00e8re de s\u00e9curit\u00e9, de logistique et de transports sont prises pour accueillir les nombreux invit\u00e9s attendus. &#8220;Nous avons l&#8217;habitude d&#8217;organiser de grands \u00e9v\u00e9nements, et tout est r\u00e9uni pour que ce soit une belle et grande f\u00eate&#8221;, ajoute-t-il.<\/p>\n<p><strong>L\u2019appel \u00e0 la population<\/strong><\/p>\n<p>Moussa Sanogo a lanc\u00e9 un appel \u00e0 toute la population du district pour qu\u2019elle participe massivement \u00e0 cette c\u00e9r\u00e9monie. &#8220;Nous sommes des hommes et des femmes reconnaissants. Venez t\u00e9moigner de ce que nous sommes et soutenir ceux qui continuent \u00e0 \u0153uvrer pour le bien-\u00eatre de notre r\u00e9gion&#8221;, invite-t-il. Le comit\u00e9 d\u2019organisation, compos\u00e9 de personnalit\u00e9s des diff\u00e9rentes r\u00e9gions, travaille activement pour assurer une mobilisation r\u00e9ussie.<\/p>\n<p><strong>Mamadou Ouattara avec Ly Abdul<\/strong><\/p>\n","protected":false},"excerpt":{"rendered":"<p>Le ministre Moussa Sanogo situe les enjeux de la c\u00e9r\u00e9monie d&#8217;hommage du Woroba au Pr\u00e9sident Ouattara . Le district du Woroba, compos\u00e9 des r\u00e9gions du Worodougou, du Bafing et du B\u00e9r\u00e9, se pr\u00e9pare \u00e0 c\u00e9l\u00e9brer le Chef de l&#8217;\u00c9tat, le Pr\u00e9sident Alassane Ouattara, lors d&#8217;une grande c\u00e9r\u00e9monie d&#8217;hommage \u00e0 S\u00e9gu\u00e9la, le samedi 22 f\u00e9vrier 2025. [&hellip;]<\/p>\n","protected":false},"author":4,"featured_media":37067,"comment_status":"closed","ping_status":"closed","sticky":false,"template":"","format":"standard","meta":{"_monsterinsights_skip_tracking":false,"_monsterinsights_sitenote_active":false,"_monsterinsights_sitenote_note":"","_monsterinsights_sitenote_category":0,"footnotes":""},"categories":[2,17],"tags":[4669,4668,2046,4670,2657],"class_list":["post-37066","post","type-post","status-publish","format-standard","has-post-thumbnail","hentry","category-featured","category-politique","tag-au-president-ouattara","tag-ceremonie-dhommage-du-woroba","tag-enjeux","tag-ministre-moussa-sanogo","tag-president-ouattara"],"_links":{"self":[{"href":"https:\/\/www.lintelligentdabidjan.info\/news\/wp-json\/wp\/v2\/posts\/37066","targetHints":{"allow":["GET"]}}],"collection":[{"href":"https:\/\/www.lintelligentdabidjan.info\/news\/wp-json\/wp\/v2\/posts"}],"about":[{"href":"https:\/\/www.lintelligentdabidjan.info\/news\/wp-json\/wp\/v2\/types\/post"}],"author":[{"embeddable":true,"href":"https:\/\/www.lintelligentdabidjan.info\/news\/wp-json\/wp\/v2\/users\/4"}],"replies":[{"embeddable":true,"href":"https:\/\/www.lintelligentdabidjan.info\/news\/wp-json\/wp\/v2\/comments?post=37066"}],"version-history":[{"count":2,"href":"https:\/\/www.lintelligentdabidjan.info\/news\/wp-json\/wp\/v2\/posts\/37066\/revisions"}],"predecessor-version":[{"id":37069,"href":"https:\/\/www.lintelligentdabidjan.info\/news\/wp-json\/wp\/v2\/posts\/37066\/revisions\/37069"}],"wp:featuredmedia":[{"embeddable":true,"href":"https:\/\/www.lintelligentdabidjan.info\/news\/wp-json\/wp\/v2\/media\/37067"}],"wp:attachment":[{"href":"https:\/\/www.lintelligentdabidjan.info\/news\/wp-json\/wp\/v2\/media?parent=37066"}],"wp:term":[{"taxonomy":"category","embeddable":true,"href":"https:\/\/www.lintelligentdabidjan.info\/news\/wp-json\/wp\/v2\/categories?post=37066"},{"taxonomy":"post_tag","embeddable":true,"href":"https:\/\/www.lintelligentdabidjan.info\/news\/wp-json\/wp\/v2\/tags?post=37066"}],"curies":[{"name":"wp","href":"https:\/\/api.w.org\/{rel}","templated":true}]}}