{"id":37070,"date":"2025-02-24T05:48:05","date_gmt":"2025-02-24T04:48:05","guid":{"rendered":"https:\/\/www.lintelligentdabidjan.info\/news\/?p=37070"},"modified":"2025-02-24T05:48:05","modified_gmt":"2025-02-24T04:48:05","slug":"culture-et-pratique-de-lhouphouetisme-ce-quaugustin-thiam-demande-aux-houphouetistes","status":"publish","type":"post","link":"https:\/\/www.lintelligentdabidjan.info\/news\/culture-et-pratique-de-lhouphouetisme-ce-quaugustin-thiam-demande-aux-houphouetistes\/","title":{"rendered":"Culture et pratique de l&#8217;houphou\u00ebtisme-   Ce qu&#8217;Augustin Thiam demande aux houphou\u00ebtistes"},"content":{"rendered":"<p><em><strong>Le ministre, gouverneur du district autonome de Yamoussoukro, chef de canton Akou\u00e9 et petit-neveu du pr\u00e9sident F\u00e9lix Houphou\u00ebt-Boigny, Augustin Thiam, a saisi l&#8217;occasion, le vendredi 21 f\u00e9vrier 2025, lors de la visite \u00e0 la r\u00e9sidence des Boigny (Palais de Yamoussoukro) d&#8217;Akinwumi Adesina, pr\u00e9sident du Groupe de la Banque africaine de d\u00e9veloppement, (Bas)accompagn\u00e9 d&#8217;une forte d\u00e9l\u00e9gation des membres du conseil d&#8217;administration de cette institution, pour lancer un vibrant appel aux houphou\u00ebtistes de tout bord.<\/strong><\/em><\/p>\n<p>Il les a exhort\u00e9s \u00e0 adopter les comportements et les discours pr\u00f4n\u00e9s par le pr\u00e9sident F\u00e9lix Houphou\u00ebt-Boigny : le dialogue, la paix, la non-violence, le rejet des injures et des attaques gratuites. Selon lui, tout conflit peut \u00eatre r\u00e9solu par la discussion et le dialogue.<\/p>\n<p>Revenant sur cette visite, le ministre-gouverneur a d\u00e9clar\u00e9 qu&#8217;il s&#8217;agissait d&#8217;un &#8220;hommage rendu \u00e0 la m\u00e9moire du pr\u00e9sident F\u00e9lix Houphou\u00ebt-Boigny.&#8221; Il a poursuivi : &#8220;J&#8217;en suis honor\u00e9 d&#8217;avoir \u00e9t\u00e9 choisi par eux pour \u00eatre leur guide, pour essayer de transmettre un peu du beaucoup que j&#8217;ai re\u00e7u du pr\u00e9sident F\u00e9lix Houphou\u00ebt-Boigny. Houphou\u00ebt-Boigny vit encore et toujours, m\u00eame 40 ans apr\u00e8s. Cela ne peut que nous r\u00e9jouir.&#8221;<\/p>\n<p><strong>Un projet de mus\u00e9e toujours en attente<\/strong><\/p>\n<p>Par ailleurs, Augustin Thiam est revenu sur le projet de transformation de la r\u00e9sidence du premier pr\u00e9sident de la C\u00f4te d&#8217;Ivoire moderne en un mus\u00e9e, \u00e0 l&#8217;image de certains palais en Europe. Il a rappel\u00e9 que cette initiative remontait \u00e0 l&#8217;\u00e9poque du pr\u00e9sident Laurent Gbagbo :<\/p>\n<p>&#8220;\u00c0 l&#8217;\u00e9poque, avec ma s\u0153ur Yamousso, nous avions constitu\u00e9 une \u00e9quipe et travaill\u00e9 sur ce projet. Sur le papier, tout \u00e9tait pr\u00eat. Mais je ne sais pourquoi la d\u00e9cision politique n&#8217;a jamais \u00e9t\u00e9 prise. En termes de propri\u00e9t\u00e9, les b\u00e2timents appartiennent \u00e0 l&#8217;\u00c9tat de C\u00f4te d&#8217;Ivoire. Nous, la famille Houphou\u00ebt-Boigny, ne pouvons qu&#8217;apporter notre aide \u00e0 l&#8217;\u00e9dification d&#8217;un tel mus\u00e9e. Ce n&#8217;est pas \u00e0 nous de d\u00e9cider, c&#8217;est une d\u00e9cision politique. Il appartient au chef de l&#8217;\u00c9tat de d\u00e9terminer quanjd il veut concr\u00e9tiser ce projet. De notre c\u00f4t\u00e9, nous sommes pr\u00eats \u00e0 collaborer et \u00e0 apporter notre exp\u00e9rience et notre savoir pour enrichir le patrimoine ivoirien sur la culture et la pratique de l\u2019houphou\u00ebtisme.&#8221;<\/p>\n<p>Il convient de souligner que les membres du Groupe de la BAD \u00e9taient r\u00e9unis dans la capitale politique ivoirienne pendant deux jours . Cette visite a eu lieu en marge de cette rencontre.<\/p>\n<p><strong>Harry Diallo, depuis Yamoussoukro<\/strong><\/p>\n","protected":false},"excerpt":{"rendered":"<p>Le ministre, gouverneur du district autonome de Yamoussoukro, chef de canton Akou\u00e9 et petit-neveu du pr\u00e9sident F\u00e9lix Houphou\u00ebt-Boigny, Augustin Thiam, a saisi l&#8217;occasion, le vendredi 21 f\u00e9vrier 2025, lors de la visite \u00e0 la r\u00e9sidence des Boigny (Palais de Yamoussoukro) d&#8217;Akinwumi Adesina, pr\u00e9sident du Groupe de la Banque africaine de d\u00e9veloppement, (Bas)accompagn\u00e9 d&#8217;une forte d\u00e9l\u00e9gation [&hellip;]<\/p>\n","protected":false},"author":4,"featured_media":37071,"comment_status":"closed","ping_status":"closed","sticky":false,"template":"","format":"standard","meta":{"_monsterinsights_skip_tracking":false,"_monsterinsights_sitenote_active":false,"_monsterinsights_sitenote_note":"","_monsterinsights_sitenote_category":0,"footnotes":""},"categories":[2,17,3],"tags":[97,510,4672,4671],"class_list":["post-37070","post","type-post","status-publish","format-standard","has-post-thumbnail","hentry","category-featured","category-politique","category-societe","tag-augustin-thiam","tag-culture","tag-houphouetistes","tag-pratique"],"_links":{"self":[{"href":"https:\/\/www.lintelligentdabidjan.info\/news\/wp-json\/wp\/v2\/posts\/37070","targetHints":{"allow":["GET"]}}],"collection":[{"href":"https:\/\/www.lintelligentdabidjan.info\/news\/wp-json\/wp\/v2\/posts"}],"about":[{"href":"https:\/\/www.lintelligentdabidjan.info\/news\/wp-json\/wp\/v2\/types\/post"}],"author":[{"embeddable":true,"href":"https:\/\/www.lintelligentdabidjan.info\/news\/wp-json\/wp\/v2\/users\/4"}],"replies":[{"embeddable":true,"href":"https:\/\/www.lintelligentdabidjan.info\/news\/wp-json\/wp\/v2\/comments?post=37070"}],"version-history":[{"count":1,"href":"https:\/\/www.lintelligentdabidjan.info\/news\/wp-json\/wp\/v2\/posts\/37070\/revisions"}],"predecessor-version":[{"id":37072,"href":"https:\/\/www.lintelligentdabidjan.info\/news\/wp-json\/wp\/v2\/posts\/37070\/revisions\/37072"}],"wp:featuredmedia":[{"embeddable":true,"href":"https:\/\/www.lintelligentdabidjan.info\/news\/wp-json\/wp\/v2\/media\/37071"}],"wp:attachment":[{"href":"https:\/\/www.lintelligentdabidjan.info\/news\/wp-json\/wp\/v2\/media?parent=37070"}],"wp:term":[{"taxonomy":"category","embeddable":true,"href":"https:\/\/www.lintelligentdabidjan.info\/news\/wp-json\/wp\/v2\/categories?post=37070"},{"taxonomy":"post_tag","embeddable":true,"href":"https:\/\/www.lintelligentdabidjan.info\/news\/wp-json\/wp\/v2\/tags?post=37070"}],"curies":[{"name":"wp","href":"https:\/\/api.w.org\/{rel}","templated":true}]}}