{"id":37085,"date":"2025-02-25T06:10:08","date_gmt":"2025-02-25T05:10:08","guid":{"rendered":"https:\/\/www.lintelligentdabidjan.info\/news\/?p=37085"},"modified":"2025-02-25T13:43:51","modified_gmt":"2025-02-25T12:43:51","slug":"presidentielle-2025-des-militants-pro-cote-divoire-prennent-leurs-cartes-dadhesion","status":"publish","type":"post","link":"https:\/\/www.lintelligentdabidjan.info\/news\/presidentielle-2025-des-militants-pro-cote-divoire-prennent-leurs-cartes-dadhesion\/","title":{"rendered":"Pr\u00e9sidentielle 2025-  Des militants Pro-C\u00f4te d\u2019Ivoire prennent leurs cartes d\u2019adh\u00e9sion"},"content":{"rendered":"<p><em><strong>Les militants et sympathisants du parti Pro-C\u00f4te d\u2019Ivoire se sont donn\u00e9s rendez-vous le samedi 22 f\u00e9vrier 2025 au stade de la BAE de Yopougon. \u00c0 l\u2019occasion du meeting d\u2019adh\u00e9sion \u00e0 ce parti, les militants et sympathisants ont manifest\u00e9 leur int\u00e9r\u00eat pour le programme du pr\u00e9sident Fi\u00e9ni Koffi Kevin.<\/strong><\/em><\/p>\n<p>Fi\u00e9ni Koffi Kevin a profit\u00e9 de l\u2019occasion pour inviter les jeunes \u00e0 rejoindre la lutte pour une C\u00f4te d\u2019Ivoire meilleure. Il les a incit\u00e9s au travail et \u00e0 ne pas laisser leur destin dans les mains des politiques. \u00ab Prenez votre destin en main. C\u2019est ainsi que nous pourrons ensemble construire cette R\u00e9publique f\u00e9d\u00e9rale de demain. Aujourd\u2019hui, certains vous diront pourquoi vous \u00eates venus rejoindre K\u00e9vin Fi\u00e9ni. Ce qu\u2019ils ne savent pas, c\u2019est que Pro-C\u00f4te d\u2019Ivoire n\u2019est pas que pour moi, il est pour vous tous ici pr\u00e9sents. Ce parti est n\u00e9 pour tous les Ivoiriens et Ivoiriennes \u00bb, a-t-il indiqu\u00e9.<\/p>\n<p>\u00catre Pro-C\u00f4te d\u2019Ivoire, c\u2019est adh\u00e9rer aux valeurs fondamentales du pays, \u00e0 savoir : servir la nation, se consacrer pleinement \u00e0 la cause sociale et \u0153uvrer ensemble pour le changement de tout ce qui nuit au bien-\u00eatre des populations ivoiriennes, a-t-il d\u00e9clar\u00e9.<\/p>\n<p>Il a \u00e9galement soulign\u00e9 que le nombre actuel de 255 d\u00e9put\u00e9s en C\u00f4te d\u2019Ivoire est excessif. Une fois aux affaires, il s\u2019engage \u00e0 r\u00e9duire ce nombre, permettant ainsi de r\u00e9affecter le budget \u00e9conomis\u00e9 \u00e0 la cr\u00e9ation d\u2019emplois.<\/p>\n<p>Par ailleurs, il a pr\u00e9sent\u00e9 plusieurs aspects de son programme, notamment l\u2019attribution de salaires aux femmes de m\u00e9nage et aux planteurs, ainsi que d\u2019autres mesures destin\u00e9es \u00e0 am\u00e9liorer les conditions de vie des citoyens.<\/p>\n<p>Venus de diff\u00e9rentes r\u00e9gions, les militants et sympathisants ont profit\u00e9 de cette rencontre pour \u00e9changer avec leur leader dans un v\u00e9ritable moment de dialogue et de partage.<\/p>\n<p><strong>Olivier Dion avec G\u00e9rard Batoua<\/strong><\/p>\n","protected":false},"excerpt":{"rendered":"<p>Les militants et sympathisants du parti Pro-C\u00f4te d\u2019Ivoire se sont donn\u00e9s rendez-vous le samedi 22 f\u00e9vrier 2025 au stade de la BAE de Yopougon. \u00c0 l\u2019occasion du meeting d\u2019adh\u00e9sion \u00e0 ce parti, les militants et sympathisants ont manifest\u00e9 leur int\u00e9r\u00eat pour le programme du pr\u00e9sident Fi\u00e9ni Koffi Kevin. Fi\u00e9ni Koffi Kevin a profit\u00e9 de l\u2019occasion [&hellip;]<\/p>\n","protected":false},"author":4,"featured_media":37095,"comment_status":"closed","ping_status":"closed","sticky":false,"template":"","format":"standard","meta":{"_monsterinsights_skip_tracking":false,"_monsterinsights_sitenote_active":false,"_monsterinsights_sitenote_note":"","_monsterinsights_sitenote_category":0,"footnotes":""},"categories":[2,17],"tags":[],"class_list":["post-37085","post","type-post","status-publish","format-standard","has-post-thumbnail","hentry","category-featured","category-politique"],"_links":{"self":[{"href":"https:\/\/www.lintelligentdabidjan.info\/news\/wp-json\/wp\/v2\/posts\/37085","targetHints":{"allow":["GET"]}}],"collection":[{"href":"https:\/\/www.lintelligentdabidjan.info\/news\/wp-json\/wp\/v2\/posts"}],"about":[{"href":"https:\/\/www.lintelligentdabidjan.info\/news\/wp-json\/wp\/v2\/types\/post"}],"author":[{"embeddable":true,"href":"https:\/\/www.lintelligentdabidjan.info\/news\/wp-json\/wp\/v2\/users\/4"}],"replies":[{"embeddable":true,"href":"https:\/\/www.lintelligentdabidjan.info\/news\/wp-json\/wp\/v2\/comments?post=37085"}],"version-history":[{"count":1,"href":"https:\/\/www.lintelligentdabidjan.info\/news\/wp-json\/wp\/v2\/posts\/37085\/revisions"}],"predecessor-version":[{"id":37086,"href":"https:\/\/www.lintelligentdabidjan.info\/news\/wp-json\/wp\/v2\/posts\/37085\/revisions\/37086"}],"wp:featuredmedia":[{"embeddable":true,"href":"https:\/\/www.lintelligentdabidjan.info\/news\/wp-json\/wp\/v2\/media\/37095"}],"wp:attachment":[{"href":"https:\/\/www.lintelligentdabidjan.info\/news\/wp-json\/wp\/v2\/media?parent=37085"}],"wp:term":[{"taxonomy":"category","embeddable":true,"href":"https:\/\/www.lintelligentdabidjan.info\/news\/wp-json\/wp\/v2\/categories?post=37085"},{"taxonomy":"post_tag","embeddable":true,"href":"https:\/\/www.lintelligentdabidjan.info\/news\/wp-json\/wp\/v2\/tags?post=37085"}],"curies":[{"name":"wp","href":"https:\/\/api.w.org\/{rel}","templated":true}]}}