{"id":37090,"date":"2025-02-25T06:17:15","date_gmt":"2025-02-25T05:17:15","guid":{"rendered":"https:\/\/www.lintelligentdabidjan.info\/news\/?p=37090"},"modified":"2025-02-25T06:17:15","modified_gmt":"2025-02-25T05:17:15","slug":"cote-divoire-reconfiguration-de-la-cooperation-militaire-avec-la-france","status":"publish","type":"post","link":"https:\/\/www.lintelligentdabidjan.info\/news\/cote-divoire-reconfiguration-de-la-cooperation-militaire-avec-la-france\/","title":{"rendered":"C\u00f4te d\u2019Ivoire : reconfiguration de la coop\u00e9ration militaire avec la France"},"content":{"rendered":"<p><em><strong>Le jeudi 20 f\u00e9vrier 2025, la base militaire fran\u00e7aise de Port-Bou\u00ebt a \u00e9t\u00e9 r\u00e9troc\u00e9d\u00e9e \u00e0 la C\u00f4te d\u2019Ivoire. Cette cession marque le d\u00e9but de la reconfiguration de la coop\u00e9ration militaire entre Abidjan et Paris.<\/strong><\/em><\/p>\n<p>La r\u00e9trocession avait \u00e9t\u00e9 annonc\u00e9e par le pr\u00e9sident ivoirien Alassane Ouattara, lors de son allocution du 31 d\u00e9cembre 2024 : \u00ab le camp du 43\u00e8me BIMA, le bataillon d&#8217;infanterie de marine de Port-Bouet, sera r\u00e9troc\u00e9d\u00e9 aux forces arm\u00e9es de C\u00f4te d&#8217;Ivoire d\u00e8s ce mois de janvier 2025 \u00bb. Cette cession marque une \u00e9tape significative dans l&#8217;affirmation de la souverainet\u00e9 nationale ivoirienne et intervient dans le cadre de la politique de r\u00e9am\u00e9nagement du dispositif militaire fran\u00e7ais en Afrique. S\u00e9bastien Lecornu, ministre fran\u00e7ais des Arm\u00e9es, \u00e0 affirm\u00e9 que \u00ab le monde change, il \u00e9volue vite. Il \u00e9tait \u00e9vident que notre relation de d\u00e9fense devait, elle aussi, \u00e9voluer \u00bb. Depuis 2022, les d\u00e9l\u00e9gations fran\u00e7aises et ivoiriennes se sont rencontr\u00e9es \u00e0 plusieurs reprises pour \u00e9laborer une nouvelle coop\u00e9ration militaire bilat\u00e9rale.<\/p>\n<p><strong>Une coop\u00e9ration militaire renouvel\u00e9e<\/strong><\/p>\n<p>Lors de la c\u00e9r\u00e9monie, le ministre ivoirien de la D\u00e9fense a d\u00e9clar\u00e9 que \u00ab cet acte marque une nouvelle \u00e9tape dans les relations d\u2019amiti\u00e9 et de coop\u00e9ration strat\u00e9gique entre nos deux nations [\u2026] notre coop\u00e9ration militaire demeurera aussi meilleure qu\u2019elle a toujours \u00e9t\u00e9 \u00bb. La coop\u00e9ration militaire franco-ivoirienne ne dispara\u00eet pas, elle se reconfigure. 80 des 1000 soldats fran\u00e7ais stationn\u00e9s sur cette la base vont y demeurer afin de mener des missions de formation et d\u2019accompagnement aupr\u00e8s des soldats ivoiriens. Notamment des formations dans le domaine du renseignement.<\/p>\n<p>La France a toujours \u00e9t\u00e9 un partenaire militaire majeur de la C\u00f4te d\u2019Ivoire. Cr\u00e9\u00e9 en 1978, la base de Port-Bou\u00ebt a servi de point d\u2019appui pour les forces fran\u00e7aises en Afrique, notamment dans le cadre des op\u00e9rations de maintien de la paix et de lutte contre le terrorisme dans la r\u00e9gion du Sahel. Arthur Banga, chercheur sp\u00e9cialiste des questions de d\u00e9fense \u00e0 l&#8217;universit\u00e9 F\u00e9lix-Houphou\u00ebt-Boigny d&#8217;Abidjan, consid\u00e8re que \u00ab le bilan de la coop\u00e9ration militaire franco-ivoirienne est largement positif \u00bb. Elle \u00ab a permis \u00e0 la C\u00f4te d&#8217;Ivoire de mettre en place son arm\u00e9e et d&#8217;\u00eatre performante \u00bb. L\u2019arm\u00e9e ivoirienne est d\u00e9sormais pr\u00eate \u00e0 agir en autonomie avec l\u2019appui des formations dispens\u00e9es par les soldats fran\u00e7ais.  <\/p>\n<p>Point culminant de la c\u00e9r\u00e9monie de r\u00e9trocession, le d\u00e9voilement de la nouvelle entr\u00e9e de la base rebaptis\u00e9e \u00ab G\u00e9n\u00e9ral Ouattara Thomas d\u2019Aquin \u00bb, en l\u2019honneur du premier chef d\u2019\u00c9tat-major de l\u2019arm\u00e9e ivoirienne. La garde fran\u00e7aise a \u00e9t\u00e9 relev\u00e9e par une garde ivoirienne et le drapeau bleu, blanc et rouge a laiss\u00e9 place au drapeau orange, blanc et vert.<\/p>\n<p>Cette r\u00e9trocession symbolise un tournant dans les relations de d\u00e9fense entre la C\u00f4te d&#8217;Ivoire et la France. Tout en affirmant sa souverainet\u00e9, Abidjan maintient une coop\u00e9ration militaire strat\u00e9gique avec Paris, ax\u00e9e sur la formation et le soutien. Cette \u00e9volution s&#8217;inscrit dans une dynamique plus large de red\u00e9finition des partenariats militaires en Afrique, o\u00f9 les \u00c9tats cherchent \u00e0 renforcer leur autonomie tout en pr\u00e9servant des collaborations essentielles. Elle marque \u00e9galement l&#8217;adaptation de la pr\u00e9sence fran\u00e7aise aux nouvelles r\u00e9alit\u00e9s g\u00e9opolitiques.<\/p>\n<p><strong>Constantine<\/strong><\/p>\n","protected":false},"excerpt":{"rendered":"<p>Le jeudi 20 f\u00e9vrier 2025, la base militaire fran\u00e7aise de Port-Bou\u00ebt a \u00e9t\u00e9 r\u00e9troc\u00e9d\u00e9e \u00e0 la C\u00f4te d\u2019Ivoire. Cette cession marque le d\u00e9but de la reconfiguration de la coop\u00e9ration militaire entre Abidjan et Paris. La r\u00e9trocession avait \u00e9t\u00e9 annonc\u00e9e par le pr\u00e9sident ivoirien Alassane Ouattara, lors de son allocution du 31 d\u00e9cembre 2024 : \u00ab [&hellip;]<\/p>\n","protected":false},"author":4,"featured_media":37091,"comment_status":"closed","ping_status":"closed","sticky":false,"template":"","format":"standard","meta":{"_monsterinsights_skip_tracking":false,"_monsterinsights_sitenote_active":false,"_monsterinsights_sitenote_note":"","_monsterinsights_sitenote_category":0,"footnotes":""},"categories":[2,17],"tags":[],"class_list":["post-37090","post","type-post","status-publish","format-standard","has-post-thumbnail","hentry","category-featured","category-politique"],"_links":{"self":[{"href":"https:\/\/www.lintelligentdabidjan.info\/news\/wp-json\/wp\/v2\/posts\/37090","targetHints":{"allow":["GET"]}}],"collection":[{"href":"https:\/\/www.lintelligentdabidjan.info\/news\/wp-json\/wp\/v2\/posts"}],"about":[{"href":"https:\/\/www.lintelligentdabidjan.info\/news\/wp-json\/wp\/v2\/types\/post"}],"author":[{"embeddable":true,"href":"https:\/\/www.lintelligentdabidjan.info\/news\/wp-json\/wp\/v2\/users\/4"}],"replies":[{"embeddable":true,"href":"https:\/\/www.lintelligentdabidjan.info\/news\/wp-json\/wp\/v2\/comments?post=37090"}],"version-history":[{"count":1,"href":"https:\/\/www.lintelligentdabidjan.info\/news\/wp-json\/wp\/v2\/posts\/37090\/revisions"}],"predecessor-version":[{"id":37092,"href":"https:\/\/www.lintelligentdabidjan.info\/news\/wp-json\/wp\/v2\/posts\/37090\/revisions\/37092"}],"wp:featuredmedia":[{"embeddable":true,"href":"https:\/\/www.lintelligentdabidjan.info\/news\/wp-json\/wp\/v2\/media\/37091"}],"wp:attachment":[{"href":"https:\/\/www.lintelligentdabidjan.info\/news\/wp-json\/wp\/v2\/media?parent=37090"}],"wp:term":[{"taxonomy":"category","embeddable":true,"href":"https:\/\/www.lintelligentdabidjan.info\/news\/wp-json\/wp\/v2\/categories?post=37090"},{"taxonomy":"post_tag","embeddable":true,"href":"https:\/\/www.lintelligentdabidjan.info\/news\/wp-json\/wp\/v2\/tags?post=37090"}],"curies":[{"name":"wp","href":"https:\/\/api.w.org\/{rel}","templated":true}]}}