{"id":37096,"date":"2025-02-26T05:28:05","date_gmt":"2025-02-26T04:28:05","guid":{"rendered":"https:\/\/www.lintelligentdabidjan.info\/news\/?p=37096"},"modified":"2025-02-26T05:28:13","modified_gmt":"2025-02-26T04:28:13","slug":"presidentielle-apaisee-en-2025-dosso-vazoumana-annonce-lorganisation-dune-caravane-de-paix","status":"publish","type":"post","link":"https:\/\/www.lintelligentdabidjan.info\/news\/presidentielle-apaisee-en-2025-dosso-vazoumana-annonce-lorganisation-dune-caravane-de-paix\/","title":{"rendered":"Pr\u00e9sidentielle  apais\u00e9e en 2025-  Dosso Vazoumana annonce l&#8217;organisation d\u2019une caravane de paix"},"content":{"rendered":"<p>Selon une note qui nous a \u00e9t\u00e9 transmise, Dosso Vazoumana, pr\u00e9sident de la Coalition pour l&#8217;Excellence et la Consolidation de la Paix (CECP), a annonc\u00e9 une vaste caravane de paix qui parcourra toutes les villes de la C\u00f4te d\u2019Ivoire . L&#8217;information a \u00e9t\u00e9 donn\u00e9e \u00e0 l&#8217;issue d&#8217;une conf\u00e9rence de presse qu&#8217;il a tenue dans les locaux du Conseil National des Jeunes de C\u00f4te d&#8217;Ivoire (CNJCI) , le samedi 22 f\u00e9vrier 2025 \u00e0 Cocody.<\/p>\n<p>\u00ab \u00c0 quelques mois d\u2019une \u00e9lection pr\u00e9sidentielle importante, il est de notre devoir d\u2019apporter notre contribution \u00e0 la conjugaison des diff\u00e9rents efforts pour \u00e9viter les erreurs du pass\u00e9. C\u2019est pourquoi nous, la Coalition pour l\u2019Excellence et la Consolidation de la Paix (CECP), avons d\u00e9cid\u00e9 d\u2019\u0153uvrer pour promouvoir la paix, qui fut autrefois le v\u00e9ritable socle du d\u00e9veloppement de notre pays. Nous voulons \u00e9pargner \u00e0 nos jeunes fr\u00e8res et aux g\u00e9n\u00e9rations futures les souffrances de la guerre et les ravages de la division \u00bb, a d\u00e9clar\u00e9 Dosso Vazoumana lors de ses propos liminaires. \u00c0 la question de savoir comment la structure entend consolider la paix pendant et apr\u00e8s les \u00e9lections, le pr\u00e9sident du CECP a r\u00e9pondu ceci : \u00ab Il faut dire que nous avons l\u2019intention d\u2019organiser des caravanes, c&#8217;est-\u00e0-dire des caravanes de paix sur le territoire national. Ce sont d\u2019abord des actions que nous allons mener \u00e0 travers des caravanes de sensibilisation afin d&#8217;arriver \u00e0 des \u00e9lections sans violence. \u00bb Le pr\u00e9sident Dosso Vazoumana s\u2019est engag\u00e9 \u00e0 faire de la promotion des valeurs la bataille phare de la coalition.  Faut-il noter,  cette c\u00e9r\u00e9monie a enregistr\u00e9 la participation Lamine Sidib\u00e9 ,vice-pr\u00e9sident du Cnjci et de Abdoul Souleymane, pr\u00e9sident des jeunes du Rhdp d&#8217;Att\u00e9coub\u00e9. <\/p>\n<p> <strong>Moustapha Ismaila<\/strong><\/p>\n","protected":false},"excerpt":{"rendered":"<p>Selon une note qui nous a \u00e9t\u00e9 transmise, Dosso Vazoumana, pr\u00e9sident de la Coalition pour l&#8217;Excellence et la Consolidation de la Paix (CECP), a annonc\u00e9 une vaste caravane de paix qui parcourra toutes les villes de la C\u00f4te d\u2019Ivoire . L&#8217;information a \u00e9t\u00e9 donn\u00e9e \u00e0 l&#8217;issue d&#8217;une conf\u00e9rence de presse qu&#8217;il a tenue dans les [&hellip;]<\/p>\n","protected":false},"author":4,"featured_media":37097,"comment_status":"closed","ping_status":"closed","sticky":false,"template":"","format":"standard","meta":{"_monsterinsights_skip_tracking":false,"_monsterinsights_sitenote_active":false,"_monsterinsights_sitenote_note":"","_monsterinsights_sitenote_category":0,"footnotes":""},"categories":[2,17],"tags":[4684,4682,4683,4599],"class_list":["post-37096","post","type-post","status-publish","format-standard","has-post-thumbnail","hentry","category-featured","category-politique","tag-caravane-de-paix","tag-dosso-vazoumana","tag-organisation","tag-presidentielle"],"_links":{"self":[{"href":"https:\/\/www.lintelligentdabidjan.info\/news\/wp-json\/wp\/v2\/posts\/37096","targetHints":{"allow":["GET"]}}],"collection":[{"href":"https:\/\/www.lintelligentdabidjan.info\/news\/wp-json\/wp\/v2\/posts"}],"about":[{"href":"https:\/\/www.lintelligentdabidjan.info\/news\/wp-json\/wp\/v2\/types\/post"}],"author":[{"embeddable":true,"href":"https:\/\/www.lintelligentdabidjan.info\/news\/wp-json\/wp\/v2\/users\/4"}],"replies":[{"embeddable":true,"href":"https:\/\/www.lintelligentdabidjan.info\/news\/wp-json\/wp\/v2\/comments?post=37096"}],"version-history":[{"count":1,"href":"https:\/\/www.lintelligentdabidjan.info\/news\/wp-json\/wp\/v2\/posts\/37096\/revisions"}],"predecessor-version":[{"id":37098,"href":"https:\/\/www.lintelligentdabidjan.info\/news\/wp-json\/wp\/v2\/posts\/37096\/revisions\/37098"}],"wp:featuredmedia":[{"embeddable":true,"href":"https:\/\/www.lintelligentdabidjan.info\/news\/wp-json\/wp\/v2\/media\/37097"}],"wp:attachment":[{"href":"https:\/\/www.lintelligentdabidjan.info\/news\/wp-json\/wp\/v2\/media?parent=37096"}],"wp:term":[{"taxonomy":"category","embeddable":true,"href":"https:\/\/www.lintelligentdabidjan.info\/news\/wp-json\/wp\/v2\/categories?post=37096"},{"taxonomy":"post_tag","embeddable":true,"href":"https:\/\/www.lintelligentdabidjan.info\/news\/wp-json\/wp\/v2\/tags?post=37096"}],"curies":[{"name":"wp","href":"https:\/\/api.w.org\/{rel}","templated":true}]}}