{"id":37099,"date":"2025-02-26T05:31:48","date_gmt":"2025-02-26T04:31:48","guid":{"rendered":"https:\/\/www.lintelligentdabidjan.info\/news\/?p=37099"},"modified":"2025-02-26T05:31:56","modified_gmt":"2025-02-26T04:31:56","slug":"enseignement-technique-et-formation-professionnelle-le-ministere-prepare-une-operation-devaluation-et-de-notation-des-etablissements-prives","status":"publish","type":"post","link":"https:\/\/www.lintelligentdabidjan.info\/news\/enseignement-technique-et-formation-professionnelle-le-ministere-prepare-une-operation-devaluation-et-de-notation-des-etablissements-prives\/","title":{"rendered":"Enseignement technique et formation professionnelle :  Le minist\u00e8re pr\u00e9pare une op\u00e9ration d\u2019\u00e9valuation et de notation des \u00e9tablissements priv\u00e9s"},"content":{"rendered":"<p><em><strong>Le minist\u00e8re de l\u2019Enseignement technique, de la formation professionnelle et de l\u2019apprentissage pr\u00e9pare une op\u00e9ration d\u2019\u00e9valuation et de notation des \u00e9tablissements priv\u00e9s.<\/strong><\/em><\/p>\n<p>Selon une information re\u00e7ue, le minist\u00e8re de l\u2019Enseignement technique, de la formation professionnelle et de l\u2019apprentissage diligentera bient\u00f4t des missions dans les \u00e9tablissements priv\u00e9s pour \u00e9valuer la qualit\u00e9 de leurs enseignements et leurs conditions de travail, afin d\u2019\u00e9tablir un classement. La Direction de l\u2019encadrement des \u00e9tablissements priv\u00e9s (DEEP) a ouvert, \u00e0 cet effet, \u00e0 Grand-Bassam, le lundi 24 f\u00e9vrier 2025, un atelier de quatre jours destin\u00e9 \u00e0 d\u00e9finir les crit\u00e8res d\u2019\u00e9valuation des \u00e9tablissements priv\u00e9s et leurs notations. Cet atelier a pour objectif de d\u00e9finir les outils et modalit\u00e9s d\u2019\u00e9valuation, ainsi que d\u2019organiser la logistique des missions dans les \u00e9tablissements sur l\u2019ensemble du territoire.<\/p>\n<p>\u00ab L\u2019enseignement technique et la formation professionnelle occupent une place essentielle dans le d\u00e9veloppement socio-\u00e9conomique de notre pays. Les \u00e9tablissements priv\u00e9s repr\u00e9sentent 90 % de notre dispositif. Leur \u00e9valuation devrait les amener \u00e0 redoubler d\u2019efforts dans leur volont\u00e9 manifeste de s\u2019am\u00e9liorer et \u00e0 cr\u00e9er une concurrence saine qui profitera non seulement aux citoyens, mais \u00e9galement au rayonnement de leurs structures de formation. Cet atelier repr\u00e9sente donc une opportunit\u00e9 pour poser des bases solides \u00e0 ce processus ambitieux \u00bb, a d\u00e9clar\u00e9 Huguette Kouam\u00e9, la Directrice de l\u2019encadrement des \u00e9tablissements priv\u00e9s.<\/p>\n<p>Participent \u00e9galement \u00e0 l\u2019atelier des fondateurs d\u2019\u00e9tablissements ainsi que des Directeurs r\u00e9gionaux du minist\u00e8re. L\u2019Inspecteur g\u00e9n\u00e9ral Alain Yavo Att\u00e9, Coordonnateur charg\u00e9 de la qualit\u00e9, repr\u00e9sentait le ministre de l\u2019Enseignement technique, de la formation professionnelle et de l\u2019apprentissage, Koffi N\u2019Guessam. \u00ab Cette mission a pour objectif d&#8217;instaurer des standards de qualit\u00e9 transparents et rigoureux afin d&#8217;am\u00e9liorer la formation et de r\u00e9pondre aux besoins du march\u00e9 du travail. L&#8217;atelier que nous lan\u00e7ons aujourd&#8217;hui est une \u00e9tape cl\u00e9 dans la mise en \u0153uvre de cette mission. (\u2026) Le fruit de vos r\u00e9flexions contribuera ainsi \u00e0 renforcer la cr\u00e9dibilit\u00e9 et l&#8217;efficacit\u00e9 de notre dispositif de formation \u00bb, a d\u00e9clar\u00e9 le Coordonnateur charg\u00e9 de la qualit\u00e9.<\/p>\n<p>Selon lui, le minist\u00e8re vise, \u00e0 travers cette op\u00e9ration, le succ\u00e8s de ses deux programmes : l\u2019Acad\u00e9mie des talents (ACT), qui vise \u00e0 former une main-d&#8217;\u0153uvre de qualit\u00e9 pour les entreprises, et l\u2019\u00c9cole de la seconde chance (A2C), qui assure la formation des jeunes sans dipl\u00f4mes et sans emploi.<\/p>\n<p><strong>Jean-Hubert Koffo<\/strong><\/p>\n","protected":false},"excerpt":{"rendered":"<p>Le minist\u00e8re de l\u2019Enseignement technique, de la formation professionnelle et de l\u2019apprentissage pr\u00e9pare une op\u00e9ration d\u2019\u00e9valuation et de notation des \u00e9tablissements priv\u00e9s. Selon une information re\u00e7ue, le minist\u00e8re de l\u2019Enseignement technique, de la formation professionnelle et de l\u2019apprentissage diligentera bient\u00f4t des missions dans les \u00e9tablissements priv\u00e9s pour \u00e9valuer la qualit\u00e9 de leurs enseignements et leurs [&hellip;]<\/p>\n","protected":false},"author":4,"featured_media":37100,"comment_status":"closed","ping_status":"closed","sticky":false,"template":"","format":"standard","meta":{"_monsterinsights_skip_tracking":false,"_monsterinsights_sitenote_active":false,"_monsterinsights_sitenote_note":"","_monsterinsights_sitenote_category":0,"footnotes":""},"categories":[2,3],"tags":[461,4687,4685,3161,2599,4686,2844],"class_list":["post-37099","post","type-post","status-publish","format-standard","has-post-thumbnail","hentry","category-featured","category-societe","tag-enseignement-technique","tag-etablissements-prives","tag-evaluation","tag-formation-professionnelle","tag-ministere","tag-notation","tag-operation"],"_links":{"self":[{"href":"https:\/\/www.lintelligentdabidjan.info\/news\/wp-json\/wp\/v2\/posts\/37099","targetHints":{"allow":["GET"]}}],"collection":[{"href":"https:\/\/www.lintelligentdabidjan.info\/news\/wp-json\/wp\/v2\/posts"}],"about":[{"href":"https:\/\/www.lintelligentdabidjan.info\/news\/wp-json\/wp\/v2\/types\/post"}],"author":[{"embeddable":true,"href":"https:\/\/www.lintelligentdabidjan.info\/news\/wp-json\/wp\/v2\/users\/4"}],"replies":[{"embeddable":true,"href":"https:\/\/www.lintelligentdabidjan.info\/news\/wp-json\/wp\/v2\/comments?post=37099"}],"version-history":[{"count":1,"href":"https:\/\/www.lintelligentdabidjan.info\/news\/wp-json\/wp\/v2\/posts\/37099\/revisions"}],"predecessor-version":[{"id":37101,"href":"https:\/\/www.lintelligentdabidjan.info\/news\/wp-json\/wp\/v2\/posts\/37099\/revisions\/37101"}],"wp:featuredmedia":[{"embeddable":true,"href":"https:\/\/www.lintelligentdabidjan.info\/news\/wp-json\/wp\/v2\/media\/37100"}],"wp:attachment":[{"href":"https:\/\/www.lintelligentdabidjan.info\/news\/wp-json\/wp\/v2\/media?parent=37099"}],"wp:term":[{"taxonomy":"category","embeddable":true,"href":"https:\/\/www.lintelligentdabidjan.info\/news\/wp-json\/wp\/v2\/categories?post=37099"},{"taxonomy":"post_tag","embeddable":true,"href":"https:\/\/www.lintelligentdabidjan.info\/news\/wp-json\/wp\/v2\/tags?post=37099"}],"curies":[{"name":"wp","href":"https:\/\/api.w.org\/{rel}","templated":true}]}}