{"id":37102,"date":"2025-02-26T05:36:28","date_gmt":"2025-02-26T04:36:28","guid":{"rendered":"https:\/\/www.lintelligentdabidjan.info\/news\/?p=37102"},"modified":"2025-02-26T05:37:02","modified_gmt":"2025-02-26T04:37:02","slug":"caravane-du-forum-des-houphouetistes-felix-anoble-appelle-a-se-rassembler-autour-de-la-candidature-de-ouattara","status":"publish","type":"post","link":"https:\/\/www.lintelligentdabidjan.info\/news\/caravane-du-forum-des-houphouetistes-felix-anoble-appelle-a-se-rassembler-autour-de-la-candidature-de-ouattara\/","title":{"rendered":"Caravane du Forum des Houphou\u00ebtistes-   F\u00e9lix Anobl\u00e9 appelle \u00e0 se rassembler autour de la candidature de Ouattara"},"content":{"rendered":"<p><em><strong>L\u2019ambiance \u00e9tait \u00e0 la c\u00e9l\u00e9bration, \u00e0 l\u2019unit\u00e9 et au rassemblement ce samedi 22 f\u00e9vrier 2025 au stade Laurent Pokou de San Pedro, lors du lancement de la caravane du Forum des Houphou\u00ebtistes. Un \u00e9v\u00e9nement au cours duquel F\u00e9lix Anobl\u00e9, pr\u00e9sident dudit forum, a appel\u00e9 la population de la ville portuaire \u00e0 soutenir la candidature du pr\u00e9sident Alassane Ouattara pour l\u2019\u00e9lection pr\u00e9sidentielle de 2025.<\/strong><\/em><\/p>\n<p>\u00c0 l\u2019ouverture de cette c\u00e9r\u00e9monie, F\u00e9lix Anobl\u00e9 a mis en avant les r\u00e9alisations du gouvernement d\u2019Alassane Ouattara, notamment dans les domaines de l\u2019\u00e9conomie, des infrastructures, de l\u2019\u00e9ducation et de la sant\u00e9. Il a \u00e9galement \u00e9voqu\u00e9 le symbole fort de la continuit\u00e9 et de la transformation souhait\u00e9es pour le pays en  appelant \u00e0 un engagement sans faille de tous les Ivoiriens.  \u00ab Chers fr\u00e8res et s\u0153urs, Au-del\u00e0 de notre engagement pour la candidature du Pr\u00e9sident Alassane Ouattara, je lance un appel solennel aux cadres et \u00e9lus de la r\u00e9gion de San Pedro. Seule l\u2019unit\u00e9 peut nous rendre plus forts face \u00e0 nos v\u00e9ritables adversaires : ceux qui s\u2019opposent \u00e0 la vision de paix et de progr\u00e8s incarn\u00e9e par notre parti \u00bb a-t-il dit . Poursuivant  le pr\u00e9sident du forum des Houphou\u00ebtistes a lanc\u00e9 un appel solennel au pr\u00e9sident Alassane Ouattara. Il a exhort\u00e9 ce dernier \u00e0 accepter, pour l\u2019int\u00e9r\u00eat sup\u00e9rieur de la nation, de poursuivre l\u2019\u0153uvre de transformation qu\u2019il a initi\u00e9e en s\u2019inspirant du sacrifice de la Reine Abla Pokou pour son peuple : \u00ab Nous lui demandons de faire don de sa personne pour assurer l\u2019avenir de notre nation et \u00e9viter toute incertitude \u00bb a-t-il  fait entendre. Traor\u00e9 Bamoudien, pr\u00e9sident du Groupe parlementaire Rhdp , repr\u00e9sentant le ministre d\u2019\u00c9tat T\u00e9n\u00e9 Birahima parrain de ladite  c\u00e9r\u00e9monie , a pour sa part rendu  hommage   au Pr\u00e9sident Ouattara, le pr\u00e9sentant comme un mod\u00e8le de leadership et de d\u00e9termination. \u00abLe pays est d\u00e9sormais un mod\u00e8le de stabilit\u00e9 macro\u00e9conomique, et son \u00e9conomie est parmi les plus dynamiques du continent. Nous sommes pass\u00e9s de 7% \u00e0 8% de croissance annuelle ces derni\u00e8res ann\u00e9es, un exploit dans le contexte \u00e9conomique mondial difficile \u00bb, a-t-il  salu\u00e9. Et d\u2019ajouter :\u00ab  Autant que nous sommes, fiers Ivoiriens, nous avons un r\u00f4le \u00e0 jouer dans la marche de la nation, chacun \u00e0 son niveau, pour pr\u00f4ner les valeurs du vivre ensemble dans le respect de nos institutions pour pr\u00e9server nos acquis et garantir l\u2019\u00e9mergence de notre beau pays \u00bb.<\/p>\n<p>Au-del\u00e0 de cet \u00e9v\u00e9nement, le Forum des Houphou\u00ebtistes a annonc\u00e9 que la caravane parcourra les prochaines semaines l&#8217;ensemble du pays, afin de renforcer le soutien \u00e0 Alassane Ouattara. Cela t\u00e9moigne de la d\u00e9termination des militants \u00e0 concr\u00e9tiser leur engagement \u00e0 travers des actions sur le terrain.<\/p>\n<p><strong>Moustapha Ismaila<\/strong><\/p>\n","protected":false},"excerpt":{"rendered":"<p>L\u2019ambiance \u00e9tait \u00e0 la c\u00e9l\u00e9bration, \u00e0 l\u2019unit\u00e9 et au rassemblement ce samedi 22 f\u00e9vrier 2025 au stade Laurent Pokou de San Pedro, lors du lancement de la caravane du Forum des Houphou\u00ebtistes. Un \u00e9v\u00e9nement au cours duquel F\u00e9lix Anobl\u00e9, pr\u00e9sident dudit forum, a appel\u00e9 la population de la ville portuaire \u00e0 soutenir la candidature du [&hellip;]<\/p>\n","protected":false},"author":4,"featured_media":37103,"comment_status":"closed","ping_status":"closed","sticky":false,"template":"","format":"standard","meta":{"_monsterinsights_skip_tracking":false,"_monsterinsights_sitenote_active":false,"_monsterinsights_sitenote_note":"","_monsterinsights_sitenote_category":0,"footnotes":""},"categories":[2,17],"tags":[2941,4688,1258],"class_list":["post-37102","post","type-post","status-publish","format-standard","has-post-thumbnail","hentry","category-featured","category-politique","tag-candidature-de-ouattara","tag-caravane-du-forum-des-houphouetistes","tag-felix-anoble"],"_links":{"self":[{"href":"https:\/\/www.lintelligentdabidjan.info\/news\/wp-json\/wp\/v2\/posts\/37102","targetHints":{"allow":["GET"]}}],"collection":[{"href":"https:\/\/www.lintelligentdabidjan.info\/news\/wp-json\/wp\/v2\/posts"}],"about":[{"href":"https:\/\/www.lintelligentdabidjan.info\/news\/wp-json\/wp\/v2\/types\/post"}],"author":[{"embeddable":true,"href":"https:\/\/www.lintelligentdabidjan.info\/news\/wp-json\/wp\/v2\/users\/4"}],"replies":[{"embeddable":true,"href":"https:\/\/www.lintelligentdabidjan.info\/news\/wp-json\/wp\/v2\/comments?post=37102"}],"version-history":[{"count":1,"href":"https:\/\/www.lintelligentdabidjan.info\/news\/wp-json\/wp\/v2\/posts\/37102\/revisions"}],"predecessor-version":[{"id":37104,"href":"https:\/\/www.lintelligentdabidjan.info\/news\/wp-json\/wp\/v2\/posts\/37102\/revisions\/37104"}],"wp:featuredmedia":[{"embeddable":true,"href":"https:\/\/www.lintelligentdabidjan.info\/news\/wp-json\/wp\/v2\/media\/37103"}],"wp:attachment":[{"href":"https:\/\/www.lintelligentdabidjan.info\/news\/wp-json\/wp\/v2\/media?parent=37102"}],"wp:term":[{"taxonomy":"category","embeddable":true,"href":"https:\/\/www.lintelligentdabidjan.info\/news\/wp-json\/wp\/v2\/categories?post=37102"},{"taxonomy":"post_tag","embeddable":true,"href":"https:\/\/www.lintelligentdabidjan.info\/news\/wp-json\/wp\/v2\/tags?post=37102"}],"curies":[{"name":"wp","href":"https:\/\/api.w.org\/{rel}","templated":true}]}}