{"id":37122,"date":"2025-02-27T05:46:21","date_gmt":"2025-02-27T04:46:21","guid":{"rendered":"https:\/\/www.lintelligentdabidjan.info\/news\/?p=37122"},"modified":"2025-02-27T05:46:37","modified_gmt":"2025-02-27T04:46:37","slug":"hommage-du-woroba-au-president-de-la-republique-comment-mepha-dosso-a-contribue-a-la-mobilisation-du-bere","status":"publish","type":"post","link":"https:\/\/www.lintelligentdabidjan.info\/news\/hommage-du-woroba-au-president-de-la-republique-comment-mepha-dosso-a-contribue-a-la-mobilisation-du-bere\/","title":{"rendered":"Hommage  du Woroba au  pr\u00e9sident de la R\u00e9publique :  Comment Mepha Dosso a contribu\u00e9 \u00e0 la mobilisation du B\u00e9r\u00e9"},"content":{"rendered":"<p><em><strong>La place de la R\u00e9publique de S\u00e9gu\u00e9la a accueilli le samedi 22 f\u00e9vrier 2025 d\u2019une importante c\u00e9r\u00e9monie d\u2019hommage au pr\u00e9sident Alassane Ouattara, organis\u00e9e par les cadres et les populations du District autonome du Woroba.  L\u2019\u00e9v\u00e9nement, pr\u00e9sid\u00e9 par le vice-pr\u00e9sident de la R\u00e9publique, Ti\u00e9moko Meyliet Kon\u00e9, a rassembl\u00e9 une foule impressionnante, dont une d\u00e9l\u00e9gation de plus de 1000 personnes conduite par Mepha Dosso, cadre du Rassemblement des Houphou\u00ebtistes pour la D\u00e9mocratie et la Paix (RHDP) dans la r\u00e9gion du B\u00e9r\u00e9.<\/strong><\/em><\/p>\n<p>Saluant cette forte mobilisation, Mepha Dosso a soulign\u00e9, dans une note d\u2019information,  la reconnaissance unanime des fils et filles du Woroba envers le chef de l\u2019\u00c9tat pour les nombreuses r\u00e9alisations effectu\u00e9es dans leurs localit\u00e9s. \u00c0 huit mois de l\u2019\u00e9lection pr\u00e9sidentielle, il a r\u00e9affirm\u00e9 l\u2019engagement sans faille des cadres et des populations des r\u00e9gions du B\u00e9r\u00e9, du Worodougou et du Bafing \u00e0 soutenir Alassane Ouattara pour un nouveau mandat.<\/p>\n<p>\u00ab De fa\u00e7on unanime, les cadres du District autonome du Woroba ont exprim\u00e9 la volont\u00e9 des populations de voir le pr\u00e9sident Alassane Ouattara briguer un autre mandat. Son engagement en faveur du d\u00e9veloppement a transform\u00e9 nos r\u00e9gions et nous en sommes pleinement b\u00e9n\u00e9ficiaires, notamment dans le B\u00e9r\u00e9. Par ailleurs, notre choix s\u2019explique aussi par les liens historiques et particuliers qui unissent le Woroba au pr\u00e9sident Ouattara, un alli\u00e9 naturel de notre district. Il est donc de notre devoir d\u2019\u00eatre son premier soutien \u00bb, a d\u00e9clar\u00e9 Mepha Dosso.<\/p>\n<p>Il a insist\u00e9 sur la n\u00e9cessit\u00e9 de poursuivre la dynamique de d\u00e9veloppement amorc\u00e9e sous la pr\u00e9sidence d\u2019Alassane Ouattara, soulignant que ce dernier incarne les valeurs de paix et de coh\u00e9sion sociale en C\u00f4te d\u2019Ivoire, particuli\u00e8rement au sein du Woroba.<\/p>\n<p>En sa qualit\u00e9 de pr\u00e9sident de l\u2019association Sans Tabou, proche du RHDP, Mepha Dosso a affirm\u00e9 que son mouvement est d\u00e9j\u00e0 \u00e0 pied d\u2019\u0153uvre pour assurer une victoire \u00e9clatante au pr\u00e9sident Ouattara lors de l\u2019\u00e9lection d\u2019octobre prochain. \u00ab Dans le B\u00e9r\u00e9, nous sommes pr\u00eats. Pour cette c\u00e9r\u00e9monie d\u2019hommage, nous avons mobilis\u00e9 et convoy\u00e9 15 cars remplis d\u2019\u00e9lecteurs et de militants issus de toutes les sous-pr\u00e9fectures de la r\u00e9gion. C\u2019est un signal fort qui d\u00e9montre que le B\u00e9r\u00e9 reste fid\u00e8le \u00e0 Alassane Ouattara \u00bb, a-t-il conclu avec conviction.<\/p>\n<p><strong>Nambac\u00e9r\u00e9 Jo\u00ebl  <\/strong><\/p>\n","protected":false},"excerpt":{"rendered":"<p>La place de la R\u00e9publique de S\u00e9gu\u00e9la a accueilli le samedi 22 f\u00e9vrier 2025 d\u2019une importante c\u00e9r\u00e9monie d\u2019hommage au pr\u00e9sident Alassane Ouattara, organis\u00e9e par les cadres et les populations du District autonome du Woroba. L\u2019\u00e9v\u00e9nement, pr\u00e9sid\u00e9 par le vice-pr\u00e9sident de la R\u00e9publique, Ti\u00e9moko Meyliet Kon\u00e9, a rassembl\u00e9 une foule impressionnante, dont une d\u00e9l\u00e9gation de plus [&hellip;]<\/p>\n","protected":false},"author":4,"featured_media":37123,"comment_status":"closed","ping_status":"closed","sticky":false,"template":"","format":"standard","meta":{"_monsterinsights_skip_tracking":false,"_monsterinsights_sitenote_active":false,"_monsterinsights_sitenote_note":"","_monsterinsights_sitenote_category":0,"footnotes":""},"categories":[2,17],"tags":[2457,4697,1789,2425,1914],"class_list":["post-37122","post","type-post","status-publish","format-standard","has-post-thumbnail","hentry","category-featured","category-politique","tag-bere","tag-hommage-du-woroba","tag-mepha-dosso","tag-mobilisation","tag-president-de-la-republique"],"_links":{"self":[{"href":"https:\/\/www.lintelligentdabidjan.info\/news\/wp-json\/wp\/v2\/posts\/37122","targetHints":{"allow":["GET"]}}],"collection":[{"href":"https:\/\/www.lintelligentdabidjan.info\/news\/wp-json\/wp\/v2\/posts"}],"about":[{"href":"https:\/\/www.lintelligentdabidjan.info\/news\/wp-json\/wp\/v2\/types\/post"}],"author":[{"embeddable":true,"href":"https:\/\/www.lintelligentdabidjan.info\/news\/wp-json\/wp\/v2\/users\/4"}],"replies":[{"embeddable":true,"href":"https:\/\/www.lintelligentdabidjan.info\/news\/wp-json\/wp\/v2\/comments?post=37122"}],"version-history":[{"count":1,"href":"https:\/\/www.lintelligentdabidjan.info\/news\/wp-json\/wp\/v2\/posts\/37122\/revisions"}],"predecessor-version":[{"id":37124,"href":"https:\/\/www.lintelligentdabidjan.info\/news\/wp-json\/wp\/v2\/posts\/37122\/revisions\/37124"}],"wp:featuredmedia":[{"embeddable":true,"href":"https:\/\/www.lintelligentdabidjan.info\/news\/wp-json\/wp\/v2\/media\/37123"}],"wp:attachment":[{"href":"https:\/\/www.lintelligentdabidjan.info\/news\/wp-json\/wp\/v2\/media?parent=37122"}],"wp:term":[{"taxonomy":"category","embeddable":true,"href":"https:\/\/www.lintelligentdabidjan.info\/news\/wp-json\/wp\/v2\/categories?post=37122"},{"taxonomy":"post_tag","embeddable":true,"href":"https:\/\/www.lintelligentdabidjan.info\/news\/wp-json\/wp\/v2\/tags?post=37122"}],"curies":[{"name":"wp","href":"https:\/\/api.w.org\/{rel}","templated":true}]}}