{"id":37125,"date":"2025-02-27T05:48:59","date_gmt":"2025-02-27T04:48:59","guid":{"rendered":"https:\/\/www.lintelligentdabidjan.info\/news\/?p=37125"},"modified":"2025-02-27T08:15:58","modified_gmt":"2025-02-27T07:15:58","slug":"cote-divoire-espoir-investi-comme-president-oualo-landry-devoile-ses-priorites","status":"publish","type":"post","link":"https:\/\/www.lintelligentdabidjan.info\/news\/cote-divoire-espoir-investi-comme-president-oualo-landry-devoile-ses-priorites\/","title":{"rendered":"C\u00f4te d&#8217;Ivoire Espoir-   Investi comme pr\u00e9sident,  Oualo Landry  d\u00e9voile ses priorit\u00e9s"},"content":{"rendered":"<p><em><strong>Investi comme pr\u00e9sident de C\u00f4te d&#8217;Ivoire Espoir , Oualo Landry  d\u00e9voile ses priorit\u00e9s.<\/strong><\/em><\/p>\n<p>Le samedi 22 f\u00e9vrier 2025, la salle du Centre Pilote de Port-Bou\u00ebt, a accueilli l&#8217;investiture du Pr\u00e9sident Oualo Landry et de son Bureau Ex\u00e9cutif National de l&#8217;organisation apolitique d\u00e9nomm\u00e9e  C\u00f4te d&#8217;Ivoire Espoir. Cet \u00e9v\u00e9nement , selon une note re\u00e7ue, a marqu\u00e9 l&#8217;annonce officielle d&#8217;une initiative destin\u00e9e \u00e0 jouer un r\u00f4le majeur dans la promotion de la jeunesse ivoirienne.<\/p>\n<p>Sous le th\u00e8me \u00ab Les conditions de la participation des jeunes pour une \u00e9lection apais\u00e9e, d\u00e9mocratique et inclusive en 2025 \u00bb, l&#8217;organisation a vu le jour dans un contexte o\u00f9 la participation active des jeunes \u00e0 la vie politique et socio-\u00e9conomique de la C\u00f4te d&#8217;Ivoire rev\u00eat une importance  capitale . Le Pr\u00e9sident Oualo Landry a pr\u00e9cis\u00e9 que l&#8217;objectif de C\u00f4te d&#8217;Ivoire Espoir est de servir de pont entre l&#8217;\u00c9tat et la jeunesse, notamment en facilitant l&#8217;acc\u00e8s \u00e0 l&#8217;information et aux financements publics.<\/p>\n<p>Dans son discours, Oualo Landry a soulign\u00e9 que l&#8217;organisation se donne pour mission de sensibiliser les jeunes aux conditions de leur participation aux processus \u00e9lectoraux et d\u00e9mocratiques. Cette mission comprend des initiatives visant \u00e0 garantir une \u00e9lection apais\u00e9e, d\u00e9mocratique et inclusive en 2025, en veillant \u00e0 ce que les jeunes soient bien inform\u00e9s et puissent jouer un r\u00f4le actif lors des prochaines \u00e9ch\u00e9ances \u00e9lectorales.<\/p>\n<p>Il a \u00e9galement rappel\u00e9 que C\u00f4te d&#8217;Ivoire Espoir ambitionne d&#8217;accompagner les jeunes dans la compr\u00e9hension des dispositifs de financement mis en place par l&#8217;\u00c9tat. Gr\u00e2ce \u00e0 cette structure, ils pourront mieux appr\u00e9hender les opportunit\u00e9s qui s&#8217;offrent \u00e0 eux, que ce soit pour lancer des projets d&#8217;entrepreneuriat, acc\u00e9der \u00e0 des bourses ou obtenir des pr\u00eats publics.<\/p>\n<p>L&#8217;un des principaux d\u00e9fis de C\u00f4te d&#8217;Ivoire Espoir est de garantir l&#8217;acc\u00e8s \u00e0 l&#8217;information et aux ressources n\u00e9cessaires pour favoriser l&#8217;engagement des jeunes dans les affaires publiques. L&#8217;organisation se veut un v\u00e9ritable relais entre les autorit\u00e9s publiques et la jeunesse, afin de promouvoir leur implication dans les processus d\u00e9cisionnels et de leur offrir une voix dans la construction de l&#8217;avenir du pays.<\/p>\n<p>Lors de cette c\u00e9r\u00e9monie, plusieurs personnalit\u00e9s du monde associatif ainsi que de jeunes leaders ont pris la parole pour exprimer leur soutien \u00e0 cette initiative. Le Pr\u00e9sident Oualo Landry a ainsi lanc\u00e9 un appel \u00e0 l&#8217;action collective pour garantir un avenir plus juste et inclusif, notamment dans le cadre des prochaines \u00e9lections, tout en offrant aux jeunes des opportunit\u00e9s concr\u00e8tes pour s&#8217;\u00e9panouir.<\/p>\n<p>C\u00f4te d&#8217;Ivoire Espoir se positionne r\u00e9solument comme une organisation apolitique, ouverte \u00e0 toutes les sensibilit\u00e9s, dont la mission premi\u00e8re est de promouvoir les opportunit\u00e9s gouvernementales et de contribuer \u00e0 la stabilit\u00e9 sociale et politique du pays. En facilitant l&#8217;acc\u00e8s \u00e0 l&#8217;information et aux ressources disponibles, elle entend devenir un acteur cl\u00e9 de l&#8217;autonomisation des jeunes et de leur implication dans les enjeux d\u00e9mocratiques.<\/p>\n<p><strong>Tour\u00e9 Abdoulaye avec A. Traor\u00e9<\/strong><\/p>\n","protected":false},"excerpt":{"rendered":"<p>Investi comme pr\u00e9sident de C\u00f4te d&#8217;Ivoire Espoir , Oualo Landry d\u00e9voile ses priorit\u00e9s. Le samedi 22 f\u00e9vrier 2025, la salle du Centre Pilote de Port-Bou\u00ebt, a accueilli l&#8217;investiture du Pr\u00e9sident Oualo Landry et de son Bureau Ex\u00e9cutif National de l&#8217;organisation apolitique d\u00e9nomm\u00e9e C\u00f4te d&#8217;Ivoire Espoir. Cet \u00e9v\u00e9nement , selon une note re\u00e7ue, a marqu\u00e9 l&#8217;annonce [&hellip;]<\/p>\n","protected":false},"author":4,"featured_media":37133,"comment_status":"closed","ping_status":"closed","sticky":false,"template":"","format":"standard","meta":{"_monsterinsights_skip_tracking":false,"_monsterinsights_sitenote_active":false,"_monsterinsights_sitenote_note":"","_monsterinsights_sitenote_category":0,"footnotes":""},"categories":[2,17],"tags":[4698,4699,2229,2570],"class_list":["post-37125","post","type-post","status-publish","format-standard","has-post-thumbnail","hentry","category-featured","category-politique","tag-cote-divoire-espoir","tag-oualo-landry","tag-president","tag-priorites"],"_links":{"self":[{"href":"https:\/\/www.lintelligentdabidjan.info\/news\/wp-json\/wp\/v2\/posts\/37125","targetHints":{"allow":["GET"]}}],"collection":[{"href":"https:\/\/www.lintelligentdabidjan.info\/news\/wp-json\/wp\/v2\/posts"}],"about":[{"href":"https:\/\/www.lintelligentdabidjan.info\/news\/wp-json\/wp\/v2\/types\/post"}],"author":[{"embeddable":true,"href":"https:\/\/www.lintelligentdabidjan.info\/news\/wp-json\/wp\/v2\/users\/4"}],"replies":[{"embeddable":true,"href":"https:\/\/www.lintelligentdabidjan.info\/news\/wp-json\/wp\/v2\/comments?post=37125"}],"version-history":[{"count":3,"href":"https:\/\/www.lintelligentdabidjan.info\/news\/wp-json\/wp\/v2\/posts\/37125\/revisions"}],"predecessor-version":[{"id":37135,"href":"https:\/\/www.lintelligentdabidjan.info\/news\/wp-json\/wp\/v2\/posts\/37125\/revisions\/37135"}],"wp:featuredmedia":[{"embeddable":true,"href":"https:\/\/www.lintelligentdabidjan.info\/news\/wp-json\/wp\/v2\/media\/37133"}],"wp:attachment":[{"href":"https:\/\/www.lintelligentdabidjan.info\/news\/wp-json\/wp\/v2\/media?parent=37125"}],"wp:term":[{"taxonomy":"category","embeddable":true,"href":"https:\/\/www.lintelligentdabidjan.info\/news\/wp-json\/wp\/v2\/categories?post=37125"},{"taxonomy":"post_tag","embeddable":true,"href":"https:\/\/www.lintelligentdabidjan.info\/news\/wp-json\/wp\/v2\/tags?post=37125"}],"curies":[{"name":"wp","href":"https:\/\/api.w.org\/{rel}","templated":true}]}}