{"id":37145,"date":"2025-02-28T17:34:44","date_gmt":"2025-02-28T16:34:44","guid":{"rendered":"https:\/\/www.lintelligentdabidjan.info\/news\/?p=37145"},"modified":"2025-02-28T17:34:48","modified_gmt":"2025-02-28T16:34:48","slug":"lutte-contre-la-precarite-en-cote-divoire-long-oui-nous-pouvons-annonce-un-grand-rassemblement-a-port-bouet-demain-samedi","status":"publish","type":"post","link":"https:\/\/www.lintelligentdabidjan.info\/news\/lutte-contre-la-precarite-en-cote-divoire-long-oui-nous-pouvons-annonce-un-grand-rassemblement-a-port-bouet-demain-samedi\/","title":{"rendered":"Lutte contre la pr\u00e9carit\u00e9 en C\u00f4te d&#8217;Ivoire-  L&#8217;ong &#8220;Oui Nous Pouvons&#8221;: annonce un grand rassemblement \u00e0 Port Bou\u00ebt demain samedi"},"content":{"rendered":"<p><em><strong>L&#8217;ong &#8220;Oui Nous Pouvons&#8221;: annonce un grand rassemblement \u00e0 Port Bou\u00ebt demain samedi dans le cadre de la lutte contre la pr\u00e9carit\u00e9 en C\u00f4te d&#8217;Ivoire  <\/strong><\/em><\/p>\n<p>Le mercredi 26 f\u00e9vrier 2025, la commune de Marcory a accueilli la pr\u00e9sentation officielle de l&#8217;ONG \u00ab Oui Nous Pouvons \u00bb, une nouvelle organisation qui ambitionne de changer la vie des Ivoiriens. Sous la pr\u00e9sidence de Gbaka Ozigbi Alphonsine, \u00e9pouse Sylla, cette c\u00e9r\u00e9monie a rassembl\u00e9 partenaires, membres et m\u00e9dias dans un cadre convivial.<\/p>\n<p>Fond\u00e9e le 21 septembre 2024, l\u2019ONG \u00ab Oui Nous Pouvons \u00bb se positionne comme un acteur cl\u00e9 de la<br \/>\nlutte contre la pr\u00e9carit\u00e9 en C\u00f4te d&#8217;Ivoire. Elle met en avant deux leviers essentiels : la formation professionnelle qualifiante et la promotion de l\u2019entrepreneuriat. Son objectif principal est d\u2019autonomiser les personnes vuln\u00e9rables et de favoriser l&#8217;insertion professionnelle des jeunes en situation de pr\u00e9carit\u00e9.<\/p>\n<p><strong>Une vision pour l&#8217;avenir<\/strong><\/p>\n<p>Lors de son allocution, Gbaka Alphonsine a soulign\u00e9 l\u2019importance de renforcer les comp\u00e9tences des jeunes et des publics fragilis\u00e9s. \u00ab Notre ambition est de stimuler la dynamique entrepreneuriale au sein des territoires afin de cr\u00e9er un impact durable sur l&#8217;\u00e9conomie locale \u00bb, a-t-elle affirm\u00e9 avec conviction.<\/p>\n<p><strong>Un grand rendez-vous en vue<\/strong><\/p>\n<p>L&#8217;\u00e9v\u00e9nement de pr\u00e9sentation a \u00e9galement \u00e9t\u00e9 l&#8217;occasion d&#8217;annoncer une grande rencontre pr\u00e9vue pour le samedi 1er mars 2025 au parc des expositions d\u2019Abidjan Port-Bou\u00ebt. Pr\u00e8s de 10 000 personnes sont attendues pour participer \u00e0 cette c\u00e9l\u00e9bration, marquant ainsi un nouvel \u00e9lan pour l&#8217;ONG.<\/p>\n<p><strong>Un engagement social fort<\/strong><\/p>\n<p>\u00ab Oui Nous Pouvons \u00bb entend multiplier les initiatives de formation, proposer des accompagnements personnalis\u00e9s pour les entrepreneurs en herbe et collaborer avec divers partenaires pour offrir des opportunit\u00e9s concr\u00e8tes aux personnes en difficult\u00e9.<\/p>\n<p>Avec cette nouvelle ONG, Gbaka Alphonsine et son \u00e9quipe esp\u00e8rent insuffler un vent de changement en C\u00f4te d\u2019Ivoire, b\u00e2tissant ainsi une soci\u00e9t\u00e9 plus juste et plus solidaire.<\/p>\n<p><strong>Mamadou Ouattara avec G\u00e9rard Batoua<\/strong><\/p>\n","protected":false},"excerpt":{"rendered":"<p>L&#8217;ong &#8220;Oui Nous Pouvons&#8221;: annonce un grand rassemblement \u00e0 Port Bou\u00ebt demain samedi dans le cadre de la lutte contre la pr\u00e9carit\u00e9 en C\u00f4te d&#8217;Ivoire Le mercredi 26 f\u00e9vrier 2025, la commune de Marcory a accueilli la pr\u00e9sentation officielle de l&#8217;ONG \u00ab Oui Nous Pouvons \u00bb, une nouvelle organisation qui ambitionne de changer la vie [&hellip;]<\/p>\n","protected":false},"author":4,"featured_media":37146,"comment_status":"closed","ping_status":"closed","sticky":false,"template":"","format":"standard","meta":{"_monsterinsights_skip_tracking":false,"_monsterinsights_sitenote_active":false,"_monsterinsights_sitenote_note":"","_monsterinsights_sitenote_category":0,"footnotes":""},"categories":[2,3],"tags":[77,4702,1072,1044,478],"class_list":["post-37145","post","type-post","status-publish","format-standard","has-post-thumbnail","hentry","category-featured","category-societe","tag-cote-divoire","tag-lutte-contre-la-precarite","tag-ong","tag-port-bouet","tag-rassemblement"],"_links":{"self":[{"href":"https:\/\/www.lintelligentdabidjan.info\/news\/wp-json\/wp\/v2\/posts\/37145","targetHints":{"allow":["GET"]}}],"collection":[{"href":"https:\/\/www.lintelligentdabidjan.info\/news\/wp-json\/wp\/v2\/posts"}],"about":[{"href":"https:\/\/www.lintelligentdabidjan.info\/news\/wp-json\/wp\/v2\/types\/post"}],"author":[{"embeddable":true,"href":"https:\/\/www.lintelligentdabidjan.info\/news\/wp-json\/wp\/v2\/users\/4"}],"replies":[{"embeddable":true,"href":"https:\/\/www.lintelligentdabidjan.info\/news\/wp-json\/wp\/v2\/comments?post=37145"}],"version-history":[{"count":1,"href":"https:\/\/www.lintelligentdabidjan.info\/news\/wp-json\/wp\/v2\/posts\/37145\/revisions"}],"predecessor-version":[{"id":37147,"href":"https:\/\/www.lintelligentdabidjan.info\/news\/wp-json\/wp\/v2\/posts\/37145\/revisions\/37147"}],"wp:featuredmedia":[{"embeddable":true,"href":"https:\/\/www.lintelligentdabidjan.info\/news\/wp-json\/wp\/v2\/media\/37146"}],"wp:attachment":[{"href":"https:\/\/www.lintelligentdabidjan.info\/news\/wp-json\/wp\/v2\/media?parent=37145"}],"wp:term":[{"taxonomy":"category","embeddable":true,"href":"https:\/\/www.lintelligentdabidjan.info\/news\/wp-json\/wp\/v2\/categories?post=37145"},{"taxonomy":"post_tag","embeddable":true,"href":"https:\/\/www.lintelligentdabidjan.info\/news\/wp-json\/wp\/v2\/tags?post=37145"}],"curies":[{"name":"wp","href":"https:\/\/api.w.org\/{rel}","templated":true}]}}