{"id":37148,"date":"2025-02-28T17:38:15","date_gmt":"2025-02-28T16:38:15","guid":{"rendered":"https:\/\/www.lintelligentdabidjan.info\/news\/?p=37148"},"modified":"2025-02-28T17:38:15","modified_gmt":"2025-02-28T16:38:15","slug":"incident-lors-de-lemission-le-debat-politique-de-la-rti-la-cei-explique-ce-qui-sest-passe-et-annonce-la-date-de-laffichage-de-la-liste-electorale-provisoire","status":"publish","type":"post","link":"https:\/\/www.lintelligentdabidjan.info\/news\/incident-lors-de-lemission-le-debat-politique-de-la-rti-la-cei-explique-ce-qui-sest-passe-et-annonce-la-date-de-laffichage-de-la-liste-electorale-provisoire\/","title":{"rendered":"Incident lors de l&#8217;\u00e9mission &#8220;le d\u00e9bat politique&#8221; de la RTI-  La CEI explique ce qui s&#8217;est pass\u00e9 et annonce la date de l&#8217;affichage de la liste \u00e9lectorale provisoire"},"content":{"rendered":"<p><em><strong>La CEI explique ce qui s&#8217;est pass\u00e9 \u00e0 la RTI et annonce la date de l&#8217;affichage de la liste \u00e9lectorale provisoire <\/strong><\/em><\/p>\n<p>La Commission \u00e9lectorale ind\u00e9pendante (CEI) a tenu un point de presse, le vendredi 28 f\u00e9vrier 2025, \u00e0 son si\u00e8ge \u00e0 Cocody, pour clarifier sa position \u00e0 la suite d&#8217;un incident survenu lors de l\u2019\u00e9mission &#8220;le d\u00e9bat politique&#8221; diffus\u00e9e sur la RTI le 25 f\u00e9vrier 2025. Dans un communiqu\u00e9, son porte-parole, \u00c9mile Ebrotti\u00e9, a exprim\u00e9 la surprise de la CEI face aux objections soulev\u00e9es par le repr\u00e9sentant du PDCI-RDA concernant la pr\u00e9sence de deux commissaires centraux de la CEI lors de cette \u00e9mission.<\/p>\n<p>Selon \u00c9mile Ebrotti\u00e9, la Commission \u00e9lectorale ind\u00e9pendante (CEI) a \u00e9t\u00e9 saisie par courrier de la RTI, en date du 17 f\u00e9vrier 2025, afin de d\u00e9signer un repr\u00e9sentant pour participer \u00e0 l&#8217;\u00e9mission &#8220;le d\u00e9bat politique&#8221;, pr\u00e9vue le 25 f\u00e9vrier 2025. Par lettre r\u00e9ponse en date du 21 f\u00e9vrier 2025, la CEI a marqu\u00e9 son accord, pr\u00e9cisant qu&#8217;au regard des th\u00e9matiques qui devaient y \u00eatre abord\u00e9es, elle enverrait Monsieur Alain Dogou, 2e Vice-pr\u00e9sident et Me Yapobi Ketty, Commissaire Centrale, Porte-parole adjointe. Il a \u00e9galement indiqu\u00e9 que l&#8217;objectif de cette participation \u00e9tait d&#8217;apporter, aux Ivoiriens et \u00e0 tous les acteurs int\u00e9ress\u00e9s, un maximum d&#8217;informations et d&#8217;explications sur la conduite du processus \u00e9lectoral, dans une p\u00e9riode marqu\u00e9e par une forte polarisation autour de la r\u00e9vision de la liste \u00e9lectorale. Emile Ebrotti\u00e9 a d\u00e9crit l&#8217;atmosph\u00e8re conviviale qui r\u00e9gnait parmi les invit\u00e9s avant le d\u00e9but de l&#8217;\u00e9mission et a soulign\u00e9 que le repr\u00e9sentant du PDCI-RDA ne semblait pas contrari\u00e9 \u00e0 ce moment-l\u00e0. Cependant, il a \u00e9t\u00e9 surpris de constater, d\u00e8s le d\u00e9but de l\u2019\u00e9mission, l&#8217;objection du repr\u00e9sentant du PDCI-RDA, qui contestait la pr\u00e9sence de deux repr\u00e9sentants de la CEI, qualifiant cette situation d&#8217;adversit\u00e9. &#8220;Nous nous interrogeons encore sur le pr\u00e9judice que cette pr\u00e9sence altern\u00e9e de deux Commissaires centraux de la CEI sur le plateau de la RTI aurait pu causer aux partis politiques ou aux Ivoiriens.&#8221; A d\u00e9clar\u00e9 \u00c9mile Ebrotti\u00e9.<\/p>\n<p> Avant d&#8217;ajouter que face \u00e0 cette situation, la CEI a pris la d\u00e9cision, dans un souci de responsabilit\u00e9 r\u00e9publicaine, de demander \u00e0 sa repr\u00e9sentante de se retirer de l\u2019\u00e9mission. &#8220;Sans \u00eatre responsable de cet incident malheureux, la CEI, respectueuse des Ivoiriens, tient cependant \u00e0 leur pr\u00e9senter ses excuses pour les d\u00e9sagr\u00e9ments \u00e0 eux caus\u00e9s,&#8221; a dit Emile Ebrotti\u00e9.<\/p>\n<p><strong>la liste \u00e9lectorale provisoire sera affich\u00e9e le 17 mars 2025<\/strong><\/p>\n<p>La CEI a r\u00e9affirm\u00e9 sa disponibilit\u00e9 \u00e0 fournir des explications sur la conduite du processus \u00e9lectoral et a insist\u00e9 sur son engagement \u00e0 finaliser la r\u00e9vision de la liste \u00e9lectorale en cours, en vue de l&#8217;\u00e9lection pr\u00e9sidentielle pr\u00e9vue pour le 25 octobre 2025. &#8220;Ainsi, la liste \u00e9lectorale provisoire sera affich\u00e9e le 17 mars 2025 dans les centres d&#8217;enr\u00f4lement, ouvrant la phase du contentieux \u00e0 partir du 22 mars 2025 pour recevoir les r\u00e9clamations et les observations,&#8221; a-t-il conclu.<br \/>\nLa CEI a invit\u00e9 tous les Ivoiriens \u00e0 consulter cette liste provisoire et \u00e0 prendre les dispositions n\u00e9cessaires pour formuler, le cas \u00e9ch\u00e9ant, des r\u00e9clamations conform\u00e9ment aux lois en vigueur. Dans un esprit de responsabilit\u00e9 r\u00e9publicaine, la Commission a pr\u00e9sent\u00e9 ses excuses aux Ivoiriens pour les d\u00e9sagr\u00e9ments caus\u00e9s par cet incident regrettable, tout en r\u00e9affirmant son engagement \u00e0 mener \u00e0 bien le processus \u00e9lectoral dans un cadre transparent et apais\u00e9.<\/p>\n<p><strong>Mamadou Ouattara avec Ly Abdul <\/strong><\/p>\n","protected":false},"excerpt":{"rendered":"<p>La CEI explique ce qui s&#8217;est pass\u00e9 \u00e0 la RTI et annonce la date de l&#8217;affichage de la liste \u00e9lectorale provisoire La Commission \u00e9lectorale ind\u00e9pendante (CEI) a tenu un point de presse, le vendredi 28 f\u00e9vrier 2025, \u00e0 son si\u00e8ge \u00e0 Cocody, pour clarifier sa position \u00e0 la suite d&#8217;un incident survenu lors de l\u2019\u00e9mission [&hellip;]<\/p>\n","protected":false},"author":4,"featured_media":37149,"comment_status":"closed","ping_status":"closed","sticky":false,"template":"","format":"standard","meta":{"footnotes":""},"categories":[2,17],"tags":[4707,4706,4704,4703,4705,4708,434],"class_list":["post-37148","post","type-post","status-publish","format-standard","has-post-thumbnail","hentry","category-featured","category-politique","tag-affichage","tag-date","tag-debat-politique","tag-emission","tag-la-cei","tag-liste-electorale-provisoire","tag-rti"],"_links":{"self":[{"href":"https:\/\/www.lintelligentdabidjan.info\/news\/wp-json\/wp\/v2\/posts\/37148","targetHints":{"allow":["GET"]}}],"collection":[{"href":"https:\/\/www.lintelligentdabidjan.info\/news\/wp-json\/wp\/v2\/posts"}],"about":[{"href":"https:\/\/www.lintelligentdabidjan.info\/news\/wp-json\/wp\/v2\/types\/post"}],"author":[{"embeddable":true,"href":"https:\/\/www.lintelligentdabidjan.info\/news\/wp-json\/wp\/v2\/users\/4"}],"replies":[{"embeddable":true,"href":"https:\/\/www.lintelligentdabidjan.info\/news\/wp-json\/wp\/v2\/comments?post=37148"}],"version-history":[{"count":1,"href":"https:\/\/www.lintelligentdabidjan.info\/news\/wp-json\/wp\/v2\/posts\/37148\/revisions"}],"predecessor-version":[{"id":37150,"href":"https:\/\/www.lintelligentdabidjan.info\/news\/wp-json\/wp\/v2\/posts\/37148\/revisions\/37150"}],"wp:featuredmedia":[{"embeddable":true,"href":"https:\/\/www.lintelligentdabidjan.info\/news\/wp-json\/wp\/v2\/media\/37149"}],"wp:attachment":[{"href":"https:\/\/www.lintelligentdabidjan.info\/news\/wp-json\/wp\/v2\/media?parent=37148"}],"wp:term":[{"taxonomy":"category","embeddable":true,"href":"https:\/\/www.lintelligentdabidjan.info\/news\/wp-json\/wp\/v2\/categories?post=37148"},{"taxonomy":"post_tag","embeddable":true,"href":"https:\/\/www.lintelligentdabidjan.info\/news\/wp-json\/wp\/v2\/tags?post=37148"}],"curies":[{"name":"wp","href":"https:\/\/api.w.org\/{rel}","templated":true}]}}