{"id":37161,"date":"2025-03-03T05:11:52","date_gmt":"2025-03-03T04:11:52","guid":{"rendered":"https:\/\/www.lintelligentdabidjan.info\/news\/?p=37161"},"modified":"2025-03-03T05:11:56","modified_gmt":"2025-03-03T04:11:56","slug":"bilan-des-cop-sur-lenvironnement-le-ministre-assahore-lance-la-revision-des-cdn-3-0","status":"publish","type":"post","link":"https:\/\/www.lintelligentdabidjan.info\/news\/bilan-des-cop-sur-lenvironnement-le-ministre-assahore-lance-la-revision-des-cdn-3-0\/","title":{"rendered":"Bilan des COP sur l\u2019environnement :   Le Ministre Assahor\u00e9 lance la r\u00e9vision des CDN 3.0"},"content":{"rendered":"<p><em><strong>Selon une note transmise \u00e0 notre r\u00e9daction, le Ministre de l&#8217;Environnement, du D\u00e9veloppement Durable et de la Transition \u00c9cologique a lanc\u00e9, le mardi 25 f\u00e9vrier 2025, la r\u00e9vision des Contributions D\u00e9termin\u00e9es au niveau National (CDN 3.0) en vue de la COP30, pr\u00e9vue en novembre prochain \u00e0 Bel\u00e9m, au Br\u00e9sil.<\/strong><\/em><\/p>\n<p>Lors de son intervention, le Ministre a dress\u00e9 le bilan des participations de la C\u00f4te d&#8217;Ivoire aux r\u00e9centes conf\u00e9rences internationales sur l\u2019environnement, \u00e0 savoir la COP29 sur le climat, la COP16 sur la biodiversit\u00e9 et la COP16 sur la d\u00e9sertification et la s\u00e9cheresse. Il s\u2019est \u00e9galement f\u00e9licit\u00e9 de l\u2019engagement actif de la d\u00e9l\u00e9gation ivoirienne, conduite respectivement par le Vice-Pr\u00e9sident de la R\u00e9publique et le Pr\u00e9sident du CESEC. \u00ab Mes chers points focaux, f\u00e9licitations pour le travail abattu, qui d\u00e9montre votre comp\u00e9tence et votre savoir-faire pour les \u00e9v\u00e9nements d\u2019envergure internationale. Ces bilans que vous venez de nous pr\u00e9senter feront l\u2019objet d\u2019un suivi trimestriel afin de capitaliser nos participations aux COP et rendre compte au Gouvernement \u00bb, a-t-il d\u00e9clar\u00e9. Il a ajout\u00e9 : \u00ab Notre pays pr\u00e9voit plusieurs actions cl\u00e9s pour am\u00e9liorer notre participation : partager nos exp\u00e9riences en agriculture durable, gestion des ressources en eau et protection des \u00e9cosyst\u00e8mes, renforcer les partenariats avec d&#8217;autres pays, ONG et acteurs du secteur priv\u00e9 pour acc\u00e9l\u00e9rer l\u2019adaptation et l\u2019att\u00e9nuation des effets du changement climatique, et pr\u00e9senter des engagements concrets pour la r\u00e9duction des \u00e9missions de gaz \u00e0 effet de serre ainsi que le renforcement de la r\u00e9silience des communaut\u00e9s \u00bb, a indiqu\u00e9 Assahor\u00e9 Konan Jacques. Pour conclure, le Ministre de l\u2019Environnement a pr\u00e9cis\u00e9 que la r\u00e9vision des CDN 3.0 demeure une priorit\u00e9 du gouvernement en vue de renforcer la r\u00e9duction des \u00e9missions de gaz \u00e0 effet de serre au-del\u00e0 de 30,41 % et d\u2019am\u00e9liorer l\u2019adaptation des secteurs vuln\u00e9rables. Il a insist\u00e9 sur une approche int\u00e9gr\u00e9e prenant en compte des enjeux essentiels tels que le genre, la transition juste, la biodiversit\u00e9 et l\u2019\u00e9conomie bleue.<\/p>\n<p><strong>Moustapha Ismaila<\/strong><\/p>\n","protected":false},"excerpt":{"rendered":"<p>Selon une note transmise \u00e0 notre r\u00e9daction, le Ministre de l&#8217;Environnement, du D\u00e9veloppement Durable et de la Transition \u00c9cologique a lanc\u00e9, le mardi 25 f\u00e9vrier 2025, la r\u00e9vision des Contributions D\u00e9termin\u00e9es au niveau National (CDN 3.0) en vue de la COP30, pr\u00e9vue en novembre prochain \u00e0 Bel\u00e9m, au Br\u00e9sil. Lors de son intervention, le Ministre [&hellip;]<\/p>\n","protected":false},"author":4,"featured_media":37162,"comment_status":"closed","ping_status":"closed","sticky":false,"template":"","format":"standard","meta":{"_monsterinsights_skip_tracking":false,"_monsterinsights_sitenote_active":false,"_monsterinsights_sitenote_note":"","_monsterinsights_sitenote_category":0,"footnotes":""},"categories":[2,18],"tags":[1868,4718,4716,3367,4717],"class_list":["post-37161","post","type-post","status-publish","format-standard","has-post-thumbnail","hentry","category-featured","category-economie","tag-bilan","tag-cdn-3-0","tag-cop","tag-environnement","tag-le-ministre-assahore"],"_links":{"self":[{"href":"https:\/\/www.lintelligentdabidjan.info\/news\/wp-json\/wp\/v2\/posts\/37161","targetHints":{"allow":["GET"]}}],"collection":[{"href":"https:\/\/www.lintelligentdabidjan.info\/news\/wp-json\/wp\/v2\/posts"}],"about":[{"href":"https:\/\/www.lintelligentdabidjan.info\/news\/wp-json\/wp\/v2\/types\/post"}],"author":[{"embeddable":true,"href":"https:\/\/www.lintelligentdabidjan.info\/news\/wp-json\/wp\/v2\/users\/4"}],"replies":[{"embeddable":true,"href":"https:\/\/www.lintelligentdabidjan.info\/news\/wp-json\/wp\/v2\/comments?post=37161"}],"version-history":[{"count":1,"href":"https:\/\/www.lintelligentdabidjan.info\/news\/wp-json\/wp\/v2\/posts\/37161\/revisions"}],"predecessor-version":[{"id":37163,"href":"https:\/\/www.lintelligentdabidjan.info\/news\/wp-json\/wp\/v2\/posts\/37161\/revisions\/37163"}],"wp:featuredmedia":[{"embeddable":true,"href":"https:\/\/www.lintelligentdabidjan.info\/news\/wp-json\/wp\/v2\/media\/37162"}],"wp:attachment":[{"href":"https:\/\/www.lintelligentdabidjan.info\/news\/wp-json\/wp\/v2\/media?parent=37161"}],"wp:term":[{"taxonomy":"category","embeddable":true,"href":"https:\/\/www.lintelligentdabidjan.info\/news\/wp-json\/wp\/v2\/categories?post=37161"},{"taxonomy":"post_tag","embeddable":true,"href":"https:\/\/www.lintelligentdabidjan.info\/news\/wp-json\/wp\/v2\/tags?post=37161"}],"curies":[{"name":"wp","href":"https:\/\/api.w.org\/{rel}","templated":true}]}}